{"id":69,"date":"2026-02-14T14:27:30","date_gmt":"2026-02-14T13:27:30","guid":{"rendered":"https:\/\/gruene-eichstaett.de\/beilngries\/?p=69"},"modified":"2026-02-14T14:27:30","modified_gmt":"2026-02-14T13:27:30","slug":"wahlprogramm-der-gruenen-beilngries","status":"publish","type":"post","link":"https:\/\/gruene-eichstaett.de\/beilngries\/wahlprogramm-der-gruenen-beilngries\/","title":{"rendered":"Wahlprogramm der Gr\u00fcnen Beilngries"},"content":{"rendered":"\n<p>Im Stadtrat Beilngries der n\u00e4chsten Legislaturperiode w\u00fcrden die Gr\u00fcnen Beilngries folgende Themenschwerpunkte setzen.<\/p>\n\n\n\n<figure class=\"wp-block-image size-large\"><img loading=\"lazy\" decoding=\"async\" width=\"736\" height=\"1024\" src=\"http:\/\/gruene-eichstaett.de\/beilngries\/wp-content\/uploads\/sites\/14\/2026\/02\/01F5E0AF-5C1A-44C6-8E4E-5F656739D2B4-736x1024.jpeg\" alt=\"\" class=\"wp-image-63\" srcset=\"https:\/\/gruene-eichstaett.de\/beilngries\/wp-content\/uploads\/sites\/14\/2026\/02\/01F5E0AF-5C1A-44C6-8E4E-5F656739D2B4-736x1024.jpeg 736w, https:\/\/gruene-eichstaett.de\/beilngries\/wp-content\/uploads\/sites\/14\/2026\/02\/01F5E0AF-5C1A-44C6-8E4E-5F656739D2B4-216x300.jpeg 216w, https:\/\/gruene-eichstaett.de\/beilngries\/wp-content\/uploads\/sites\/14\/2026\/02\/01F5E0AF-5C1A-44C6-8E4E-5F656739D2B4-768x1069.jpeg 768w, https:\/\/gruene-eichstaett.de\/beilngries\/wp-content\/uploads\/sites\/14\/2026\/02\/01F5E0AF-5C1A-44C6-8E4E-5F656739D2B4-1104x1536.jpeg 1104w, https:\/\/gruene-eichstaett.de\/beilngries\/wp-content\/uploads\/sites\/14\/2026\/02\/01F5E0AF-5C1A-44C6-8E4E-5F656739D2B4.jpeg 1470w\" sizes=\"auto, (max-width: 736px) 100vw, 736px\" \/><\/figure>\n\n\n\n<figure class=\"wp-block-image size-large\"><img loading=\"lazy\" decoding=\"async\" width=\"711\" height=\"1024\" src=\"http:\/\/gruene-eichstaett.de\/beilngries\/wp-content\/uploads\/sites\/14\/2026\/02\/4E0E3077-8731-4C86-A9CB-651718E04526-711x1024.jpeg\" alt=\"\" class=\"wp-image-64\" srcset=\"https:\/\/gruene-eichstaett.de\/beilngries\/wp-content\/uploads\/sites\/14\/2026\/02\/4E0E3077-8731-4C86-A9CB-651718E04526-711x1024.jpeg 711w, https:\/\/gruene-eichstaett.de\/beilngries\/wp-content\/uploads\/sites\/14\/2026\/02\/4E0E3077-8731-4C86-A9CB-651718E04526-208x300.jpeg 208w, https:\/\/gruene-eichstaett.de\/beilngries\/wp-content\/uploads\/sites\/14\/2026\/02\/4E0E3077-8731-4C86-A9CB-651718E04526-768x1107.jpeg 768w, https:\/\/gruene-eichstaett.de\/beilngries\/wp-content\/uploads\/sites\/14\/2026\/02\/4E0E3077-8731-4C86-A9CB-651718E04526-1066x1536.jpeg 1066w, https:\/\/gruene-eichstaett.de\/beilngries\/wp-content\/uploads\/sites\/14\/2026\/02\/4E0E3077-8731-4C86-A9CB-651718E04526.jpeg 1420w\" sizes=\"auto, (max-width: 711px) 100vw, 711px\" \/><\/figure>\n","protected":false},"excerpt":{"rendered":"<p>Im Stadtrat Beilngries der n\u00e4chsten Legislaturperiode w\u00fcrden die Gr\u00fcnen Beilngries folgende Themenschwerpunkte setzen.<\/p>\n","protected":false},"author":-1,"featured_media":0,"comment_status":"closed","ping_status":"open","sticky":false,"template":"","format":"standard","meta":{"footnotes":""},"categories":[1],"tags":[],"class_list":["post-69","post","type-post","status-publish","format-standard","hentry","category-allgemein"],"yoast_head":"<!-- This site is optimized with the Yoast SEO plugin v27.4 - https:\/\/yoast.com\/product\/yoast-seo-wordpress\/ -->\n<title>Wahlprogramm der Gr\u00fcnen Beilngries - B\u00dcNDNIS 90\/DIE GR\u00dcNEN<\/title>\n<meta name=\"description\" content=\"Themenschwerpunkte der Gr\u00fcnen Beilngries f\u00fcr den Stadtrat ab M\u00e4rz 2026\" \/>\n<meta name=\"robots\" content=\"index, follow, max-snippet:-1, max-image-preview:large, max-video-preview:-1\" \/>\n<link rel=\"canonical\" href=\"https:\/\/gruene-eichstaett.de\/beilngries\/wahlprogramm-der-gruenen-beilngries\/\" \/>\n<meta property=\"og:locale\" content=\"de_DE\" \/>\n<meta property=\"og:type\" content=\"article\" \/>\n<meta property=\"og:title\" content=\"Wahlprogramm der Gr\u00fcnen Beilngries - B\u00dcNDNIS 90\/DIE GR\u00dcNEN\" \/>\n<meta property=\"og:description\" content=\"Themenschwerpunkte der Gr\u00fcnen Beilngries f\u00fcr den Stadtrat ab M\u00e4rz 2026\" \/>\n<meta property=\"og:url\" content=\"https:\/\/gruene-eichstaett.de\/beilngries\/wahlprogramm-der-gruenen-beilngries\/\" \/>\n<meta property=\"og:site_name\" content=\"B\u00dcNDNIS 90\/DIE GR\u00dcNEN\" \/>\n<meta property=\"article:published_time\" content=\"2026-02-14T13:27:30+00:00\" \/>\n<meta property=\"og:image\" content=\"https:\/\/gruene-eichstaett.de\/beilngries\/wp-content\/uploads\/sites\/14\/2026\/02\/01F5E0AF-5C1A-44C6-8E4E-5F656739D2B4.jpeg\" \/>\n\t<meta property=\"og:image:width\" content=\"1470\" \/>\n\t<meta property=\"og:image:height\" content=\"2046\" \/>\n\t<meta property=\"og:image:type\" content=\"image\/jpeg\" \/>\n<meta name=\"author\" content=\"stefansimon\" \/>\n<meta name=\"twitter:card\" content=\"summary_large_image\" \/>\n<meta name=\"twitter:label1\" content=\"Verfasst von\" \/>\n\t<meta name=\"twitter:data1\" content=\"stefansimon\" \/>\n\t<meta name=\"twitter:label2\" content=\"Gesch\u00e4tzte Lesezeit\" \/>\n\t<meta name=\"twitter:data2\" content=\"1\u00a0Minute\" \/>\n<script type=\"application\/ld+json\" class=\"yoast-schema-graph\">{\"@context\":\"https:\\\/\\\/schema.org\",\"@graph\":[{\"@type\":\"Article\",\"@id\":\"https:\\\/\\\/gruene-eichstaett.de\\\/beilngries\\\/wahlprogramm-der-gruenen-beilngries\\\/#article\",\"isPartOf\":{\"@id\":\"https:\\\/\\\/gruene-eichstaett.de\\\/beilngries\\\/wahlprogramm-der-gruenen-beilngries\\\/\"},\"author\":{\"name\":\"stefansimon\",\"@id\":\"https:\\\/\\\/gruene-eichstaett.de\\\/beilngries\\\/#\\\/schema\\\/person\\\/e5e515fa6743ed51cabd0847a9a79202\"},\"headline\":\"Wahlprogramm der Gr\u00fcnen Beilngries\",\"datePublished\":\"2026-02-14T13:27:30+00:00\",\"mainEntityOfPage\":{\"@id\":\"https:\\\/\\\/gruene-eichstaett.de\\\/beilngries\\\/wahlprogramm-der-gruenen-beilngries\\\/\"},\"wordCount\":21,\"image\":{\"@id\":\"https:\\\/\\\/gruene-eichstaett.de\\\/beilngries\\\/wahlprogramm-der-gruenen-beilngries\\\/#primaryimage\"},\"thumbnailUrl\":\"http:\\\/\\\/gruene-eichstaett.de\\\/beilngries\\\/wp-content\\\/uploads\\\/sites\\\/14\\\/2026\\\/02\\\/01F5E0AF-5C1A-44C6-8E4E-5F656739D2B4-736x1024.jpeg\",\"inLanguage\":\"de\"},{\"@type\":\"WebPage\",\"@id\":\"https:\\\/\\\/gruene-eichstaett.de\\\/beilngries\\\/wahlprogramm-der-gruenen-beilngries\\\/\",\"url\":\"https:\\\/\\\/gruene-eichstaett.de\\\/beilngries\\\/wahlprogramm-der-gruenen-beilngries\\\/\",\"name\":\"Wahlprogramm der Gr\u00fcnen Beilngries - B\u00dcNDNIS 90\\\/DIE GR\u00dcNEN\",\"isPartOf\":{\"@id\":\"https:\\\/\\\/gruene-eichstaett.de\\\/beilngries\\\/#website\"},\"primaryImageOfPage\":{\"@id\":\"https:\\\/\\\/gruene-eichstaett.de\\\/beilngries\\\/wahlprogramm-der-gruenen-beilngries\\\/#primaryimage\"},\"image\":{\"@id\":\"https:\\\/\\\/gruene-eichstaett.de\\\/beilngries\\\/wahlprogramm-der-gruenen-beilngries\\\/#primaryimage\"},\"thumbnailUrl\":\"http:\\\/\\\/gruene-eichstaett.de\\\/beilngries\\\/wp-content\\\/uploads\\\/sites\\\/14\\\/2026\\\/02\\\/01F5E0AF-5C1A-44C6-8E4E-5F656739D2B4-736x1024.jpeg\",\"datePublished\":\"2026-02-14T13:27:30+00:00\",\"author\":{\"@id\":\"https:\\\/\\\/gruene-eichstaett.de\\\/beilngries\\\/#\\\/schema\\\/person\\\/e5e515fa6743ed51cabd0847a9a79202\"},\"description\":\"Themenschwerpunkte der Gr\u00fcnen Beilngries f\u00fcr den Stadtrat ab M\u00e4rz 2026\",\"breadcrumb\":{\"@id\":\"https:\\\/\\\/gruene-eichstaett.de\\\/beilngries\\\/wahlprogramm-der-gruenen-beilngries\\\/#breadcrumb\"},\"inLanguage\":\"de\",\"potentialAction\":[{\"@type\":\"ReadAction\",\"target\":[\"https:\\\/\\\/gruene-eichstaett.de\\\/beilngries\\\/wahlprogramm-der-gruenen-beilngries\\\/\"]}]},{\"@type\":\"ImageObject\",\"inLanguage\":\"de\",\"@id\":\"https:\\\/\\\/gruene-eichstaett.de\\\/beilngries\\\/wahlprogramm-der-gruenen-beilngries\\\/#primaryimage\",\"url\":\"https:\\\/\\\/gruene-eichstaett.de\\\/beilngries\\\/wp-content\\\/uploads\\\/sites\\\/14\\\/2026\\\/02\\\/01F5E0AF-5C1A-44C6-8E4E-5F656739D2B4.jpeg\",\"contentUrl\":\"https:\\\/\\\/gruene-eichstaett.de\\\/beilngries\\\/wp-content\\\/uploads\\\/sites\\\/14\\\/2026\\\/02\\\/01F5E0AF-5C1A-44C6-8E4E-5F656739D2B4.jpeg\",\"width\":1470,\"height\":2046},{\"@type\":\"BreadcrumbList\",\"@id\":\"https:\\\/\\\/gruene-eichstaett.de\\\/beilngries\\\/wahlprogramm-der-gruenen-beilngries\\\/#breadcrumb\",\"itemListElement\":[{\"@type\":\"ListItem\",\"position\":1,\"name\":\"Startseite\",\"item\":\"https:\\\/\\\/gruene-eichstaett.de\\\/beilngries\\\/\"},{\"@type\":\"ListItem\",\"position\":2,\"name\":\"Wahlprogramm der Gr\u00fcnen Beilngries\"}]},{\"@type\":\"WebSite\",\"@id\":\"https:\\\/\\\/gruene-eichstaett.de\\\/beilngries\\\/#website\",\"url\":\"https:\\\/\\\/gruene-eichstaett.de\\\/beilngries\\\/\",\"name\":\"B\u00dcNDNIS 90\\\/DIE GR\u00dcNEN\",\"description\":\"OV Beilngries\",\"potentialAction\":[{\"@type\":\"SearchAction\",\"target\":{\"@type\":\"EntryPoint\",\"urlTemplate\":\"https:\\\/\\\/gruene-eichstaett.de\\\/beilngries\\\/?s={search_term_string}\"},\"query-input\":{\"@type\":\"PropertyValueSpecification\",\"valueRequired\":true,\"valueName\":\"search_term_string\"}}],\"inLanguage\":\"de\"},{\"@type\":\"Person\",\"@id\":\"https:\\\/\\\/gruene-eichstaett.de\\\/beilngries\\\/#\\\/schema\\\/person\\\/e5e515fa6743ed51cabd0847a9a79202\",\"name\":\"stefansimon\",\"url\":\"https:\\\/\\\/gruene-eichstaett.de\\\/beilngries\\\/author\\\/stefansimon\\\/\"}]}<\/script>\n<!-- \/ Yoast SEO plugin. -->","yoast_head_json":{"title":"Wahlprogramm der Gr\u00fcnen Beilngries - B\u00dcNDNIS 90\/DIE GR\u00dcNEN","description":"Themenschwerpunkte der Gr\u00fcnen Beilngries f\u00fcr den Stadtrat ab M\u00e4rz 2026","robots":{"index":"index","follow":"follow","max-snippet":"max-snippet:-1","max-image-preview":"max-image-preview:large","max-video-preview":"max-video-preview:-1"},"canonical":"https:\/\/gruene-eichstaett.de\/beilngries\/wahlprogramm-der-gruenen-beilngries\/","og_locale":"de_DE","og_type":"article","og_title":"Wahlprogramm der Gr\u00fcnen Beilngries - B\u00dcNDNIS 90\/DIE GR\u00dcNEN","og_description":"Themenschwerpunkte der Gr\u00fcnen Beilngries f\u00fcr den Stadtrat ab M\u00e4rz 2026","og_url":"https:\/\/gruene-eichstaett.de\/beilngries\/wahlprogramm-der-gruenen-beilngries\/","og_site_name":"B\u00dcNDNIS 90\/DIE GR\u00dcNEN","article_published_time":"2026-02-14T13:27:30+00:00","og_image":[{"width":1470,"height":2046,"url":"https:\/\/gruene-eichstaett.de\/beilngries\/wp-content\/uploads\/sites\/14\/2026\/02\/01F5E0AF-5C1A-44C6-8E4E-5F656739D2B4.jpeg","type":"image\/jpeg"}],"author":"stefansimon","twitter_card":"summary_large_image","twitter_misc":{"Verfasst von":"stefansimon","Gesch\u00e4tzte Lesezeit":"1\u00a0Minute"},"schema":{"@context":"https:\/\/schema.org","@graph":[{"@type":"Article","@id":"https:\/\/gruene-eichstaett.de\/beilngries\/wahlprogramm-der-gruenen-beilngries\/#article","isPartOf":{"@id":"https:\/\/gruene-eichstaett.de\/beilngries\/wahlprogramm-der-gruenen-beilngries\/"},"author":{"name":"stefansimon","@id":"https:\/\/gruene-eichstaett.de\/beilngries\/#\/schema\/person\/e5e515fa6743ed51cabd0847a9a79202"},"headline":"Wahlprogramm der Gr\u00fcnen Beilngries","datePublished":"2026-02-14T13:27:30+00:00","mainEntityOfPage":{"@id":"https:\/\/gruene-eichstaett.de\/beilngries\/wahlprogramm-der-gruenen-beilngries\/"},"wordCount":21,"image":{"@id":"https:\/\/gruene-eichstaett.de\/beilngries\/wahlprogramm-der-gruenen-beilngries\/#primaryimage"},"thumbnailUrl":"http:\/\/gruene-eichstaett.de\/beilngries\/wp-content\/uploads\/sites\/14\/2026\/02\/01F5E0AF-5C1A-44C6-8E4E-5F656739D2B4-736x1024.jpeg","inLanguage":"de"},{"@type":"WebPage","@id":"https:\/\/gruene-eichstaett.de\/beilngries\/wahlprogramm-der-gruenen-beilngries\/","url":"https:\/\/gruene-eichstaett.de\/beilngries\/wahlprogramm-der-gruenen-beilngries\/","name":"Wahlprogramm der Gr\u00fcnen Beilngries - B\u00dcNDNIS 90\/DIE GR\u00dcNEN","isPartOf":{"@id":"https:\/\/gruene-eichstaett.de\/beilngries\/#website"},"primaryImageOfPage":{"@id":"https:\/\/gruene-eichstaett.de\/beilngries\/wahlprogramm-der-gruenen-beilngries\/#primaryimage"},"image":{"@id":"https:\/\/gruene-eichstaett.de\/beilngries\/wahlprogramm-der-gruenen-beilngries\/#primaryimage"},"thumbnailUrl":"http:\/\/gruene-eichstaett.de\/beilngries\/wp-content\/uploads\/sites\/14\/2026\/02\/01F5E0AF-5C1A-44C6-8E4E-5F656739D2B4-736x1024.jpeg","datePublished":"2026-02-14T13:27:30+00:00","author":{"@id":"https:\/\/gruene-eichstaett.de\/beilngries\/#\/schema\/person\/e5e515fa6743ed51cabd0847a9a79202"},"description":"Themenschwerpunkte der Gr\u00fcnen Beilngries f\u00fcr den Stadtrat ab M\u00e4rz 2026","breadcrumb":{"@id":"https:\/\/gruene-eichstaett.de\/beilngries\/wahlprogramm-der-gruenen-beilngries\/#breadcrumb"},"inLanguage":"de","potentialAction":[{"@type":"ReadAction","target":["https:\/\/gruene-eichstaett.de\/beilngries\/wahlprogramm-der-gruenen-beilngries\/"]}]},{"@type":"ImageObject","inLanguage":"de","@id":"https:\/\/gruene-eichstaett.de\/beilngries\/wahlprogramm-der-gruenen-beilngries\/#primaryimage","url":"https:\/\/gruene-eichstaett.de\/beilngries\/wp-content\/uploads\/sites\/14\/2026\/02\/01F5E0AF-5C1A-44C6-8E4E-5F656739D2B4.jpeg","contentUrl":"https:\/\/gruene-eichstaett.de\/beilngries\/wp-content\/uploads\/sites\/14\/2026\/02\/01F5E0AF-5C1A-44C6-8E4E-5F656739D2B4.jpeg","width":1470,"height":2046},{"@type":"BreadcrumbList","@id":"https:\/\/gruene-eichstaett.de\/beilngries\/wahlprogramm-der-gruenen-beilngries\/#breadcrumb","itemListElement":[{"@type":"ListItem","position":1,"name":"Startseite","item":"https:\/\/gruene-eichstaett.de\/beilngries\/"},{"@type":"ListItem","position":2,"name":"Wahlprogramm der Gr\u00fcnen Beilngries"}]},{"@type":"WebSite","@id":"https:\/\/gruene-eichstaett.de\/beilngries\/#website","url":"https:\/\/gruene-eichstaett.de\/beilngries\/","name":"B\u00dcNDNIS 90\/DIE GR\u00dcNEN","description":"OV Beilngries","potentialAction":[{"@type":"SearchAction","target":{"@type":"EntryPoint","urlTemplate":"https:\/\/gruene-eichstaett.de\/beilngries\/?s={search_term_string}"},"query-input":{"@type":"PropertyValueSpecification","valueRequired":true,"valueName":"search_term_string"}}],"inLanguage":"de"},{"@type":"Person","@id":"https:\/\/gruene-eichstaett.de\/beilngries\/#\/schema\/person\/e5e515fa6743ed51cabd0847a9a79202","name":"stefansimon","url":"https:\/\/gruene-eichstaett.de\/beilngries\/author\/stefansimon\/"}]}},"_links":{"self":[{"href":"https:\/\/gruene-eichstaett.de\/beilngries\/wp-json\/wp\/v2\/posts\/69","targetHints":{"allow":["GET"]}}],"collection":[{"href":"https:\/\/gruene-eichstaett.de\/beilngries\/wp-json\/wp\/v2\/posts"}],"about":[{"href":"https:\/\/gruene-eichstaett.de\/beilngries\/wp-json\/wp\/v2\/types\/post"}],"author":[{"embeddable":true,"href":"https:\/\/gruene-eichstaett.de\/beilngries\/wp-json\/wp\/v2\/users\/21"}],"replies":[{"embeddable":true,"href":"https:\/\/gruene-eichstaett.de\/beilngries\/wp-json\/wp\/v2\/comments?post=69"}],"version-history":[{"count":1,"href":"https:\/\/gruene-eichstaett.de\/beilngries\/wp-json\/wp\/v2\/posts\/69\/revisions"}],"predecessor-version":[{"id":70,"href":"https:\/\/gruene-eichstaett.de\/beilngries\/wp-json\/wp\/v2\/posts\/69\/revisions\/70"}],"wp:attachment":[{"href":"https:\/\/gruene-eichstaett.de\/beilngries\/wp-json\/wp\/v2\/media?parent=69"}],"wp:term":[{"taxonomy":"category","embeddable":true,"href":"https:\/\/gruene-eichstaett.de\/beilngries\/wp-json\/wp\/v2\/categories?post=69"},{"taxonomy":"post_tag","embeddable":true,"href":"https:\/\/gruene-eichstaett.de\/beilngries\/wp-json\/wp\/v2\/tags?post=69"}],"curies":[{"name":"wp","href":"https:\/\/api.w.org\/{rel}","templated":true}]}}