{"id":171,"date":"2022-12-15T22:21:51","date_gmt":"2022-12-15T21:21:51","guid":{"rendered":"https:\/\/gruene-eichstaett.de\/denkendorf-stammham\/?p=171"},"modified":"2024-05-07T12:01:16","modified_gmt":"2024-05-07T10:01:16","slug":"besuch-beim-biohof-vogl","status":"publish","type":"post","link":"https:\/\/gruene-eichstaett.de\/denkendorf-stammham\/besuch-beim-biohof-vogl\/","title":{"rendered":"Besuch beim Biohof Vogl am 10.06.2023"},"content":{"rendered":"\n<blockquote class=\"wp-block-quote is-layout-flow wp-block-quote-is-layout-flow\">\n<p><\/p>\n<\/blockquote>\n\n\n\n<p>Biohof Vogl,<\/p>\n\n\n\n<p>Wir stehen f\u00fcr eine nachhaltige, ressourcenschonende Landwirtschaft mit \u00fcberdurchschnittlichen Tierwohlstandards. Dies spiegelt sich auch in unserem 2021 neu gebauten H\u00fchnerstall f\u00fcr 6000 Legehennen wieder. Das Besondere? Keine Betonbauten wie \u00fcblich, sondern aus Holz vom eigenen Wald. F\u00fcr die restliche Konstruktion der St\u00e4lle haben wir nur Baufirmen im Umkreis von 10 km beauftragt.<\/p>\n\n\n\n<p>Regional, \u00f6kologisch und nachhaltig!<\/p>\n\n\n\n<p>Wir freuen uns, Ihnen unseren Biohof vorstellen zu d\u00fcrfen<\/p>\n\n\n\n<p><strong>Datum: 10.06.2023<br>Uhrzeit: 16:00 Uhr<br>Treffpunkt: Am Biohof Vogl<\/strong><\/p>\n\n\n\n<p><a href=\"https:\/\/www.diebiohennen.de\/die-bauern\/bauernhof-vogl\/\">https:\/\/www.diebiohennen.de\/die-bauern\/bauernhof-vogl\/<\/a><\/p>\n\n\n\n<p>Vogl Biohof GbR<br>Kirchplatz 4<br>85095 Denkendorf OT Bitz<br>Mobile: 0151 &#8211; 403 265 44<\/p>\n\n\n\n<p>Anmeldung unter: <a href=\"#\" data-unscramble=\"3202.60.0102%lgoV02%fohoiB=tcejbus?ed.tteatshcie-eneurg@mahmmats-frodnekned\">denkendorf-stammham@gruene-eichstaett.de<\/a><\/p>\n\n\n\n<figure class=\"wp-block-image size-large\"><img loading=\"lazy\" decoding=\"async\" width=\"683\" height=\"1024\" src=\"https:\/\/gruene-eichstaett.de\/denkendorf-stammham\/wp-content\/uploads\/sites\/3\/2024\/05\/IMG_4299-683x1024.jpg\" alt=\"\" class=\"wp-image-373\" srcset=\"https:\/\/gruene-eichstaett.de\/denkendorf-stammham\/wp-content\/uploads\/sites\/3\/2024\/05\/IMG_4299-683x1024.jpg 683w, https:\/\/gruene-eichstaett.de\/denkendorf-stammham\/wp-content\/uploads\/sites\/3\/2024\/05\/IMG_4299-200x300.jpg 200w, https:\/\/gruene-eichstaett.de\/denkendorf-stammham\/wp-content\/uploads\/sites\/3\/2024\/05\/IMG_4299-768x1152.jpg 768w, https:\/\/gruene-eichstaett.de\/denkendorf-stammham\/wp-content\/uploads\/sites\/3\/2024\/05\/IMG_4299-1024x1536.jpg 1024w, https:\/\/gruene-eichstaett.de\/denkendorf-stammham\/wp-content\/uploads\/sites\/3\/2024\/05\/IMG_4299-1365x2048.jpg 1365w, https:\/\/gruene-eichstaett.de\/denkendorf-stammham\/wp-content\/uploads\/sites\/3\/2024\/05\/IMG_4299-scaled.jpg 1707w\" sizes=\"auto, (max-width: 683px) 100vw, 683px\" \/><\/figure>\n\n\n\n<figure class=\"wp-block-image size-large\"><img loading=\"lazy\" decoding=\"async\" width=\"683\" height=\"1024\" src=\"https:\/\/gruene-eichstaett.de\/denkendorf-stammham\/wp-content\/uploads\/sites\/3\/2024\/05\/IMG_4326-683x1024.jpg\" alt=\"\" class=\"wp-image-375\" srcset=\"https:\/\/gruene-eichstaett.de\/denkendorf-stammham\/wp-content\/uploads\/sites\/3\/2024\/05\/IMG_4326-683x1024.jpg 683w, https:\/\/gruene-eichstaett.de\/denkendorf-stammham\/wp-content\/uploads\/sites\/3\/2024\/05\/IMG_4326-200x300.jpg 200w, https:\/\/gruene-eichstaett.de\/denkendorf-stammham\/wp-content\/uploads\/sites\/3\/2024\/05\/IMG_4326-768x1152.jpg 768w, https:\/\/gruene-eichstaett.de\/denkendorf-stammham\/wp-content\/uploads\/sites\/3\/2024\/05\/IMG_4326-1024x1536.jpg 1024w, https:\/\/gruene-eichstaett.de\/denkendorf-stammham\/wp-content\/uploads\/sites\/3\/2024\/05\/IMG_4326-1365x2048.jpg 1365w, https:\/\/gruene-eichstaett.de\/denkendorf-stammham\/wp-content\/uploads\/sites\/3\/2024\/05\/IMG_4326-scaled.jpg 1707w\" sizes=\"auto, (max-width: 683px) 100vw, 683px\" \/><\/figure>\n\n\n\n<figure class=\"wp-block-image size-large\"><img loading=\"lazy\" decoding=\"async\" width=\"683\" height=\"1024\" src=\"https:\/\/gruene-eichstaett.de\/denkendorf-stammham\/wp-content\/uploads\/sites\/3\/2024\/05\/IMG_4452-683x1024.jpg\" alt=\"\" class=\"wp-image-376\" srcset=\"https:\/\/gruene-eichstaett.de\/denkendorf-stammham\/wp-content\/uploads\/sites\/3\/2024\/05\/IMG_4452-683x1024.jpg 683w, https:\/\/gruene-eichstaett.de\/denkendorf-stammham\/wp-content\/uploads\/sites\/3\/2024\/05\/IMG_4452-200x300.jpg 200w, https:\/\/gruene-eichstaett.de\/denkendorf-stammham\/wp-content\/uploads\/sites\/3\/2024\/05\/IMG_4452-768x1152.jpg 768w, https:\/\/gruene-eichstaett.de\/denkendorf-stammham\/wp-content\/uploads\/sites\/3\/2024\/05\/IMG_4452-1024x1536.jpg 1024w, https:\/\/gruene-eichstaett.de\/denkendorf-stammham\/wp-content\/uploads\/sites\/3\/2024\/05\/IMG_4452-1365x2048.jpg 1365w, https:\/\/gruene-eichstaett.de\/denkendorf-stammham\/wp-content\/uploads\/sites\/3\/2024\/05\/IMG_4452-scaled.jpg 1707w\" sizes=\"auto, (max-width: 683px) 100vw, 683px\" \/><\/figure>\n\n\n\n<figure class=\"wp-block-image size-large\"><img loading=\"lazy\" decoding=\"async\" width=\"683\" height=\"1024\" src=\"https:\/\/gruene-eichstaett.de\/denkendorf-stammham\/wp-content\/uploads\/sites\/3\/2024\/05\/IMG_4502-683x1024.jpg\" alt=\"\" class=\"wp-image-377\" srcset=\"https:\/\/gruene-eichstaett.de\/denkendorf-stammham\/wp-content\/uploads\/sites\/3\/2024\/05\/IMG_4502-683x1024.jpg 683w, https:\/\/gruene-eichstaett.de\/denkendorf-stammham\/wp-content\/uploads\/sites\/3\/2024\/05\/IMG_4502-200x300.jpg 200w, https:\/\/gruene-eichstaett.de\/denkendorf-stammham\/wp-content\/uploads\/sites\/3\/2024\/05\/IMG_4502-768x1152.jpg 768w, https:\/\/gruene-eichstaett.de\/denkendorf-stammham\/wp-content\/uploads\/sites\/3\/2024\/05\/IMG_4502-1024x1536.jpg 1024w, https:\/\/gruene-eichstaett.de\/denkendorf-stammham\/wp-content\/uploads\/sites\/3\/2024\/05\/IMG_4502-1365x2048.jpg 1365w, https:\/\/gruene-eichstaett.de\/denkendorf-stammham\/wp-content\/uploads\/sites\/3\/2024\/05\/IMG_4502-scaled.jpg 1707w\" sizes=\"auto, (max-width: 683px) 100vw, 683px\" \/><\/figure>\n\n\n\n<figure class=\"wp-block-image size-large\"><img loading=\"lazy\" decoding=\"async\" width=\"683\" height=\"1024\" src=\"https:\/\/gruene-eichstaett.de\/denkendorf-stammham\/wp-content\/uploads\/sites\/3\/2024\/05\/IMG_4694-683x1024.jpg\" alt=\"\" class=\"wp-image-378\" srcset=\"https:\/\/gruene-eichstaett.de\/denkendorf-stammham\/wp-content\/uploads\/sites\/3\/2024\/05\/IMG_4694-683x1024.jpg 683w, https:\/\/gruene-eichstaett.de\/denkendorf-stammham\/wp-content\/uploads\/sites\/3\/2024\/05\/IMG_4694-200x300.jpg 200w, https:\/\/gruene-eichstaett.de\/denkendorf-stammham\/wp-content\/uploads\/sites\/3\/2024\/05\/IMG_4694-768x1152.jpg 768w, https:\/\/gruene-eichstaett.de\/denkendorf-stammham\/wp-content\/uploads\/sites\/3\/2024\/05\/IMG_4694-1024x1536.jpg 1024w, https:\/\/gruene-eichstaett.de\/denkendorf-stammham\/wp-content\/uploads\/sites\/3\/2024\/05\/IMG_4694-1365x2048.jpg 1365w, https:\/\/gruene-eichstaett.de\/denkendorf-stammham\/wp-content\/uploads\/sites\/3\/2024\/05\/IMG_4694-scaled.jpg 1707w\" sizes=\"auto, (max-width: 683px) 100vw, 683px\" \/><\/figure>\n\n\n\n<figure class=\"wp-block-image size-large\"><img loading=\"lazy\" decoding=\"async\" width=\"1024\" height=\"683\" src=\"https:\/\/gruene-eichstaett.de\/denkendorf-stammham\/wp-content\/uploads\/sites\/3\/2024\/05\/IMG_4614-1024x683.jpg\" alt=\"\" class=\"wp-image-379\" srcset=\"https:\/\/gruene-eichstaett.de\/denkendorf-stammham\/wp-content\/uploads\/sites\/3\/2024\/05\/IMG_4614-1024x683.jpg 1024w, https:\/\/gruene-eichstaett.de\/denkendorf-stammham\/wp-content\/uploads\/sites\/3\/2024\/05\/IMG_4614-300x200.jpg 300w, https:\/\/gruene-eichstaett.de\/denkendorf-stammham\/wp-content\/uploads\/sites\/3\/2024\/05\/IMG_4614-768x512.jpg 768w, https:\/\/gruene-eichstaett.de\/denkendorf-stammham\/wp-content\/uploads\/sites\/3\/2024\/05\/IMG_4614-1536x1024.jpg 1536w, https:\/\/gruene-eichstaett.de\/denkendorf-stammham\/wp-content\/uploads\/sites\/3\/2024\/05\/IMG_4614-2048x1365.jpg 2048w\" sizes=\"auto, (max-width: 1024px) 100vw, 1024px\" \/><\/figure>\n\n\n\n<figure class=\"wp-block-image size-large\"><img loading=\"lazy\" decoding=\"async\" width=\"1024\" height=\"683\" src=\"https:\/\/gruene-eichstaett.de\/denkendorf-stammham\/wp-content\/uploads\/sites\/3\/2024\/05\/IMG_4756-1024x683.jpg\" alt=\"\" class=\"wp-image-380\" srcset=\"https:\/\/gruene-eichstaett.de\/denkendorf-stammham\/wp-content\/uploads\/sites\/3\/2024\/05\/IMG_4756-1024x683.jpg 1024w, https:\/\/gruene-eichstaett.de\/denkendorf-stammham\/wp-content\/uploads\/sites\/3\/2024\/05\/IMG_4756-300x200.jpg 300w, https:\/\/gruene-eichstaett.de\/denkendorf-stammham\/wp-content\/uploads\/sites\/3\/2024\/05\/IMG_4756-768x512.jpg 768w, https:\/\/gruene-eichstaett.de\/denkendorf-stammham\/wp-content\/uploads\/sites\/3\/2024\/05\/IMG_4756-1536x1024.jpg 1536w, https:\/\/gruene-eichstaett.de\/denkendorf-stammham\/wp-content\/uploads\/sites\/3\/2024\/05\/IMG_4756-2048x1365.jpg 2048w\" sizes=\"auto, (max-width: 1024px) 100vw, 1024px\" \/><\/figure>\n\n\n\n<figure class=\"wp-block-image size-large\"><img loading=\"lazy\" decoding=\"async\" width=\"1024\" height=\"683\" src=\"https:\/\/gruene-eichstaett.de\/denkendorf-stammham\/wp-content\/uploads\/sites\/3\/2024\/05\/IMG_4883-1024x683.jpg\" alt=\"\" class=\"wp-image-381\" srcset=\"https:\/\/gruene-eichstaett.de\/denkendorf-stammham\/wp-content\/uploads\/sites\/3\/2024\/05\/IMG_4883-1024x683.jpg 1024w, https:\/\/gruene-eichstaett.de\/denkendorf-stammham\/wp-content\/uploads\/sites\/3\/2024\/05\/IMG_4883-300x200.jpg 300w, https:\/\/gruene-eichstaett.de\/denkendorf-stammham\/wp-content\/uploads\/sites\/3\/2024\/05\/IMG_4883-768x512.jpg 768w, https:\/\/gruene-eichstaett.de\/denkendorf-stammham\/wp-content\/uploads\/sites\/3\/2024\/05\/IMG_4883-1536x1024.jpg 1536w, https:\/\/gruene-eichstaett.de\/denkendorf-stammham\/wp-content\/uploads\/sites\/3\/2024\/05\/IMG_4883-2048x1365.jpg 2048w\" sizes=\"auto, (max-width: 1024px) 100vw, 1024px\" \/><\/figure>\n\n\n\n<figure class=\"wp-block-image size-large\"><img loading=\"lazy\" decoding=\"async\" width=\"683\" height=\"1024\" src=\"https:\/\/gruene-eichstaett.de\/denkendorf-stammham\/wp-content\/uploads\/sites\/3\/2024\/05\/IMG_5094-683x1024.jpg\" alt=\"\" class=\"wp-image-382\" srcset=\"https:\/\/gruene-eichstaett.de\/denkendorf-stammham\/wp-content\/uploads\/sites\/3\/2024\/05\/IMG_5094-683x1024.jpg 683w, https:\/\/gruene-eichstaett.de\/denkendorf-stammham\/wp-content\/uploads\/sites\/3\/2024\/05\/IMG_5094-200x300.jpg 200w, https:\/\/gruene-eichstaett.de\/denkendorf-stammham\/wp-content\/uploads\/sites\/3\/2024\/05\/IMG_5094-768x1152.jpg 768w, https:\/\/gruene-eichstaett.de\/denkendorf-stammham\/wp-content\/uploads\/sites\/3\/2024\/05\/IMG_5094-1024x1536.jpg 1024w, https:\/\/gruene-eichstaett.de\/denkendorf-stammham\/wp-content\/uploads\/sites\/3\/2024\/05\/IMG_5094-1365x2048.jpg 1365w, https:\/\/gruene-eichstaett.de\/denkendorf-stammham\/wp-content\/uploads\/sites\/3\/2024\/05\/IMG_5094-scaled.jpg 1707w\" sizes=\"auto, (max-width: 683px) 100vw, 683px\" \/><\/figure>\n\n\n\n<figure class=\"wp-block-image size-large\"><img loading=\"lazy\" decoding=\"async\" width=\"683\" height=\"1024\" src=\"https:\/\/gruene-eichstaett.de\/denkendorf-stammham\/wp-content\/uploads\/sites\/3\/2024\/05\/IMG_4875-683x1024.jpg\" alt=\"\" class=\"wp-image-390\" srcset=\"https:\/\/gruene-eichstaett.de\/denkendorf-stammham\/wp-content\/uploads\/sites\/3\/2024\/05\/IMG_4875-683x1024.jpg 683w, https:\/\/gruene-eichstaett.de\/denkendorf-stammham\/wp-content\/uploads\/sites\/3\/2024\/05\/IMG_4875-200x300.jpg 200w, https:\/\/gruene-eichstaett.de\/denkendorf-stammham\/wp-content\/uploads\/sites\/3\/2024\/05\/IMG_4875-768x1152.jpg 768w, https:\/\/gruene-eichstaett.de\/denkendorf-stammham\/wp-content\/uploads\/sites\/3\/2024\/05\/IMG_4875-1024x1536.jpg 1024w, https:\/\/gruene-eichstaett.de\/denkendorf-stammham\/wp-content\/uploads\/sites\/3\/2024\/05\/IMG_4875-1365x2048.jpg 1365w, https:\/\/gruene-eichstaett.de\/denkendorf-stammham\/wp-content\/uploads\/sites\/3\/2024\/05\/IMG_4875-scaled.jpg 1707w\" sizes=\"auto, (max-width: 683px) 100vw, 683px\" \/><\/figure>\n\n\n\n<figure class=\"wp-block-image size-large\"><img loading=\"lazy\" decoding=\"async\" width=\"1024\" height=\"683\" src=\"https:\/\/gruene-eichstaett.de\/denkendorf-stammham\/wp-content\/uploads\/sites\/3\/2024\/05\/IMG_5110-1024x683.jpg\" alt=\"\" class=\"wp-image-383\" srcset=\"https:\/\/gruene-eichstaett.de\/denkendorf-stammham\/wp-content\/uploads\/sites\/3\/2024\/05\/IMG_5110-1024x683.jpg 1024w, https:\/\/gruene-eichstaett.de\/denkendorf-stammham\/wp-content\/uploads\/sites\/3\/2024\/05\/IMG_5110-300x200.jpg 300w, https:\/\/gruene-eichstaett.de\/denkendorf-stammham\/wp-content\/uploads\/sites\/3\/2024\/05\/IMG_5110-768x512.jpg 768w, https:\/\/gruene-eichstaett.de\/denkendorf-stammham\/wp-content\/uploads\/sites\/3\/2024\/05\/IMG_5110-1536x1024.jpg 1536w, https:\/\/gruene-eichstaett.de\/denkendorf-stammham\/wp-content\/uploads\/sites\/3\/2024\/05\/IMG_5110-2048x1365.jpg 2048w\" sizes=\"auto, (max-width: 1024px) 100vw, 1024px\" \/><\/figure>\n\n\n\n<figure class=\"wp-block-image size-large\"><img loading=\"lazy\" decoding=\"async\" width=\"683\" height=\"1024\" src=\"https:\/\/gruene-eichstaett.de\/denkendorf-stammham\/wp-content\/uploads\/sites\/3\/2024\/05\/IMG_5266-683x1024.jpg\" alt=\"\" class=\"wp-image-384\" srcset=\"https:\/\/gruene-eichstaett.de\/denkendorf-stammham\/wp-content\/uploads\/sites\/3\/2024\/05\/IMG_5266-683x1024.jpg 683w, https:\/\/gruene-eichstaett.de\/denkendorf-stammham\/wp-content\/uploads\/sites\/3\/2024\/05\/IMG_5266-200x300.jpg 200w, https:\/\/gruene-eichstaett.de\/denkendorf-stammham\/wp-content\/uploads\/sites\/3\/2024\/05\/IMG_5266-768x1152.jpg 768w, https:\/\/gruene-eichstaett.de\/denkendorf-stammham\/wp-content\/uploads\/sites\/3\/2024\/05\/IMG_5266-1024x1536.jpg 1024w, https:\/\/gruene-eichstaett.de\/denkendorf-stammham\/wp-content\/uploads\/sites\/3\/2024\/05\/IMG_5266-1365x2048.jpg 1365w, https:\/\/gruene-eichstaett.de\/denkendorf-stammham\/wp-content\/uploads\/sites\/3\/2024\/05\/IMG_5266-scaled.jpg 1707w\" sizes=\"auto, (max-width: 683px) 100vw, 683px\" \/><\/figure>\n\n\n\n<figure class=\"wp-block-image size-large\"><img loading=\"lazy\" decoding=\"async\" width=\"1024\" height=\"683\" src=\"https:\/\/gruene-eichstaett.de\/denkendorf-stammham\/wp-content\/uploads\/sites\/3\/2024\/05\/IMG_5288-1024x683.jpg\" alt=\"\" class=\"wp-image-385\" srcset=\"https:\/\/gruene-eichstaett.de\/denkendorf-stammham\/wp-content\/uploads\/sites\/3\/2024\/05\/IMG_5288-1024x683.jpg 1024w, https:\/\/gruene-eichstaett.de\/denkendorf-stammham\/wp-content\/uploads\/sites\/3\/2024\/05\/IMG_5288-300x200.jpg 300w, https:\/\/gruene-eichstaett.de\/denkendorf-stammham\/wp-content\/uploads\/sites\/3\/2024\/05\/IMG_5288-768x512.jpg 768w, https:\/\/gruene-eichstaett.de\/denkendorf-stammham\/wp-content\/uploads\/sites\/3\/2024\/05\/IMG_5288-1536x1024.jpg 1536w, https:\/\/gruene-eichstaett.de\/denkendorf-stammham\/wp-content\/uploads\/sites\/3\/2024\/05\/IMG_5288-2048x1365.jpg 2048w\" sizes=\"auto, (max-width: 1024px) 100vw, 1024px\" \/><\/figure>\n\n\n\n<figure class=\"wp-block-image size-large\"><img loading=\"lazy\" decoding=\"async\" width=\"1024\" height=\"683\" src=\"https:\/\/gruene-eichstaett.de\/denkendorf-stammham\/wp-content\/uploads\/sites\/3\/2024\/05\/IMG_5355-1024x683.jpg\" alt=\"\" class=\"wp-image-386\" srcset=\"https:\/\/gruene-eichstaett.de\/denkendorf-stammham\/wp-content\/uploads\/sites\/3\/2024\/05\/IMG_5355-1024x683.jpg 1024w, https:\/\/gruene-eichstaett.de\/denkendorf-stammham\/wp-content\/uploads\/sites\/3\/2024\/05\/IMG_5355-300x200.jpg 300w, https:\/\/gruene-eichstaett.de\/denkendorf-stammham\/wp-content\/uploads\/sites\/3\/2024\/05\/IMG_5355-768x512.jpg 768w, https:\/\/gruene-eichstaett.de\/denkendorf-stammham\/wp-content\/uploads\/sites\/3\/2024\/05\/IMG_5355-1536x1024.jpg 1536w, https:\/\/gruene-eichstaett.de\/denkendorf-stammham\/wp-content\/uploads\/sites\/3\/2024\/05\/IMG_5355-2048x1365.jpg 2048w\" sizes=\"auto, (max-width: 1024px) 100vw, 1024px\" \/><\/figure>\n\n\n\n<figure class=\"wp-block-image size-large\"><img loading=\"lazy\" decoding=\"async\" width=\"1024\" height=\"683\" src=\"https:\/\/gruene-eichstaett.de\/denkendorf-stammham\/wp-content\/uploads\/sites\/3\/2024\/05\/IMG_5418-1024x683.jpg\" alt=\"\" class=\"wp-image-387\" srcset=\"https:\/\/gruene-eichstaett.de\/denkendorf-stammham\/wp-content\/uploads\/sites\/3\/2024\/05\/IMG_5418-1024x683.jpg 1024w, https:\/\/gruene-eichstaett.de\/denkendorf-stammham\/wp-content\/uploads\/sites\/3\/2024\/05\/IMG_5418-300x200.jpg 300w, https:\/\/gruene-eichstaett.de\/denkendorf-stammham\/wp-content\/uploads\/sites\/3\/2024\/05\/IMG_5418-768x512.jpg 768w, https:\/\/gruene-eichstaett.de\/denkendorf-stammham\/wp-content\/uploads\/sites\/3\/2024\/05\/IMG_5418-1536x1024.jpg 1536w, https:\/\/gruene-eichstaett.de\/denkendorf-stammham\/wp-content\/uploads\/sites\/3\/2024\/05\/IMG_5418-2048x1365.jpg 2048w\" sizes=\"auto, (max-width: 1024px) 100vw, 1024px\" \/><\/figure>\n\n\n\n<figure class=\"wp-block-image size-large\"><img loading=\"lazy\" decoding=\"async\" width=\"1024\" height=\"683\" src=\"https:\/\/gruene-eichstaett.de\/denkendorf-stammham\/wp-content\/uploads\/sites\/3\/2024\/05\/IMG_5341-1024x683.jpg\" alt=\"\" class=\"wp-image-388\" srcset=\"https:\/\/gruene-eichstaett.de\/denkendorf-stammham\/wp-content\/uploads\/sites\/3\/2024\/05\/IMG_5341-1024x683.jpg 1024w, https:\/\/gruene-eichstaett.de\/denkendorf-stammham\/wp-content\/uploads\/sites\/3\/2024\/05\/IMG_5341-300x200.jpg 300w, https:\/\/gruene-eichstaett.de\/denkendorf-stammham\/wp-content\/uploads\/sites\/3\/2024\/05\/IMG_5341-768x512.jpg 768w, https:\/\/gruene-eichstaett.de\/denkendorf-stammham\/wp-content\/uploads\/sites\/3\/2024\/05\/IMG_5341-1536x1024.jpg 1536w, https:\/\/gruene-eichstaett.de\/denkendorf-stammham\/wp-content\/uploads\/sites\/3\/2024\/05\/IMG_5341-2048x1365.jpg 2048w\" sizes=\"auto, (max-width: 1024px) 100vw, 1024px\" \/><\/figure>\n","protected":false},"excerpt":{"rendered":"<p>Wir stehen f\u00fcr eine nachhaltige, ressourcenschonende Landwirtschaft mit \u00fcberdurchschnittlichen Tierwohlstandards. Dies spiegelt sich auch in unserem 2021 neu gebauten H\u00fchnerstall f\u00fcr 6000 Legehennen wieder. Das Besondere? Keine Betonbauten wie \u00fcblich, sondern aus Holz vom eigenen Wald. F\u00fcr die restliche Konstruktion der St\u00e4lle haben wir nur Baufirmen im Umkreis von 10 km beauftragt. <\/p>\n","protected":false},"author":-1,"featured_media":372,"comment_status":"open","ping_status":"open","sticky":false,"template":"","format":"standard","meta":{"footnotes":""},"categories":[1],"tags":[],"class_list":["post-171","post","type-post","status-publish","format-standard","has-post-thumbnail","hentry","category-allgemein"],"yoast_head":"<!-- This site is optimized with the Yoast SEO plugin v27.4 - https:\/\/yoast.com\/product\/yoast-seo-wordpress\/ -->\n<title>Besuch beim Biohof Vogl am 10.06.2023 - B\u00dcNDNIS 90\/DIE GR\u00dcNEN<\/title>\n<meta name=\"description\" content=\"Biohof Vogl nachhaltige, ressourcenschonende Landwirtschaft mit \u00fcberdurchschnittlichen Tierwohlstandards. Holz vom eigenen Wald \/ Regional, \u00f6kologisch und nachhaltig\" \/>\n<meta name=\"robots\" content=\"index, follow, max-snippet:-1, max-image-preview:large, max-video-preview:-1\" \/>\n<link rel=\"canonical\" href=\"https:\/\/gruene-eichstaett.de\/denkendorf-stammham\/besuch-beim-biohof-vogl\/\" \/>\n<meta property=\"og:locale\" content=\"de_DE\" \/>\n<meta property=\"og:type\" content=\"article\" \/>\n<meta property=\"og:title\" content=\"Besuch beim Biohof Vogl am 10.06.2023 - B\u00dcNDNIS 90\/DIE GR\u00dcNEN\" \/>\n<meta property=\"og:description\" content=\"Biohof Vogl nachhaltige, ressourcenschonende Landwirtschaft mit \u00fcberdurchschnittlichen Tierwohlstandards. Holz vom eigenen Wald \/ Regional, \u00f6kologisch und nachhaltig\" \/>\n<meta property=\"og:url\" content=\"https:\/\/gruene-eichstaett.de\/denkendorf-stammham\/besuch-beim-biohof-vogl\/\" \/>\n<meta property=\"og:site_name\" content=\"B\u00dcNDNIS 90\/DIE GR\u00dcNEN\" \/>\n<meta property=\"article:published_time\" content=\"2022-12-15T21:21:51+00:00\" \/>\n<meta property=\"article:modified_time\" content=\"2024-05-07T10:01:16+00:00\" \/>\n<meta property=\"og:image\" content=\"https:\/\/gruene-eichstaett.de\/denkendorf-stammham\/wp-content\/uploads\/sites\/3\/2022\/12\/IMG_4283-scaled.jpg\" \/>\n\t<meta property=\"og:image:width\" content=\"2560\" \/>\n\t<meta property=\"og:image:height\" content=\"1707\" \/>\n\t<meta property=\"og:image:type\" content=\"image\/jpeg\" \/>\n<meta name=\"author\" content=\"ruedigervogel\" \/>\n<meta name=\"twitter:card\" content=\"summary_large_image\" \/>\n<meta name=\"twitter:label1\" content=\"Verfasst von\" \/>\n\t<meta name=\"twitter:data1\" content=\"ruedigervogel\" \/>\n\t<meta name=\"twitter:label2\" content=\"Gesch\u00e4tzte Lesezeit\" \/>\n\t<meta name=\"twitter:data2\" content=\"4\u00a0Minuten\" \/>\n<script type=\"application\/ld+json\" class=\"yoast-schema-graph\">{\"@context\":\"https:\\\/\\\/schema.org\",\"@graph\":[{\"@type\":\"Article\",\"@id\":\"https:\\\/\\\/gruene-eichstaett.de\\\/denkendorf-stammham\\\/besuch-beim-biohof-vogl\\\/#article\",\"isPartOf\":{\"@id\":\"https:\\\/\\\/gruene-eichstaett.de\\\/denkendorf-stammham\\\/besuch-beim-biohof-vogl\\\/\"},\"author\":{\"name\":\"ruedigervogel\",\"@id\":\"https:\\\/\\\/gruene-eichstaett.de\\\/denkendorf-stammham\\\/#\\\/schema\\\/person\\\/dab6b28dfcf6ff64933926216d3a404f\"},\"headline\":\"Besuch beim Biohof Vogl am 10.06.2023\",\"datePublished\":\"2022-12-15T21:21:51+00:00\",\"dateModified\":\"2024-05-07T10:01:16+00:00\",\"mainEntityOfPage\":{\"@id\":\"https:\\\/\\\/gruene-eichstaett.de\\\/denkendorf-stammham\\\/besuch-beim-biohof-vogl\\\/\"},\"wordCount\":99,\"commentCount\":0,\"publisher\":{\"@id\":\"https:\\\/\\\/gruene-eichstaett.de\\\/denkendorf-stammham\\\/#organization\"},\"image\":{\"@id\":\"https:\\\/\\\/gruene-eichstaett.de\\\/denkendorf-stammham\\\/besuch-beim-biohof-vogl\\\/#primaryimage\"},\"thumbnailUrl\":\"https:\\\/\\\/gruene-eichstaett.de\\\/denkendorf-stammham\\\/wp-content\\\/uploads\\\/sites\\\/3\\\/2022\\\/12\\\/IMG_4283-scaled.jpg\",\"inLanguage\":\"de\",\"potentialAction\":[{\"@type\":\"CommentAction\",\"name\":\"Comment\",\"target\":[\"https:\\\/\\\/gruene-eichstaett.de\\\/denkendorf-stammham\\\/besuch-beim-biohof-vogl\\\/#respond\"]}]},{\"@type\":\"WebPage\",\"@id\":\"https:\\\/\\\/gruene-eichstaett.de\\\/denkendorf-stammham\\\/besuch-beim-biohof-vogl\\\/\",\"url\":\"https:\\\/\\\/gruene-eichstaett.de\\\/denkendorf-stammham\\\/besuch-beim-biohof-vogl\\\/\",\"name\":\"Besuch beim Biohof Vogl am 10.06.2023 - B\u00dcNDNIS 90\\\/DIE GR\u00dcNEN\",\"isPartOf\":{\"@id\":\"https:\\\/\\\/gruene-eichstaett.de\\\/denkendorf-stammham\\\/#website\"},\"primaryImageOfPage\":{\"@id\":\"https:\\\/\\\/gruene-eichstaett.de\\\/denkendorf-stammham\\\/besuch-beim-biohof-vogl\\\/#primaryimage\"},\"image\":{\"@id\":\"https:\\\/\\\/gruene-eichstaett.de\\\/denkendorf-stammham\\\/besuch-beim-biohof-vogl\\\/#primaryimage\"},\"thumbnailUrl\":\"https:\\\/\\\/gruene-eichstaett.de\\\/denkendorf-stammham\\\/wp-content\\\/uploads\\\/sites\\\/3\\\/2022\\\/12\\\/IMG_4283-scaled.jpg\",\"datePublished\":\"2022-12-15T21:21:51+00:00\",\"dateModified\":\"2024-05-07T10:01:16+00:00\",\"description\":\"Biohof Vogl nachhaltige, ressourcenschonende Landwirtschaft mit \u00fcberdurchschnittlichen Tierwohlstandards. Holz vom eigenen Wald \\\/ Regional, \u00f6kologisch und nachhaltig\",\"breadcrumb\":{\"@id\":\"https:\\\/\\\/gruene-eichstaett.de\\\/denkendorf-stammham\\\/besuch-beim-biohof-vogl\\\/#breadcrumb\"},\"inLanguage\":\"de\",\"potentialAction\":[{\"@type\":\"ReadAction\",\"target\":[\"https:\\\/\\\/gruene-eichstaett.de\\\/denkendorf-stammham\\\/besuch-beim-biohof-vogl\\\/\"]}]},{\"@type\":\"ImageObject\",\"inLanguage\":\"de\",\"@id\":\"https:\\\/\\\/gruene-eichstaett.de\\\/denkendorf-stammham\\\/besuch-beim-biohof-vogl\\\/#primaryimage\",\"url\":\"https:\\\/\\\/gruene-eichstaett.de\\\/denkendorf-stammham\\\/wp-content\\\/uploads\\\/sites\\\/3\\\/2022\\\/12\\\/IMG_4283-scaled.jpg\",\"contentUrl\":\"https:\\\/\\\/gruene-eichstaett.de\\\/denkendorf-stammham\\\/wp-content\\\/uploads\\\/sites\\\/3\\\/2022\\\/12\\\/IMG_4283-scaled.jpg\",\"width\":2560,\"height\":1707},{\"@type\":\"BreadcrumbList\",\"@id\":\"https:\\\/\\\/gruene-eichstaett.de\\\/denkendorf-stammham\\\/besuch-beim-biohof-vogl\\\/#breadcrumb\",\"itemListElement\":[{\"@type\":\"ListItem\",\"position\":1,\"name\":\"Startseite\",\"item\":\"https:\\\/\\\/gruene-eichstaett.de\\\/denkendorf-stammham\\\/\"},{\"@type\":\"ListItem\",\"position\":2,\"name\":\"Besuch beim Biohof Vogl am 10.06.2023\"}]},{\"@type\":\"WebSite\",\"@id\":\"https:\\\/\\\/gruene-eichstaett.de\\\/denkendorf-stammham\\\/#website\",\"url\":\"https:\\\/\\\/gruene-eichstaett.de\\\/denkendorf-stammham\\\/\",\"name\":\"B\u00dcNDNIS 90\\\/DIE GR\u00dcNEN\",\"description\":\"in den Gemeinden Denkendorf und Stammham\",\"publisher\":{\"@id\":\"https:\\\/\\\/gruene-eichstaett.de\\\/denkendorf-stammham\\\/#organization\"},\"potentialAction\":[{\"@type\":\"SearchAction\",\"target\":{\"@type\":\"EntryPoint\",\"urlTemplate\":\"https:\\\/\\\/gruene-eichstaett.de\\\/denkendorf-stammham\\\/?s={search_term_string}\"},\"query-input\":{\"@type\":\"PropertyValueSpecification\",\"valueRequired\":true,\"valueName\":\"search_term_string\"}}],\"inLanguage\":\"de\"},{\"@type\":\"Organization\",\"@id\":\"https:\\\/\\\/gruene-eichstaett.de\\\/denkendorf-stammham\\\/#organization\",\"name\":\"B\u00dcNDNIS 90\\\/DIE GR\u00dcNEN\",\"url\":\"https:\\\/\\\/gruene-eichstaett.de\\\/denkendorf-stammham\\\/\",\"logo\":{\"@type\":\"ImageObject\",\"inLanguage\":\"de\",\"@id\":\"https:\\\/\\\/gruene-eichstaett.de\\\/denkendorf-stammham\\\/#\\\/schema\\\/logo\\\/image\\\/\",\"url\":\"https:\\\/\\\/gruene-eichstaett.de\\\/denkendorf\\\/wp-content\\\/uploads\\\/sites\\\/3\\\/2021\\\/12\\\/Profilbild-Sonenblume.png\",\"contentUrl\":\"https:\\\/\\\/gruene-eichstaett.de\\\/denkendorf\\\/wp-content\\\/uploads\\\/sites\\\/3\\\/2021\\\/12\\\/Profilbild-Sonenblume.png\",\"width\":500,\"height\":500,\"caption\":\"B\u00dcNDNIS 90\\\/DIE GR\u00dcNEN\"},\"image\":{\"@id\":\"https:\\\/\\\/gruene-eichstaett.de\\\/denkendorf-stammham\\\/#\\\/schema\\\/logo\\\/image\\\/\"}},{\"@type\":\"Person\",\"@id\":\"https:\\\/\\\/gruene-eichstaett.de\\\/denkendorf-stammham\\\/#\\\/schema\\\/person\\\/dab6b28dfcf6ff64933926216d3a404f\",\"name\":\"ruedigervogel\",\"image\":{\"@type\":\"ImageObject\",\"inLanguage\":\"de\",\"@id\":\"https:\\\/\\\/secure.gravatar.com\\\/avatar\\\/a0a19927e83ac911acd9e15f805ce141ae86755a33e86083ef142214ede99904?s=96&d=mm&r=g\",\"url\":\"https:\\\/\\\/secure.gravatar.com\\\/avatar\\\/a0a19927e83ac911acd9e15f805ce141ae86755a33e86083ef142214ede99904?s=96&d=mm&r=g\",\"contentUrl\":\"https:\\\/\\\/secure.gravatar.com\\\/avatar\\\/a0a19927e83ac911acd9e15f805ce141ae86755a33e86083ef142214ede99904?s=96&d=mm&r=g\",\"caption\":\"ruedigervogel\"},\"url\":\"https:\\\/\\\/gruene-eichstaett.de\\\/denkendorf-stammham\\\/author\\\/ruedigervogel\\\/\"}]}<\/script>\n<!-- \/ Yoast SEO plugin. -->","yoast_head_json":{"title":"Besuch beim Biohof Vogl am 10.06.2023 - B\u00dcNDNIS 90\/DIE GR\u00dcNEN","description":"Biohof Vogl nachhaltige, ressourcenschonende Landwirtschaft mit \u00fcberdurchschnittlichen Tierwohlstandards. Holz vom eigenen Wald \/ Regional, \u00f6kologisch und nachhaltig","robots":{"index":"index","follow":"follow","max-snippet":"max-snippet:-1","max-image-preview":"max-image-preview:large","max-video-preview":"max-video-preview:-1"},"canonical":"https:\/\/gruene-eichstaett.de\/denkendorf-stammham\/besuch-beim-biohof-vogl\/","og_locale":"de_DE","og_type":"article","og_title":"Besuch beim Biohof Vogl am 10.06.2023 - B\u00dcNDNIS 90\/DIE GR\u00dcNEN","og_description":"Biohof Vogl nachhaltige, ressourcenschonende Landwirtschaft mit \u00fcberdurchschnittlichen Tierwohlstandards. Holz vom eigenen Wald \/ Regional, \u00f6kologisch und nachhaltig","og_url":"https:\/\/gruene-eichstaett.de\/denkendorf-stammham\/besuch-beim-biohof-vogl\/","og_site_name":"B\u00dcNDNIS 90\/DIE GR\u00dcNEN","article_published_time":"2022-12-15T21:21:51+00:00","article_modified_time":"2024-05-07T10:01:16+00:00","og_image":[{"width":2560,"height":1707,"url":"https:\/\/gruene-eichstaett.de\/denkendorf-stammham\/wp-content\/uploads\/sites\/3\/2022\/12\/IMG_4283-scaled.jpg","type":"image\/jpeg"}],"author":"ruedigervogel","twitter_card":"summary_large_image","twitter_misc":{"Verfasst von":"ruedigervogel","Gesch\u00e4tzte Lesezeit":"4\u00a0Minuten"},"schema":{"@context":"https:\/\/schema.org","@graph":[{"@type":"Article","@id":"https:\/\/gruene-eichstaett.de\/denkendorf-stammham\/besuch-beim-biohof-vogl\/#article","isPartOf":{"@id":"https:\/\/gruene-eichstaett.de\/denkendorf-stammham\/besuch-beim-biohof-vogl\/"},"author":{"name":"ruedigervogel","@id":"https:\/\/gruene-eichstaett.de\/denkendorf-stammham\/#\/schema\/person\/dab6b28dfcf6ff64933926216d3a404f"},"headline":"Besuch beim Biohof Vogl am 10.06.2023","datePublished":"2022-12-15T21:21:51+00:00","dateModified":"2024-05-07T10:01:16+00:00","mainEntityOfPage":{"@id":"https:\/\/gruene-eichstaett.de\/denkendorf-stammham\/besuch-beim-biohof-vogl\/"},"wordCount":99,"commentCount":0,"publisher":{"@id":"https:\/\/gruene-eichstaett.de\/denkendorf-stammham\/#organization"},"image":{"@id":"https:\/\/gruene-eichstaett.de\/denkendorf-stammham\/besuch-beim-biohof-vogl\/#primaryimage"},"thumbnailUrl":"https:\/\/gruene-eichstaett.de\/denkendorf-stammham\/wp-content\/uploads\/sites\/3\/2022\/12\/IMG_4283-scaled.jpg","inLanguage":"de","potentialAction":[{"@type":"CommentAction","name":"Comment","target":["https:\/\/gruene-eichstaett.de\/denkendorf-stammham\/besuch-beim-biohof-vogl\/#respond"]}]},{"@type":"WebPage","@id":"https:\/\/gruene-eichstaett.de\/denkendorf-stammham\/besuch-beim-biohof-vogl\/","url":"https:\/\/gruene-eichstaett.de\/denkendorf-stammham\/besuch-beim-biohof-vogl\/","name":"Besuch beim Biohof Vogl am 10.06.2023 - B\u00dcNDNIS 90\/DIE GR\u00dcNEN","isPartOf":{"@id":"https:\/\/gruene-eichstaett.de\/denkendorf-stammham\/#website"},"primaryImageOfPage":{"@id":"https:\/\/gruene-eichstaett.de\/denkendorf-stammham\/besuch-beim-biohof-vogl\/#primaryimage"},"image":{"@id":"https:\/\/gruene-eichstaett.de\/denkendorf-stammham\/besuch-beim-biohof-vogl\/#primaryimage"},"thumbnailUrl":"https:\/\/gruene-eichstaett.de\/denkendorf-stammham\/wp-content\/uploads\/sites\/3\/2022\/12\/IMG_4283-scaled.jpg","datePublished":"2022-12-15T21:21:51+00:00","dateModified":"2024-05-07T10:01:16+00:00","description":"Biohof Vogl nachhaltige, ressourcenschonende Landwirtschaft mit \u00fcberdurchschnittlichen Tierwohlstandards. Holz vom eigenen Wald \/ Regional, \u00f6kologisch und nachhaltig","breadcrumb":{"@id":"https:\/\/gruene-eichstaett.de\/denkendorf-stammham\/besuch-beim-biohof-vogl\/#breadcrumb"},"inLanguage":"de","potentialAction":[{"@type":"ReadAction","target":["https:\/\/gruene-eichstaett.de\/denkendorf-stammham\/besuch-beim-biohof-vogl\/"]}]},{"@type":"ImageObject","inLanguage":"de","@id":"https:\/\/gruene-eichstaett.de\/denkendorf-stammham\/besuch-beim-biohof-vogl\/#primaryimage","url":"https:\/\/gruene-eichstaett.de\/denkendorf-stammham\/wp-content\/uploads\/sites\/3\/2022\/12\/IMG_4283-scaled.jpg","contentUrl":"https:\/\/gruene-eichstaett.de\/denkendorf-stammham\/wp-content\/uploads\/sites\/3\/2022\/12\/IMG_4283-scaled.jpg","width":2560,"height":1707},{"@type":"BreadcrumbList","@id":"https:\/\/gruene-eichstaett.de\/denkendorf-stammham\/besuch-beim-biohof-vogl\/#breadcrumb","itemListElement":[{"@type":"ListItem","position":1,"name":"Startseite","item":"https:\/\/gruene-eichstaett.de\/denkendorf-stammham\/"},{"@type":"ListItem","position":2,"name":"Besuch beim Biohof Vogl am 10.06.2023"}]},{"@type":"WebSite","@id":"https:\/\/gruene-eichstaett.de\/denkendorf-stammham\/#website","url":"https:\/\/gruene-eichstaett.de\/denkendorf-stammham\/","name":"B\u00dcNDNIS 90\/DIE GR\u00dcNEN","description":"in den Gemeinden Denkendorf und Stammham","publisher":{"@id":"https:\/\/gruene-eichstaett.de\/denkendorf-stammham\/#organization"},"potentialAction":[{"@type":"SearchAction","target":{"@type":"EntryPoint","urlTemplate":"https:\/\/gruene-eichstaett.de\/denkendorf-stammham\/?s={search_term_string}"},"query-input":{"@type":"PropertyValueSpecification","valueRequired":true,"valueName":"search_term_string"}}],"inLanguage":"de"},{"@type":"Organization","@id":"https:\/\/gruene-eichstaett.de\/denkendorf-stammham\/#organization","name":"B\u00dcNDNIS 90\/DIE GR\u00dcNEN","url":"https:\/\/gruene-eichstaett.de\/denkendorf-stammham\/","logo":{"@type":"ImageObject","inLanguage":"de","@id":"https:\/\/gruene-eichstaett.de\/denkendorf-stammham\/#\/schema\/logo\/image\/","url":"https:\/\/gruene-eichstaett.de\/denkendorf\/wp-content\/uploads\/sites\/3\/2021\/12\/Profilbild-Sonenblume.png","contentUrl":"https:\/\/gruene-eichstaett.de\/denkendorf\/wp-content\/uploads\/sites\/3\/2021\/12\/Profilbild-Sonenblume.png","width":500,"height":500,"caption":"B\u00dcNDNIS 90\/DIE GR\u00dcNEN"},"image":{"@id":"https:\/\/gruene-eichstaett.de\/denkendorf-stammham\/#\/schema\/logo\/image\/"}},{"@type":"Person","@id":"https:\/\/gruene-eichstaett.de\/denkendorf-stammham\/#\/schema\/person\/dab6b28dfcf6ff64933926216d3a404f","name":"ruedigervogel","image":{"@type":"ImageObject","inLanguage":"de","@id":"https:\/\/secure.gravatar.com\/avatar\/a0a19927e83ac911acd9e15f805ce141ae86755a33e86083ef142214ede99904?s=96&d=mm&r=g","url":"https:\/\/secure.gravatar.com\/avatar\/a0a19927e83ac911acd9e15f805ce141ae86755a33e86083ef142214ede99904?s=96&d=mm&r=g","contentUrl":"https:\/\/secure.gravatar.com\/avatar\/a0a19927e83ac911acd9e15f805ce141ae86755a33e86083ef142214ede99904?s=96&d=mm&r=g","caption":"ruedigervogel"},"url":"https:\/\/gruene-eichstaett.de\/denkendorf-stammham\/author\/ruedigervogel\/"}]}},"_links":{"self":[{"href":"https:\/\/gruene-eichstaett.de\/denkendorf-stammham\/wp-json\/wp\/v2\/posts\/171","targetHints":{"allow":["GET"]}}],"collection":[{"href":"https:\/\/gruene-eichstaett.de\/denkendorf-stammham\/wp-json\/wp\/v2\/posts"}],"about":[{"href":"https:\/\/gruene-eichstaett.de\/denkendorf-stammham\/wp-json\/wp\/v2\/types\/post"}],"author":[{"embeddable":true,"href":"https:\/\/gruene-eichstaett.de\/denkendorf-stammham\/wp-json\/wp\/v2\/users\/19"}],"replies":[{"embeddable":true,"href":"https:\/\/gruene-eichstaett.de\/denkendorf-stammham\/wp-json\/wp\/v2\/comments?post=171"}],"version-history":[{"count":16,"href":"https:\/\/gruene-eichstaett.de\/denkendorf-stammham\/wp-json\/wp\/v2\/posts\/171\/revisions"}],"predecessor-version":[{"id":392,"href":"https:\/\/gruene-eichstaett.de\/denkendorf-stammham\/wp-json\/wp\/v2\/posts\/171\/revisions\/392"}],"wp:featuredmedia":[{"embeddable":true,"href":"https:\/\/gruene-eichstaett.de\/denkendorf-stammham\/wp-json\/wp\/v2\/media\/372"}],"wp:attachment":[{"href":"https:\/\/gruene-eichstaett.de\/denkendorf-stammham\/wp-json\/wp\/v2\/media?parent=171"}],"wp:term":[{"taxonomy":"category","embeddable":true,"href":"https:\/\/gruene-eichstaett.de\/denkendorf-stammham\/wp-json\/wp\/v2\/categories?post=171"},{"taxonomy":"post_tag","embeddable":true,"href":"https:\/\/gruene-eichstaett.de\/denkendorf-stammham\/wp-json\/wp\/v2\/tags?post=171"}],"curies":[{"name":"wp","href":"https:\/\/api.w.org\/{rel}","templated":true}]}}