{"id":405,"date":"2024-09-20T23:10:11","date_gmt":"2024-09-20T21:10:11","guid":{"rendered":"https:\/\/gruene-eichstaett.de\/denkendorf-stammham\/?p=405"},"modified":"2024-11-12T22:07:13","modified_gmt":"2024-11-12T21:07:13","slug":"ausstellung-zur-e-mobilitaet-e-motion-anstatt-e-mission","status":"publish","type":"post","link":"https:\/\/gruene-eichstaett.de\/denkendorf-stammham\/ausstellung-zur-e-mobilitaet-e-motion-anstatt-e-mission\/","title":{"rendered":"Ausstellung zur E-Mobilit\u00e4t: &#8222;E-motion anstatt E-mission&#8220;"},"content":{"rendered":"\n<p>Der Ortsverband der Gr\u00fcnen Denkendorf-Stammham veranstaltete auf dem Biohof Meier in Denkendorf vom 30.08 bis 20.09.2024 eine Ausstellung von Bayern Innovativ zum Thema &#8222;Eletromobilit\u00e4t&#8220;. An drei Wochenenden bot die Wanderausstellung den Besuchern mit sieben Modulen einen Blick in die Welt der aktuellen und zuk\u00fcnftigen Mobilit\u00e4t. Dazu fanden eine kleine Messe und an den Samstagen 5 Fachvortr\u00e4gen von mehreren Experten zur E-Mobilit\u00e4t statt.<br>Der Einf\u00fchrungsvortrag am ersten Wochenende, wurde von Bastian Ritter von der Kompetenzstelle Elektromobilit\u00e4t von Bayern Innovativ gehalten. Er schilderte einige Zahlen die den Besuchern die Entwicklung, den Ist-Stand und die Prognose f\u00fcr die Elektromobilit\u00e4t mit allen Facetten veranschaulichte. Er f\u00fchrte anschlie\u00dfend die G\u00e4ste durch die 7 Module der Wanderausstellung, wo sich bei der Gelegenheit alle Zuschauer ein Bild zu den dargestellten Themen machen konnten und Fragen stellen konnten.<br>Anschlie\u00dfend hielt Heinrich Mischmasch von der Altm\u00fchl-Jura Energiegenossenschaft eG (AJE) Beilngries einen Vortrag \u00fcber die Chancen und M\u00f6glichkeiten einer Energiewende in regionaler B\u00fcrgerhand.<br>Das zweite Wochenende begann mit einem Vortrag der Ingenieure Maximilian Sch\u00f6ner und Pedro Oliveira von Terra Bavaria Energy \u00fcber die Verl\u00e4ngerung des Nutzungszeitraums f\u00fcr Batterien aus der Elektromobili\u00e4t. Sie zeigten Anwendungsbeispiele auf, f\u00fcr einen zweiten Lebenszyklus, wodurch die Nutzungsdauer von einer Second-Use-Batterie um 10 bis 12 Jahre verl\u00e4ngert werden kann.<br>Im zweiten Vortrag ging Prof-Ing. Gelner auf &#8222;Innovative Potenziale der E-Mobilit\u00e4t&#8220; ein. Mit einer Gegen\u00fcberstellung erwiesener Vor- und Nachteile zeigte er unter anderem auf, dass ein E-Auto im Vergleich zu einem Dieselfahrzeug im Jahr 2020 einen immens h\u00f6heren Wirkungsgrad hat. Er f\u00fchrte aus, das es bei der Steigerung der innovativen Potentiale nun darum gehe, die Effizienz durch verschiedene Ma\u00dfnahmen weiter auszubauen, dass z.B. Fertigungs- und Entwicklungskosten reduziert werden und Batterieentwicklung forciert werde m\u00fcsse.<br>Den Abschluss machte am letzen Wochenende Dr. Ing. Andreas Braun, Dozent der THI mit seinem Vortag &#8222;Elektromobili\u00e4t &#8211; Fakten &amp; Kontext zu h\u00e4ufig gestellten Fragen&#8220;. Die Zuh\u00f6rer bekamen hier gesammelte Fakten und Hintergrundinformationen zur E-Mobilit\u00e4t. Es gab noch einmal die Gelegenheit Fragen und Bedenken zu \u00e4u\u00dfern und es konnte so mit einigen Vorurteilen aufger\u00e4umt werden.<br>An allen Wochenende konnte die Besucher bei Kaffe und Kuchen sowie unter der musikalischen Einrahmung der Programme durch verschiedene K\u00fcnstler, sich \u00fcber die gewonnenen Informationen und Eindr\u00fccke austauschen.<br>Die Vortr\u00e4ge zu den einzelnen Veranstaltungen sind hier auf der Homepage nochmal zum nachgelesen einsehbar.<\/p>\n\n\n\n<ul class=\"wp-block-list\">\n<li>Vortrag: <a href=\"https:\/\/gruene-eichstaett.de\/denkendorf-stammham\/wp-content\/uploads\/sites\/3\/2024\/11\/bayerninnovativ-PDF.pdf\">Bayern Innovativ<\/a><\/li>\n\n\n\n<li>Vortrag: <a href=\"https:\/\/gruene-eichstaett.de\/denkendorf-stammham\/wp-content\/uploads\/sites\/3\/2024\/11\/TerraBavariaEnergie_REALvision.pdf\">Terra Bavaria Energie REALvision<\/a><\/li>\n\n\n\n<li>Vortrag: <a href=\"https:\/\/gruene-eichstaett.de\/denkendorf-stammham\/wp-content\/uploads\/sites\/3\/2024\/11\/Gelner_Innovative-Potenziale-der-Elektromobilitaet.pdf\">Prof-Ing. Gelner: Innovative Potenziale der Elektromobilit\u00e4t<\/a><\/li>\n\n\n\n<li>Vortrag: <a href=\"https:\/\/gruene-eichstaett.de\/denkendorf-stammham\/wp-content\/uploads\/sites\/3\/2024\/11\/Andreas_Braun_Elektromobiltiaet.pdf\">Dr. Ing. Andreas Braun: Elektromobilti\u00e4t<\/a><\/li>\n<\/ul>\n\n\n\n<figure class=\"wp-block-gallery has-nested-images columns-default is-cropped wp-block-gallery-1 is-layout-flex wp-block-gallery-is-layout-flex\">\n<figure class=\"wp-block-image size-large\"><img loading=\"lazy\" decoding=\"async\" width=\"1024\" height=\"683\" data-id=\"419\" src=\"https:\/\/gruene-eichstaett.de\/denkendorf-stammham\/wp-content\/uploads\/sites\/3\/2024\/11\/1-IMG_1594-1024x683.jpg\" alt=\"\" class=\"wp-image-419\" srcset=\"https:\/\/gruene-eichstaett.de\/denkendorf-stammham\/wp-content\/uploads\/sites\/3\/2024\/11\/1-IMG_1594-1024x683.jpg 1024w, https:\/\/gruene-eichstaett.de\/denkendorf-stammham\/wp-content\/uploads\/sites\/3\/2024\/11\/1-IMG_1594-300x200.jpg 300w, https:\/\/gruene-eichstaett.de\/denkendorf-stammham\/wp-content\/uploads\/sites\/3\/2024\/11\/1-IMG_1594-768x512.jpg 768w, https:\/\/gruene-eichstaett.de\/denkendorf-stammham\/wp-content\/uploads\/sites\/3\/2024\/11\/1-IMG_1594-1536x1024.jpg 1536w, https:\/\/gruene-eichstaett.de\/denkendorf-stammham\/wp-content\/uploads\/sites\/3\/2024\/11\/1-IMG_1594-2048x1365.jpg 2048w\" sizes=\"auto, (max-width: 1024px) 100vw, 1024px\" \/><\/figure>\n\n\n\n<figure class=\"wp-block-image size-large\"><img loading=\"lazy\" decoding=\"async\" width=\"1024\" height=\"683\" data-id=\"420\" src=\"https:\/\/gruene-eichstaett.de\/denkendorf-stammham\/wp-content\/uploads\/sites\/3\/2024\/11\/2-IMG_1603-1024x683.jpg\" alt=\"\" class=\"wp-image-420\" srcset=\"https:\/\/gruene-eichstaett.de\/denkendorf-stammham\/wp-content\/uploads\/sites\/3\/2024\/11\/2-IMG_1603-1024x683.jpg 1024w, https:\/\/gruene-eichstaett.de\/denkendorf-stammham\/wp-content\/uploads\/sites\/3\/2024\/11\/2-IMG_1603-300x200.jpg 300w, https:\/\/gruene-eichstaett.de\/denkendorf-stammham\/wp-content\/uploads\/sites\/3\/2024\/11\/2-IMG_1603-768x512.jpg 768w, https:\/\/gruene-eichstaett.de\/denkendorf-stammham\/wp-content\/uploads\/sites\/3\/2024\/11\/2-IMG_1603-1536x1024.jpg 1536w, https:\/\/gruene-eichstaett.de\/denkendorf-stammham\/wp-content\/uploads\/sites\/3\/2024\/11\/2-IMG_1603-2048x1365.jpg 2048w\" sizes=\"auto, (max-width: 1024px) 100vw, 1024px\" \/><\/figure>\n\n\n\n<figure class=\"wp-block-image size-large\"><img loading=\"lazy\" decoding=\"async\" width=\"1024\" height=\"683\" data-id=\"421\" src=\"https:\/\/gruene-eichstaett.de\/denkendorf-stammham\/wp-content\/uploads\/sites\/3\/2024\/11\/3-IMG_1604-1024x683.jpg\" alt=\"\" class=\"wp-image-421\" srcset=\"https:\/\/gruene-eichstaett.de\/denkendorf-stammham\/wp-content\/uploads\/sites\/3\/2024\/11\/3-IMG_1604-1024x683.jpg 1024w, https:\/\/gruene-eichstaett.de\/denkendorf-stammham\/wp-content\/uploads\/sites\/3\/2024\/11\/3-IMG_1604-300x200.jpg 300w, https:\/\/gruene-eichstaett.de\/denkendorf-stammham\/wp-content\/uploads\/sites\/3\/2024\/11\/3-IMG_1604-768x512.jpg 768w, https:\/\/gruene-eichstaett.de\/denkendorf-stammham\/wp-content\/uploads\/sites\/3\/2024\/11\/3-IMG_1604-1536x1024.jpg 1536w, https:\/\/gruene-eichstaett.de\/denkendorf-stammham\/wp-content\/uploads\/sites\/3\/2024\/11\/3-IMG_1604-2048x1365.jpg 2048w\" sizes=\"auto, (max-width: 1024px) 100vw, 1024px\" \/><\/figure>\n\n\n\n<figure class=\"wp-block-image size-large\"><img loading=\"lazy\" decoding=\"async\" width=\"1024\" height=\"683\" data-id=\"422\" src=\"https:\/\/gruene-eichstaett.de\/denkendorf-stammham\/wp-content\/uploads\/sites\/3\/2024\/11\/4-IMG_1609-1024x683.jpg\" alt=\"\" class=\"wp-image-422\" srcset=\"https:\/\/gruene-eichstaett.de\/denkendorf-stammham\/wp-content\/uploads\/sites\/3\/2024\/11\/4-IMG_1609-1024x683.jpg 1024w, https:\/\/gruene-eichstaett.de\/denkendorf-stammham\/wp-content\/uploads\/sites\/3\/2024\/11\/4-IMG_1609-300x200.jpg 300w, https:\/\/gruene-eichstaett.de\/denkendorf-stammham\/wp-content\/uploads\/sites\/3\/2024\/11\/4-IMG_1609-768x512.jpg 768w, https:\/\/gruene-eichstaett.de\/denkendorf-stammham\/wp-content\/uploads\/sites\/3\/2024\/11\/4-IMG_1609-1536x1024.jpg 1536w, https:\/\/gruene-eichstaett.de\/denkendorf-stammham\/wp-content\/uploads\/sites\/3\/2024\/11\/4-IMG_1609-2048x1365.jpg 2048w\" sizes=\"auto, (max-width: 1024px) 100vw, 1024px\" \/><\/figure>\n\n\n\n<figure class=\"wp-block-image size-large\"><img loading=\"lazy\" decoding=\"async\" width=\"1024\" height=\"683\" data-id=\"423\" src=\"https:\/\/gruene-eichstaett.de\/denkendorf-stammham\/wp-content\/uploads\/sites\/3\/2024\/11\/5-IMG_1613-1024x683.jpg\" alt=\"\" class=\"wp-image-423\" srcset=\"https:\/\/gruene-eichstaett.de\/denkendorf-stammham\/wp-content\/uploads\/sites\/3\/2024\/11\/5-IMG_1613-1024x683.jpg 1024w, https:\/\/gruene-eichstaett.de\/denkendorf-stammham\/wp-content\/uploads\/sites\/3\/2024\/11\/5-IMG_1613-300x200.jpg 300w, https:\/\/gruene-eichstaett.de\/denkendorf-stammham\/wp-content\/uploads\/sites\/3\/2024\/11\/5-IMG_1613-768x512.jpg 768w, https:\/\/gruene-eichstaett.de\/denkendorf-stammham\/wp-content\/uploads\/sites\/3\/2024\/11\/5-IMG_1613-1536x1024.jpg 1536w, https:\/\/gruene-eichstaett.de\/denkendorf-stammham\/wp-content\/uploads\/sites\/3\/2024\/11\/5-IMG_1613-2048x1365.jpg 2048w\" sizes=\"auto, (max-width: 1024px) 100vw, 1024px\" \/><\/figure>\n\n\n\n<figure class=\"wp-block-image size-large\"><img loading=\"lazy\" decoding=\"async\" width=\"1024\" height=\"683\" data-id=\"424\" src=\"https:\/\/gruene-eichstaett.de\/denkendorf-stammham\/wp-content\/uploads\/sites\/3\/2024\/11\/6-_MG_1623-1024x683.jpg\" alt=\"\" class=\"wp-image-424\" srcset=\"https:\/\/gruene-eichstaett.de\/denkendorf-stammham\/wp-content\/uploads\/sites\/3\/2024\/11\/6-_MG_1623-1024x683.jpg 1024w, https:\/\/gruene-eichstaett.de\/denkendorf-stammham\/wp-content\/uploads\/sites\/3\/2024\/11\/6-_MG_1623-300x200.jpg 300w, https:\/\/gruene-eichstaett.de\/denkendorf-stammham\/wp-content\/uploads\/sites\/3\/2024\/11\/6-_MG_1623-768x512.jpg 768w, https:\/\/gruene-eichstaett.de\/denkendorf-stammham\/wp-content\/uploads\/sites\/3\/2024\/11\/6-_MG_1623-1536x1024.jpg 1536w, https:\/\/gruene-eichstaett.de\/denkendorf-stammham\/wp-content\/uploads\/sites\/3\/2024\/11\/6-_MG_1623-2048x1365.jpg 2048w\" sizes=\"auto, (max-width: 1024px) 100vw, 1024px\" \/><\/figure>\n\n\n\n<figure class=\"wp-block-image size-large\"><img loading=\"lazy\" decoding=\"async\" width=\"1024\" height=\"683\" data-id=\"425\" src=\"https:\/\/gruene-eichstaett.de\/denkendorf-stammham\/wp-content\/uploads\/sites\/3\/2024\/11\/7-_MG_1625-1024x683.jpg\" alt=\"\" class=\"wp-image-425\" srcset=\"https:\/\/gruene-eichstaett.de\/denkendorf-stammham\/wp-content\/uploads\/sites\/3\/2024\/11\/7-_MG_1625-1024x683.jpg 1024w, https:\/\/gruene-eichstaett.de\/denkendorf-stammham\/wp-content\/uploads\/sites\/3\/2024\/11\/7-_MG_1625-300x200.jpg 300w, https:\/\/gruene-eichstaett.de\/denkendorf-stammham\/wp-content\/uploads\/sites\/3\/2024\/11\/7-_MG_1625-768x512.jpg 768w, https:\/\/gruene-eichstaett.de\/denkendorf-stammham\/wp-content\/uploads\/sites\/3\/2024\/11\/7-_MG_1625-1536x1024.jpg 1536w, https:\/\/gruene-eichstaett.de\/denkendorf-stammham\/wp-content\/uploads\/sites\/3\/2024\/11\/7-_MG_1625-2048x1365.jpg 2048w\" sizes=\"auto, (max-width: 1024px) 100vw, 1024px\" \/><\/figure>\n\n\n\n<figure class=\"wp-block-image size-large\"><img loading=\"lazy\" decoding=\"async\" width=\"1024\" height=\"683\" data-id=\"426\" src=\"https:\/\/gruene-eichstaett.de\/denkendorf-stammham\/wp-content\/uploads\/sites\/3\/2024\/11\/8-_MG_1627-1024x683.jpg\" alt=\"\" class=\"wp-image-426\" srcset=\"https:\/\/gruene-eichstaett.de\/denkendorf-stammham\/wp-content\/uploads\/sites\/3\/2024\/11\/8-_MG_1627-1024x683.jpg 1024w, https:\/\/gruene-eichstaett.de\/denkendorf-stammham\/wp-content\/uploads\/sites\/3\/2024\/11\/8-_MG_1627-300x200.jpg 300w, https:\/\/gruene-eichstaett.de\/denkendorf-stammham\/wp-content\/uploads\/sites\/3\/2024\/11\/8-_MG_1627-768x512.jpg 768w, https:\/\/gruene-eichstaett.de\/denkendorf-stammham\/wp-content\/uploads\/sites\/3\/2024\/11\/8-_MG_1627-1536x1024.jpg 1536w, https:\/\/gruene-eichstaett.de\/denkendorf-stammham\/wp-content\/uploads\/sites\/3\/2024\/11\/8-_MG_1627-2048x1365.jpg 2048w\" sizes=\"auto, (max-width: 1024px) 100vw, 1024px\" \/><\/figure>\n\n\n\n<figure class=\"wp-block-image size-large\"><img loading=\"lazy\" decoding=\"async\" width=\"1024\" height=\"683\" data-id=\"427\" src=\"https:\/\/gruene-eichstaett.de\/denkendorf-stammham\/wp-content\/uploads\/sites\/3\/2024\/11\/9-_MG_1642-1024x683.jpg\" alt=\"\" class=\"wp-image-427\" srcset=\"https:\/\/gruene-eichstaett.de\/denkendorf-stammham\/wp-content\/uploads\/sites\/3\/2024\/11\/9-_MG_1642-1024x683.jpg 1024w, https:\/\/gruene-eichstaett.de\/denkendorf-stammham\/wp-content\/uploads\/sites\/3\/2024\/11\/9-_MG_1642-300x200.jpg 300w, https:\/\/gruene-eichstaett.de\/denkendorf-stammham\/wp-content\/uploads\/sites\/3\/2024\/11\/9-_MG_1642-768x512.jpg 768w, https:\/\/gruene-eichstaett.de\/denkendorf-stammham\/wp-content\/uploads\/sites\/3\/2024\/11\/9-_MG_1642-1536x1024.jpg 1536w, https:\/\/gruene-eichstaett.de\/denkendorf-stammham\/wp-content\/uploads\/sites\/3\/2024\/11\/9-_MG_1642-2048x1365.jpg 2048w\" sizes=\"auto, (max-width: 1024px) 100vw, 1024px\" \/><\/figure>\n\n\n\n<figure class=\"wp-block-image size-large\"><img loading=\"lazy\" decoding=\"async\" width=\"1024\" height=\"683\" data-id=\"428\" src=\"https:\/\/gruene-eichstaett.de\/denkendorf-stammham\/wp-content\/uploads\/sites\/3\/2024\/11\/10-IMG_1646-1024x683.jpg\" alt=\"\" class=\"wp-image-428\" srcset=\"https:\/\/gruene-eichstaett.de\/denkendorf-stammham\/wp-content\/uploads\/sites\/3\/2024\/11\/10-IMG_1646-1024x683.jpg 1024w, https:\/\/gruene-eichstaett.de\/denkendorf-stammham\/wp-content\/uploads\/sites\/3\/2024\/11\/10-IMG_1646-300x200.jpg 300w, https:\/\/gruene-eichstaett.de\/denkendorf-stammham\/wp-content\/uploads\/sites\/3\/2024\/11\/10-IMG_1646-768x512.jpg 768w, https:\/\/gruene-eichstaett.de\/denkendorf-stammham\/wp-content\/uploads\/sites\/3\/2024\/11\/10-IMG_1646-1536x1024.jpg 1536w, https:\/\/gruene-eichstaett.de\/denkendorf-stammham\/wp-content\/uploads\/sites\/3\/2024\/11\/10-IMG_1646-2048x1365.jpg 2048w\" sizes=\"auto, (max-width: 1024px) 100vw, 1024px\" \/><\/figure>\n\n\n\n<figure class=\"wp-block-image size-large\"><img loading=\"lazy\" decoding=\"async\" width=\"1024\" height=\"683\" data-id=\"429\" src=\"https:\/\/gruene-eichstaett.de\/denkendorf-stammham\/wp-content\/uploads\/sites\/3\/2024\/11\/11-_MG_1663-1024x683.jpg\" alt=\"\" class=\"wp-image-429\" srcset=\"https:\/\/gruene-eichstaett.de\/denkendorf-stammham\/wp-content\/uploads\/sites\/3\/2024\/11\/11-_MG_1663-1024x683.jpg 1024w, https:\/\/gruene-eichstaett.de\/denkendorf-stammham\/wp-content\/uploads\/sites\/3\/2024\/11\/11-_MG_1663-300x200.jpg 300w, https:\/\/gruene-eichstaett.de\/denkendorf-stammham\/wp-content\/uploads\/sites\/3\/2024\/11\/11-_MG_1663-768x512.jpg 768w, https:\/\/gruene-eichstaett.de\/denkendorf-stammham\/wp-content\/uploads\/sites\/3\/2024\/11\/11-_MG_1663-1536x1024.jpg 1536w, https:\/\/gruene-eichstaett.de\/denkendorf-stammham\/wp-content\/uploads\/sites\/3\/2024\/11\/11-_MG_1663-2048x1365.jpg 2048w\" sizes=\"auto, (max-width: 1024px) 100vw, 1024px\" \/><\/figure>\n\n\n\n<figure class=\"wp-block-image size-large\"><img loading=\"lazy\" decoding=\"async\" width=\"1024\" height=\"683\" data-id=\"430\" src=\"https:\/\/gruene-eichstaett.de\/denkendorf-stammham\/wp-content\/uploads\/sites\/3\/2024\/11\/12-_MG_1673-1024x683.jpg\" alt=\"\" class=\"wp-image-430\" srcset=\"https:\/\/gruene-eichstaett.de\/denkendorf-stammham\/wp-content\/uploads\/sites\/3\/2024\/11\/12-_MG_1673-1024x683.jpg 1024w, https:\/\/gruene-eichstaett.de\/denkendorf-stammham\/wp-content\/uploads\/sites\/3\/2024\/11\/12-_MG_1673-300x200.jpg 300w, https:\/\/gruene-eichstaett.de\/denkendorf-stammham\/wp-content\/uploads\/sites\/3\/2024\/11\/12-_MG_1673-768x512.jpg 768w, https:\/\/gruene-eichstaett.de\/denkendorf-stammham\/wp-content\/uploads\/sites\/3\/2024\/11\/12-_MG_1673-1536x1024.jpg 1536w, https:\/\/gruene-eichstaett.de\/denkendorf-stammham\/wp-content\/uploads\/sites\/3\/2024\/11\/12-_MG_1673-2048x1365.jpg 2048w\" sizes=\"auto, (max-width: 1024px) 100vw, 1024px\" \/><\/figure>\n\n\n\n<figure class=\"wp-block-image size-large\"><img loading=\"lazy\" decoding=\"async\" width=\"1024\" height=\"683\" data-id=\"431\" src=\"https:\/\/gruene-eichstaett.de\/denkendorf-stammham\/wp-content\/uploads\/sites\/3\/2024\/11\/13-_MG_1679-1024x683.jpg\" alt=\"\" class=\"wp-image-431\" srcset=\"https:\/\/gruene-eichstaett.de\/denkendorf-stammham\/wp-content\/uploads\/sites\/3\/2024\/11\/13-_MG_1679-1024x683.jpg 1024w, https:\/\/gruene-eichstaett.de\/denkendorf-stammham\/wp-content\/uploads\/sites\/3\/2024\/11\/13-_MG_1679-300x200.jpg 300w, https:\/\/gruene-eichstaett.de\/denkendorf-stammham\/wp-content\/uploads\/sites\/3\/2024\/11\/13-_MG_1679-768x512.jpg 768w, https:\/\/gruene-eichstaett.de\/denkendorf-stammham\/wp-content\/uploads\/sites\/3\/2024\/11\/13-_MG_1679-1536x1024.jpg 1536w, https:\/\/gruene-eichstaett.de\/denkendorf-stammham\/wp-content\/uploads\/sites\/3\/2024\/11\/13-_MG_1679-2048x1365.jpg 2048w\" sizes=\"auto, (max-width: 1024px) 100vw, 1024px\" \/><\/figure>\n\n\n\n<figure class=\"wp-block-image size-large\"><img loading=\"lazy\" decoding=\"async\" width=\"1024\" height=\"683\" data-id=\"432\" src=\"https:\/\/gruene-eichstaett.de\/denkendorf-stammham\/wp-content\/uploads\/sites\/3\/2024\/11\/14-_MG_1684-1024x683.jpg\" alt=\"\" class=\"wp-image-432\" srcset=\"https:\/\/gruene-eichstaett.de\/denkendorf-stammham\/wp-content\/uploads\/sites\/3\/2024\/11\/14-_MG_1684-1024x683.jpg 1024w, https:\/\/gruene-eichstaett.de\/denkendorf-stammham\/wp-content\/uploads\/sites\/3\/2024\/11\/14-_MG_1684-300x200.jpg 300w, https:\/\/gruene-eichstaett.de\/denkendorf-stammham\/wp-content\/uploads\/sites\/3\/2024\/11\/14-_MG_1684-768x512.jpg 768w, https:\/\/gruene-eichstaett.de\/denkendorf-stammham\/wp-content\/uploads\/sites\/3\/2024\/11\/14-_MG_1684-1536x1024.jpg 1536w, https:\/\/gruene-eichstaett.de\/denkendorf-stammham\/wp-content\/uploads\/sites\/3\/2024\/11\/14-_MG_1684-2048x1365.jpg 2048w\" sizes=\"auto, (max-width: 1024px) 100vw, 1024px\" \/><\/figure>\n\n\n\n<figure class=\"wp-block-image size-large\"><img loading=\"lazy\" decoding=\"async\" width=\"683\" height=\"1024\" data-id=\"433\" src=\"https:\/\/gruene-eichstaett.de\/denkendorf-stammham\/wp-content\/uploads\/sites\/3\/2024\/11\/15-_MG_1686-683x1024.jpg\" alt=\"\" class=\"wp-image-433\" srcset=\"https:\/\/gruene-eichstaett.de\/denkendorf-stammham\/wp-content\/uploads\/sites\/3\/2024\/11\/15-_MG_1686-683x1024.jpg 683w, https:\/\/gruene-eichstaett.de\/denkendorf-stammham\/wp-content\/uploads\/sites\/3\/2024\/11\/15-_MG_1686-200x300.jpg 200w, https:\/\/gruene-eichstaett.de\/denkendorf-stammham\/wp-content\/uploads\/sites\/3\/2024\/11\/15-_MG_1686-768x1152.jpg 768w, https:\/\/gruene-eichstaett.de\/denkendorf-stammham\/wp-content\/uploads\/sites\/3\/2024\/11\/15-_MG_1686-1024x1536.jpg 1024w, https:\/\/gruene-eichstaett.de\/denkendorf-stammham\/wp-content\/uploads\/sites\/3\/2024\/11\/15-_MG_1686-1365x2048.jpg 1365w, https:\/\/gruene-eichstaett.de\/denkendorf-stammham\/wp-content\/uploads\/sites\/3\/2024\/11\/15-_MG_1686-scaled.jpg 1707w\" sizes=\"auto, (max-width: 683px) 100vw, 683px\" \/><\/figure>\n\n\n\n<figure class=\"wp-block-image size-large\"><img loading=\"lazy\" decoding=\"async\" width=\"1024\" height=\"683\" data-id=\"434\" src=\"https:\/\/gruene-eichstaett.de\/denkendorf-stammham\/wp-content\/uploads\/sites\/3\/2024\/11\/16-_MG_1693-1024x683.jpg\" alt=\"\" class=\"wp-image-434\" srcset=\"https:\/\/gruene-eichstaett.de\/denkendorf-stammham\/wp-content\/uploads\/sites\/3\/2024\/11\/16-_MG_1693-1024x683.jpg 1024w, https:\/\/gruene-eichstaett.de\/denkendorf-stammham\/wp-content\/uploads\/sites\/3\/2024\/11\/16-_MG_1693-300x200.jpg 300w, https:\/\/gruene-eichstaett.de\/denkendorf-stammham\/wp-content\/uploads\/sites\/3\/2024\/11\/16-_MG_1693-768x512.jpg 768w, https:\/\/gruene-eichstaett.de\/denkendorf-stammham\/wp-content\/uploads\/sites\/3\/2024\/11\/16-_MG_1693-1536x1024.jpg 1536w, https:\/\/gruene-eichstaett.de\/denkendorf-stammham\/wp-content\/uploads\/sites\/3\/2024\/11\/16-_MG_1693-2048x1365.jpg 2048w\" sizes=\"auto, (max-width: 1024px) 100vw, 1024px\" \/><\/figure>\n\n\n\n<figure class=\"wp-block-image size-large\"><img loading=\"lazy\" decoding=\"async\" width=\"1024\" height=\"683\" data-id=\"435\" src=\"https:\/\/gruene-eichstaett.de\/denkendorf-stammham\/wp-content\/uploads\/sites\/3\/2024\/11\/17-_MG_1723-1024x683.jpg\" alt=\"\" class=\"wp-image-435\" srcset=\"https:\/\/gruene-eichstaett.de\/denkendorf-stammham\/wp-content\/uploads\/sites\/3\/2024\/11\/17-_MG_1723-1024x683.jpg 1024w, https:\/\/gruene-eichstaett.de\/denkendorf-stammham\/wp-content\/uploads\/sites\/3\/2024\/11\/17-_MG_1723-300x200.jpg 300w, https:\/\/gruene-eichstaett.de\/denkendorf-stammham\/wp-content\/uploads\/sites\/3\/2024\/11\/17-_MG_1723-768x512.jpg 768w, https:\/\/gruene-eichstaett.de\/denkendorf-stammham\/wp-content\/uploads\/sites\/3\/2024\/11\/17-_MG_1723-1536x1024.jpg 1536w, https:\/\/gruene-eichstaett.de\/denkendorf-stammham\/wp-content\/uploads\/sites\/3\/2024\/11\/17-_MG_1723-2048x1365.jpg 2048w\" sizes=\"auto, (max-width: 1024px) 100vw, 1024px\" \/><\/figure>\n\n\n\n<figure class=\"wp-block-image size-large\"><img loading=\"lazy\" decoding=\"async\" width=\"1024\" height=\"683\" data-id=\"436\" src=\"https:\/\/gruene-eichstaett.de\/denkendorf-stammham\/wp-content\/uploads\/sites\/3\/2024\/11\/18-_MG_1736-1024x683.jpg\" alt=\"\" class=\"wp-image-436\" srcset=\"https:\/\/gruene-eichstaett.de\/denkendorf-stammham\/wp-content\/uploads\/sites\/3\/2024\/11\/18-_MG_1736-1024x683.jpg 1024w, https:\/\/gruene-eichstaett.de\/denkendorf-stammham\/wp-content\/uploads\/sites\/3\/2024\/11\/18-_MG_1736-300x200.jpg 300w, https:\/\/gruene-eichstaett.de\/denkendorf-stammham\/wp-content\/uploads\/sites\/3\/2024\/11\/18-_MG_1736-768x512.jpg 768w, https:\/\/gruene-eichstaett.de\/denkendorf-stammham\/wp-content\/uploads\/sites\/3\/2024\/11\/18-_MG_1736-1536x1024.jpg 1536w, https:\/\/gruene-eichstaett.de\/denkendorf-stammham\/wp-content\/uploads\/sites\/3\/2024\/11\/18-_MG_1736-2048x1366.jpg 2048w\" sizes=\"auto, (max-width: 1024px) 100vw, 1024px\" \/><\/figure>\n\n\n\n<figure class=\"wp-block-image size-large\"><img loading=\"lazy\" decoding=\"async\" width=\"1024\" height=\"683\" data-id=\"437\" src=\"https:\/\/gruene-eichstaett.de\/denkendorf-stammham\/wp-content\/uploads\/sites\/3\/2024\/11\/19-_MG_1743-1024x683.jpg\" alt=\"\" class=\"wp-image-437\" srcset=\"https:\/\/gruene-eichstaett.de\/denkendorf-stammham\/wp-content\/uploads\/sites\/3\/2024\/11\/19-_MG_1743-1024x683.jpg 1024w, https:\/\/gruene-eichstaett.de\/denkendorf-stammham\/wp-content\/uploads\/sites\/3\/2024\/11\/19-_MG_1743-300x200.jpg 300w, https:\/\/gruene-eichstaett.de\/denkendorf-stammham\/wp-content\/uploads\/sites\/3\/2024\/11\/19-_MG_1743-768x512.jpg 768w, https:\/\/gruene-eichstaett.de\/denkendorf-stammham\/wp-content\/uploads\/sites\/3\/2024\/11\/19-_MG_1743-1536x1024.jpg 1536w, https:\/\/gruene-eichstaett.de\/denkendorf-stammham\/wp-content\/uploads\/sites\/3\/2024\/11\/19-_MG_1743-2048x1365.jpg 2048w\" sizes=\"auto, (max-width: 1024px) 100vw, 1024px\" \/><\/figure>\n\n\n\n<figure class=\"wp-block-image size-large\"><img loading=\"lazy\" decoding=\"async\" width=\"1024\" height=\"683\" data-id=\"438\" src=\"https:\/\/gruene-eichstaett.de\/denkendorf-stammham\/wp-content\/uploads\/sites\/3\/2024\/11\/20-_MG_1768-1024x683.jpg\" alt=\"\" class=\"wp-image-438\" srcset=\"https:\/\/gruene-eichstaett.de\/denkendorf-stammham\/wp-content\/uploads\/sites\/3\/2024\/11\/20-_MG_1768-1024x683.jpg 1024w, https:\/\/gruene-eichstaett.de\/denkendorf-stammham\/wp-content\/uploads\/sites\/3\/2024\/11\/20-_MG_1768-300x200.jpg 300w, https:\/\/gruene-eichstaett.de\/denkendorf-stammham\/wp-content\/uploads\/sites\/3\/2024\/11\/20-_MG_1768-768x512.jpg 768w, https:\/\/gruene-eichstaett.de\/denkendorf-stammham\/wp-content\/uploads\/sites\/3\/2024\/11\/20-_MG_1768-1536x1024.jpg 1536w, https:\/\/gruene-eichstaett.de\/denkendorf-stammham\/wp-content\/uploads\/sites\/3\/2024\/11\/20-_MG_1768-2048x1365.jpg 2048w\" sizes=\"auto, (max-width: 1024px) 100vw, 1024px\" \/><\/figure>\n\n\n\n<figure class=\"wp-block-image size-large\"><img loading=\"lazy\" decoding=\"async\" width=\"1024\" height=\"683\" data-id=\"439\" src=\"https:\/\/gruene-eichstaett.de\/denkendorf-stammham\/wp-content\/uploads\/sites\/3\/2024\/11\/21-IMG_1786-1024x683.jpg\" alt=\"\" class=\"wp-image-439\" srcset=\"https:\/\/gruene-eichstaett.de\/denkendorf-stammham\/wp-content\/uploads\/sites\/3\/2024\/11\/21-IMG_1786-1024x683.jpg 1024w, https:\/\/gruene-eichstaett.de\/denkendorf-stammham\/wp-content\/uploads\/sites\/3\/2024\/11\/21-IMG_1786-300x200.jpg 300w, https:\/\/gruene-eichstaett.de\/denkendorf-stammham\/wp-content\/uploads\/sites\/3\/2024\/11\/21-IMG_1786-768x512.jpg 768w, https:\/\/gruene-eichstaett.de\/denkendorf-stammham\/wp-content\/uploads\/sites\/3\/2024\/11\/21-IMG_1786-1536x1024.jpg 1536w, https:\/\/gruene-eichstaett.de\/denkendorf-stammham\/wp-content\/uploads\/sites\/3\/2024\/11\/21-IMG_1786-2048x1365.jpg 2048w\" sizes=\"auto, (max-width: 1024px) 100vw, 1024px\" \/><\/figure>\n\n\n\n<figure class=\"wp-block-image size-large\"><img loading=\"lazy\" decoding=\"async\" width=\"1024\" height=\"683\" data-id=\"440\" src=\"https:\/\/gruene-eichstaett.de\/denkendorf-stammham\/wp-content\/uploads\/sites\/3\/2024\/11\/22-_MG_1791-1024x683.jpg\" alt=\"\" class=\"wp-image-440\" srcset=\"https:\/\/gruene-eichstaett.de\/denkendorf-stammham\/wp-content\/uploads\/sites\/3\/2024\/11\/22-_MG_1791-1024x683.jpg 1024w, https:\/\/gruene-eichstaett.de\/denkendorf-stammham\/wp-content\/uploads\/sites\/3\/2024\/11\/22-_MG_1791-300x200.jpg 300w, https:\/\/gruene-eichstaett.de\/denkendorf-stammham\/wp-content\/uploads\/sites\/3\/2024\/11\/22-_MG_1791-768x512.jpg 768w, https:\/\/gruene-eichstaett.de\/denkendorf-stammham\/wp-content\/uploads\/sites\/3\/2024\/11\/22-_MG_1791-1536x1024.jpg 1536w, https:\/\/gruene-eichstaett.de\/denkendorf-stammham\/wp-content\/uploads\/sites\/3\/2024\/11\/22-_MG_1791-2048x1365.jpg 2048w\" sizes=\"auto, (max-width: 1024px) 100vw, 1024px\" \/><\/figure>\n\n\n\n<figure class=\"wp-block-image size-large\"><img loading=\"lazy\" decoding=\"async\" width=\"1024\" height=\"683\" data-id=\"441\" src=\"https:\/\/gruene-eichstaett.de\/denkendorf-stammham\/wp-content\/uploads\/sites\/3\/2024\/11\/23-_MG_1796-1024x683.jpg\" alt=\"\" class=\"wp-image-441\" srcset=\"https:\/\/gruene-eichstaett.de\/denkendorf-stammham\/wp-content\/uploads\/sites\/3\/2024\/11\/23-_MG_1796-1024x683.jpg 1024w, https:\/\/gruene-eichstaett.de\/denkendorf-stammham\/wp-content\/uploads\/sites\/3\/2024\/11\/23-_MG_1796-300x200.jpg 300w, https:\/\/gruene-eichstaett.de\/denkendorf-stammham\/wp-content\/uploads\/sites\/3\/2024\/11\/23-_MG_1796-768x512.jpg 768w, https:\/\/gruene-eichstaett.de\/denkendorf-stammham\/wp-content\/uploads\/sites\/3\/2024\/11\/23-_MG_1796-1536x1024.jpg 1536w, https:\/\/gruene-eichstaett.de\/denkendorf-stammham\/wp-content\/uploads\/sites\/3\/2024\/11\/23-_MG_1796-2048x1365.jpg 2048w\" sizes=\"auto, (max-width: 1024px) 100vw, 1024px\" \/><\/figure>\n\n\n\n<figure class=\"wp-block-image size-large\"><img loading=\"lazy\" decoding=\"async\" width=\"1024\" height=\"683\" data-id=\"442\" src=\"https:\/\/gruene-eichstaett.de\/denkendorf-stammham\/wp-content\/uploads\/sites\/3\/2024\/11\/24-_MG_1799-1024x683.jpg\" alt=\"\" class=\"wp-image-442\" srcset=\"https:\/\/gruene-eichstaett.de\/denkendorf-stammham\/wp-content\/uploads\/sites\/3\/2024\/11\/24-_MG_1799-1024x683.jpg 1024w, https:\/\/gruene-eichstaett.de\/denkendorf-stammham\/wp-content\/uploads\/sites\/3\/2024\/11\/24-_MG_1799-300x200.jpg 300w, https:\/\/gruene-eichstaett.de\/denkendorf-stammham\/wp-content\/uploads\/sites\/3\/2024\/11\/24-_MG_1799-768x512.jpg 768w, https:\/\/gruene-eichstaett.de\/denkendorf-stammham\/wp-content\/uploads\/sites\/3\/2024\/11\/24-_MG_1799-1536x1024.jpg 1536w, https:\/\/gruene-eichstaett.de\/denkendorf-stammham\/wp-content\/uploads\/sites\/3\/2024\/11\/24-_MG_1799-2048x1365.jpg 2048w\" sizes=\"auto, (max-width: 1024px) 100vw, 1024px\" \/><\/figure>\n\n\n\n<figure class=\"wp-block-image size-large\"><img loading=\"lazy\" decoding=\"async\" width=\"1024\" height=\"683\" data-id=\"443\" src=\"https:\/\/gruene-eichstaett.de\/denkendorf-stammham\/wp-content\/uploads\/sites\/3\/2024\/11\/25-_MG_1803-1024x683.jpg\" alt=\"\" class=\"wp-image-443\" srcset=\"https:\/\/gruene-eichstaett.de\/denkendorf-stammham\/wp-content\/uploads\/sites\/3\/2024\/11\/25-_MG_1803-1024x683.jpg 1024w, https:\/\/gruene-eichstaett.de\/denkendorf-stammham\/wp-content\/uploads\/sites\/3\/2024\/11\/25-_MG_1803-300x200.jpg 300w, https:\/\/gruene-eichstaett.de\/denkendorf-stammham\/wp-content\/uploads\/sites\/3\/2024\/11\/25-_MG_1803-768x512.jpg 768w, https:\/\/gruene-eichstaett.de\/denkendorf-stammham\/wp-content\/uploads\/sites\/3\/2024\/11\/25-_MG_1803-1536x1024.jpg 1536w, https:\/\/gruene-eichstaett.de\/denkendorf-stammham\/wp-content\/uploads\/sites\/3\/2024\/11\/25-_MG_1803-2048x1366.jpg 2048w\" sizes=\"auto, (max-width: 1024px) 100vw, 1024px\" \/><\/figure>\n\n\n\n<figure class=\"wp-block-image size-large\"><img loading=\"lazy\" decoding=\"async\" width=\"1024\" height=\"683\" data-id=\"444\" src=\"https:\/\/gruene-eichstaett.de\/denkendorf-stammham\/wp-content\/uploads\/sites\/3\/2024\/11\/26-360C4EDD-2C4E-475B-8321-0A8B709DE7DA-1024x683.jpg\" alt=\"\" class=\"wp-image-444\" srcset=\"https:\/\/gruene-eichstaett.de\/denkendorf-stammham\/wp-content\/uploads\/sites\/3\/2024\/11\/26-360C4EDD-2C4E-475B-8321-0A8B709DE7DA-1024x683.jpg 1024w, https:\/\/gruene-eichstaett.de\/denkendorf-stammham\/wp-content\/uploads\/sites\/3\/2024\/11\/26-360C4EDD-2C4E-475B-8321-0A8B709DE7DA-300x200.jpg 300w, https:\/\/gruene-eichstaett.de\/denkendorf-stammham\/wp-content\/uploads\/sites\/3\/2024\/11\/26-360C4EDD-2C4E-475B-8321-0A8B709DE7DA-768x512.jpg 768w, https:\/\/gruene-eichstaett.de\/denkendorf-stammham\/wp-content\/uploads\/sites\/3\/2024\/11\/26-360C4EDD-2C4E-475B-8321-0A8B709DE7DA.jpg 1440w\" sizes=\"auto, (max-width: 1024px) 100vw, 1024px\" \/><\/figure>\n\n\n\n<figure class=\"wp-block-image size-large\"><img loading=\"lazy\" decoding=\"async\" width=\"1024\" height=\"683\" data-id=\"445\" src=\"https:\/\/gruene-eichstaett.de\/denkendorf-stammham\/wp-content\/uploads\/sites\/3\/2024\/11\/27-389DBF93-3BC4-4E4A-AD3D-254F9C2359CC-1024x683.jpg\" alt=\"\" class=\"wp-image-445\" srcset=\"https:\/\/gruene-eichstaett.de\/denkendorf-stammham\/wp-content\/uploads\/sites\/3\/2024\/11\/27-389DBF93-3BC4-4E4A-AD3D-254F9C2359CC-1024x683.jpg 1024w, https:\/\/gruene-eichstaett.de\/denkendorf-stammham\/wp-content\/uploads\/sites\/3\/2024\/11\/27-389DBF93-3BC4-4E4A-AD3D-254F9C2359CC-300x200.jpg 300w, https:\/\/gruene-eichstaett.de\/denkendorf-stammham\/wp-content\/uploads\/sites\/3\/2024\/11\/27-389DBF93-3BC4-4E4A-AD3D-254F9C2359CC-768x512.jpg 768w, https:\/\/gruene-eichstaett.de\/denkendorf-stammham\/wp-content\/uploads\/sites\/3\/2024\/11\/27-389DBF93-3BC4-4E4A-AD3D-254F9C2359CC.jpg 1440w\" sizes=\"auto, (max-width: 1024px) 100vw, 1024px\" \/><\/figure>\n\n\n\n<figure class=\"wp-block-image size-large\"><img loading=\"lazy\" decoding=\"async\" width=\"1024\" height=\"683\" data-id=\"446\" src=\"https:\/\/gruene-eichstaett.de\/denkendorf-stammham\/wp-content\/uploads\/sites\/3\/2024\/11\/28-AD01500C-E2D4-4224-A830-B2B0A8250D22-1024x683.jpg\" alt=\"\" class=\"wp-image-446\" srcset=\"https:\/\/gruene-eichstaett.de\/denkendorf-stammham\/wp-content\/uploads\/sites\/3\/2024\/11\/28-AD01500C-E2D4-4224-A830-B2B0A8250D22-1024x683.jpg 1024w, https:\/\/gruene-eichstaett.de\/denkendorf-stammham\/wp-content\/uploads\/sites\/3\/2024\/11\/28-AD01500C-E2D4-4224-A830-B2B0A8250D22-300x200.jpg 300w, https:\/\/gruene-eichstaett.de\/denkendorf-stammham\/wp-content\/uploads\/sites\/3\/2024\/11\/28-AD01500C-E2D4-4224-A830-B2B0A8250D22-768x512.jpg 768w, https:\/\/gruene-eichstaett.de\/denkendorf-stammham\/wp-content\/uploads\/sites\/3\/2024\/11\/28-AD01500C-E2D4-4224-A830-B2B0A8250D22.jpg 1440w\" sizes=\"auto, (max-width: 1024px) 100vw, 1024px\" \/><\/figure>\n\n\n\n<figure class=\"wp-block-image size-large\"><img loading=\"lazy\" decoding=\"async\" width=\"1024\" height=\"683\" data-id=\"447\" src=\"https:\/\/gruene-eichstaett.de\/denkendorf-stammham\/wp-content\/uploads\/sites\/3\/2024\/11\/29-C3304EAB-ACD7-42CC-BA0F-331A4B0CA818-1024x683.jpg\" alt=\"\" class=\"wp-image-447\" srcset=\"https:\/\/gruene-eichstaett.de\/denkendorf-stammham\/wp-content\/uploads\/sites\/3\/2024\/11\/29-C3304EAB-ACD7-42CC-BA0F-331A4B0CA818-1024x683.jpg 1024w, https:\/\/gruene-eichstaett.de\/denkendorf-stammham\/wp-content\/uploads\/sites\/3\/2024\/11\/29-C3304EAB-ACD7-42CC-BA0F-331A4B0CA818-300x200.jpg 300w, https:\/\/gruene-eichstaett.de\/denkendorf-stammham\/wp-content\/uploads\/sites\/3\/2024\/11\/29-C3304EAB-ACD7-42CC-BA0F-331A4B0CA818-768x512.jpg 768w, https:\/\/gruene-eichstaett.de\/denkendorf-stammham\/wp-content\/uploads\/sites\/3\/2024\/11\/29-C3304EAB-ACD7-42CC-BA0F-331A4B0CA818.jpg 1440w\" sizes=\"auto, (max-width: 1024px) 100vw, 1024px\" \/><\/figure>\n\n\n\n<figure class=\"wp-block-image size-large\"><img loading=\"lazy\" decoding=\"async\" width=\"1024\" height=\"683\" data-id=\"448\" src=\"https:\/\/gruene-eichstaett.de\/denkendorf-stammham\/wp-content\/uploads\/sites\/3\/2024\/11\/30-72A0B543-91C5-40DB-9A48-410CDF362885-1024x683.jpg\" alt=\"\" class=\"wp-image-448\" srcset=\"https:\/\/gruene-eichstaett.de\/denkendorf-stammham\/wp-content\/uploads\/sites\/3\/2024\/11\/30-72A0B543-91C5-40DB-9A48-410CDF362885-1024x683.jpg 1024w, https:\/\/gruene-eichstaett.de\/denkendorf-stammham\/wp-content\/uploads\/sites\/3\/2024\/11\/30-72A0B543-91C5-40DB-9A48-410CDF362885-300x200.jpg 300w, https:\/\/gruene-eichstaett.de\/denkendorf-stammham\/wp-content\/uploads\/sites\/3\/2024\/11\/30-72A0B543-91C5-40DB-9A48-410CDF362885-768x512.jpg 768w, https:\/\/gruene-eichstaett.de\/denkendorf-stammham\/wp-content\/uploads\/sites\/3\/2024\/11\/30-72A0B543-91C5-40DB-9A48-410CDF362885.jpg 1440w\" sizes=\"auto, (max-width: 1024px) 100vw, 1024px\" \/><\/figure>\n\n\n\n<figure class=\"wp-block-image size-large\"><img loading=\"lazy\" decoding=\"async\" width=\"1024\" height=\"683\" data-id=\"449\" src=\"https:\/\/gruene-eichstaett.de\/denkendorf-stammham\/wp-content\/uploads\/sites\/3\/2024\/11\/31-FE16901E-0CC9-4721-BEBD-3BB95ADAA488-1024x683.jpg\" alt=\"\" class=\"wp-image-449\" srcset=\"https:\/\/gruene-eichstaett.de\/denkendorf-stammham\/wp-content\/uploads\/sites\/3\/2024\/11\/31-FE16901E-0CC9-4721-BEBD-3BB95ADAA488-1024x683.jpg 1024w, https:\/\/gruene-eichstaett.de\/denkendorf-stammham\/wp-content\/uploads\/sites\/3\/2024\/11\/31-FE16901E-0CC9-4721-BEBD-3BB95ADAA488-300x200.jpg 300w, https:\/\/gruene-eichstaett.de\/denkendorf-stammham\/wp-content\/uploads\/sites\/3\/2024\/11\/31-FE16901E-0CC9-4721-BEBD-3BB95ADAA488-768x512.jpg 768w, https:\/\/gruene-eichstaett.de\/denkendorf-stammham\/wp-content\/uploads\/sites\/3\/2024\/11\/31-FE16901E-0CC9-4721-BEBD-3BB95ADAA488.jpg 1440w\" sizes=\"auto, (max-width: 1024px) 100vw, 1024px\" \/><\/figure>\n\n\n\n<figure class=\"wp-block-image size-large\"><img loading=\"lazy\" decoding=\"async\" width=\"1024\" height=\"683\" data-id=\"450\" src=\"https:\/\/gruene-eichstaett.de\/denkendorf-stammham\/wp-content\/uploads\/sites\/3\/2024\/11\/32-2C553792-49F6-4842-B14D-D00325ED9375-1024x683.jpg\" alt=\"\" class=\"wp-image-450\" srcset=\"https:\/\/gruene-eichstaett.de\/denkendorf-stammham\/wp-content\/uploads\/sites\/3\/2024\/11\/32-2C553792-49F6-4842-B14D-D00325ED9375-1024x683.jpg 1024w, https:\/\/gruene-eichstaett.de\/denkendorf-stammham\/wp-content\/uploads\/sites\/3\/2024\/11\/32-2C553792-49F6-4842-B14D-D00325ED9375-300x200.jpg 300w, https:\/\/gruene-eichstaett.de\/denkendorf-stammham\/wp-content\/uploads\/sites\/3\/2024\/11\/32-2C553792-49F6-4842-B14D-D00325ED9375-768x512.jpg 768w, https:\/\/gruene-eichstaett.de\/denkendorf-stammham\/wp-content\/uploads\/sites\/3\/2024\/11\/32-2C553792-49F6-4842-B14D-D00325ED9375.jpg 1440w\" sizes=\"auto, (max-width: 1024px) 100vw, 1024px\" \/><\/figure>\n\n\n\n<figure class=\"wp-block-image size-large\"><img loading=\"lazy\" decoding=\"async\" width=\"1024\" height=\"683\" data-id=\"451\" src=\"https:\/\/gruene-eichstaett.de\/denkendorf-stammham\/wp-content\/uploads\/sites\/3\/2024\/11\/33-E9DFA112-8084-46B5-BD6D-D94794BD0063-1024x683.jpg\" alt=\"\" class=\"wp-image-451\" srcset=\"https:\/\/gruene-eichstaett.de\/denkendorf-stammham\/wp-content\/uploads\/sites\/3\/2024\/11\/33-E9DFA112-8084-46B5-BD6D-D94794BD0063-1024x683.jpg 1024w, https:\/\/gruene-eichstaett.de\/denkendorf-stammham\/wp-content\/uploads\/sites\/3\/2024\/11\/33-E9DFA112-8084-46B5-BD6D-D94794BD0063-300x200.jpg 300w, https:\/\/gruene-eichstaett.de\/denkendorf-stammham\/wp-content\/uploads\/sites\/3\/2024\/11\/33-E9DFA112-8084-46B5-BD6D-D94794BD0063-768x512.jpg 768w, https:\/\/gruene-eichstaett.de\/denkendorf-stammham\/wp-content\/uploads\/sites\/3\/2024\/11\/33-E9DFA112-8084-46B5-BD6D-D94794BD0063.jpg 1440w\" sizes=\"auto, (max-width: 1024px) 100vw, 1024px\" \/><\/figure>\n\n\n\n<figure class=\"wp-block-image size-large\"><img loading=\"lazy\" decoding=\"async\" width=\"1024\" height=\"683\" data-id=\"452\" src=\"https:\/\/gruene-eichstaett.de\/denkendorf-stammham\/wp-content\/uploads\/sites\/3\/2024\/11\/34-B2D42CE2-913E-4BE1-87F8-C91C5FC6CE02-1024x683.jpg\" alt=\"\" class=\"wp-image-452\" srcset=\"https:\/\/gruene-eichstaett.de\/denkendorf-stammham\/wp-content\/uploads\/sites\/3\/2024\/11\/34-B2D42CE2-913E-4BE1-87F8-C91C5FC6CE02-1024x683.jpg 1024w, https:\/\/gruene-eichstaett.de\/denkendorf-stammham\/wp-content\/uploads\/sites\/3\/2024\/11\/34-B2D42CE2-913E-4BE1-87F8-C91C5FC6CE02-300x200.jpg 300w, https:\/\/gruene-eichstaett.de\/denkendorf-stammham\/wp-content\/uploads\/sites\/3\/2024\/11\/34-B2D42CE2-913E-4BE1-87F8-C91C5FC6CE02-768x512.jpg 768w, https:\/\/gruene-eichstaett.de\/denkendorf-stammham\/wp-content\/uploads\/sites\/3\/2024\/11\/34-B2D42CE2-913E-4BE1-87F8-C91C5FC6CE02.jpg 1440w\" sizes=\"auto, (max-width: 1024px) 100vw, 1024px\" \/><\/figure>\n\n\n\n<figure class=\"wp-block-image size-large\"><img loading=\"lazy\" decoding=\"async\" width=\"1024\" height=\"683\" data-id=\"453\" src=\"https:\/\/gruene-eichstaett.de\/denkendorf-stammham\/wp-content\/uploads\/sites\/3\/2024\/11\/35-IMG_7090-1024x683.jpg\" alt=\"\" class=\"wp-image-453\" srcset=\"https:\/\/gruene-eichstaett.de\/denkendorf-stammham\/wp-content\/uploads\/sites\/3\/2024\/11\/35-IMG_7090-1024x683.jpg 1024w, https:\/\/gruene-eichstaett.de\/denkendorf-stammham\/wp-content\/uploads\/sites\/3\/2024\/11\/35-IMG_7090-300x200.jpg 300w, https:\/\/gruene-eichstaett.de\/denkendorf-stammham\/wp-content\/uploads\/sites\/3\/2024\/11\/35-IMG_7090-768x512.jpg 768w, https:\/\/gruene-eichstaett.de\/denkendorf-stammham\/wp-content\/uploads\/sites\/3\/2024\/11\/35-IMG_7090-1536x1024.jpg 1536w, https:\/\/gruene-eichstaett.de\/denkendorf-stammham\/wp-content\/uploads\/sites\/3\/2024\/11\/35-IMG_7090-2048x1365.jpg 2048w\" sizes=\"auto, (max-width: 1024px) 100vw, 1024px\" \/><\/figure>\n\n\n\n<figure class=\"wp-block-image size-large\"><img loading=\"lazy\" decoding=\"async\" width=\"1024\" height=\"683\" data-id=\"454\" src=\"https:\/\/gruene-eichstaett.de\/denkendorf-stammham\/wp-content\/uploads\/sites\/3\/2024\/11\/36-IMG_7119-1024x683.jpg\" alt=\"\" class=\"wp-image-454\" srcset=\"https:\/\/gruene-eichstaett.de\/denkendorf-stammham\/wp-content\/uploads\/sites\/3\/2024\/11\/36-IMG_7119-1024x683.jpg 1024w, https:\/\/gruene-eichstaett.de\/denkendorf-stammham\/wp-content\/uploads\/sites\/3\/2024\/11\/36-IMG_7119-300x200.jpg 300w, https:\/\/gruene-eichstaett.de\/denkendorf-stammham\/wp-content\/uploads\/sites\/3\/2024\/11\/36-IMG_7119-768x512.jpg 768w, https:\/\/gruene-eichstaett.de\/denkendorf-stammham\/wp-content\/uploads\/sites\/3\/2024\/11\/36-IMG_7119-1536x1024.jpg 1536w, https:\/\/gruene-eichstaett.de\/denkendorf-stammham\/wp-content\/uploads\/sites\/3\/2024\/11\/36-IMG_7119-2048x1365.jpg 2048w\" sizes=\"auto, (max-width: 1024px) 100vw, 1024px\" \/><\/figure>\n\n\n\n<figure class=\"wp-block-image size-large\"><img loading=\"lazy\" decoding=\"async\" width=\"1024\" height=\"683\" data-id=\"455\" src=\"https:\/\/gruene-eichstaett.de\/denkendorf-stammham\/wp-content\/uploads\/sites\/3\/2024\/11\/37-IMG_7147-1024x683.jpg\" alt=\"\" class=\"wp-image-455\" srcset=\"https:\/\/gruene-eichstaett.de\/denkendorf-stammham\/wp-content\/uploads\/sites\/3\/2024\/11\/37-IMG_7147-1024x683.jpg 1024w, https:\/\/gruene-eichstaett.de\/denkendorf-stammham\/wp-content\/uploads\/sites\/3\/2024\/11\/37-IMG_7147-300x200.jpg 300w, https:\/\/gruene-eichstaett.de\/denkendorf-stammham\/wp-content\/uploads\/sites\/3\/2024\/11\/37-IMG_7147-768x512.jpg 768w, https:\/\/gruene-eichstaett.de\/denkendorf-stammham\/wp-content\/uploads\/sites\/3\/2024\/11\/37-IMG_7147-1536x1024.jpg 1536w, https:\/\/gruene-eichstaett.de\/denkendorf-stammham\/wp-content\/uploads\/sites\/3\/2024\/11\/37-IMG_7147-2048x1365.jpg 2048w\" sizes=\"auto, (max-width: 1024px) 100vw, 1024px\" \/><\/figure>\n\n\n\n<figure class=\"wp-block-image size-large\"><img loading=\"lazy\" decoding=\"async\" width=\"1024\" height=\"683\" data-id=\"456\" src=\"https:\/\/gruene-eichstaett.de\/denkendorf-stammham\/wp-content\/uploads\/sites\/3\/2024\/11\/38-IMG_7159-1024x683.jpg\" alt=\"\" class=\"wp-image-456\" srcset=\"https:\/\/gruene-eichstaett.de\/denkendorf-stammham\/wp-content\/uploads\/sites\/3\/2024\/11\/38-IMG_7159-1024x683.jpg 1024w, https:\/\/gruene-eichstaett.de\/denkendorf-stammham\/wp-content\/uploads\/sites\/3\/2024\/11\/38-IMG_7159-300x200.jpg 300w, https:\/\/gruene-eichstaett.de\/denkendorf-stammham\/wp-content\/uploads\/sites\/3\/2024\/11\/38-IMG_7159-768x512.jpg 768w, https:\/\/gruene-eichstaett.de\/denkendorf-stammham\/wp-content\/uploads\/sites\/3\/2024\/11\/38-IMG_7159-1536x1024.jpg 1536w, https:\/\/gruene-eichstaett.de\/denkendorf-stammham\/wp-content\/uploads\/sites\/3\/2024\/11\/38-IMG_7159-2048x1365.jpg 2048w\" sizes=\"auto, (max-width: 1024px) 100vw, 1024px\" \/><\/figure>\n\n\n\n<figure class=\"wp-block-image size-large\"><img loading=\"lazy\" decoding=\"async\" width=\"1024\" height=\"683\" data-id=\"457\" src=\"https:\/\/gruene-eichstaett.de\/denkendorf-stammham\/wp-content\/uploads\/sites\/3\/2024\/11\/39-IMG_7161-1024x683.jpg\" alt=\"\" class=\"wp-image-457\" srcset=\"https:\/\/gruene-eichstaett.de\/denkendorf-stammham\/wp-content\/uploads\/sites\/3\/2024\/11\/39-IMG_7161-1024x683.jpg 1024w, https:\/\/gruene-eichstaett.de\/denkendorf-stammham\/wp-content\/uploads\/sites\/3\/2024\/11\/39-IMG_7161-300x200.jpg 300w, https:\/\/gruene-eichstaett.de\/denkendorf-stammham\/wp-content\/uploads\/sites\/3\/2024\/11\/39-IMG_7161-768x512.jpg 768w, https:\/\/gruene-eichstaett.de\/denkendorf-stammham\/wp-content\/uploads\/sites\/3\/2024\/11\/39-IMG_7161-1536x1024.jpg 1536w, https:\/\/gruene-eichstaett.de\/denkendorf-stammham\/wp-content\/uploads\/sites\/3\/2024\/11\/39-IMG_7161-2048x1365.jpg 2048w\" sizes=\"auto, (max-width: 1024px) 100vw, 1024px\" \/><\/figure>\n\n\n\n<figure class=\"wp-block-image size-large\"><img loading=\"lazy\" decoding=\"async\" width=\"683\" height=\"1024\" data-id=\"458\" src=\"https:\/\/gruene-eichstaett.de\/denkendorf-stammham\/wp-content\/uploads\/sites\/3\/2024\/11\/40-IMG_7165-683x1024.jpg\" alt=\"\" class=\"wp-image-458\" srcset=\"https:\/\/gruene-eichstaett.de\/denkendorf-stammham\/wp-content\/uploads\/sites\/3\/2024\/11\/40-IMG_7165-683x1024.jpg 683w, https:\/\/gruene-eichstaett.de\/denkendorf-stammham\/wp-content\/uploads\/sites\/3\/2024\/11\/40-IMG_7165-200x300.jpg 200w, https:\/\/gruene-eichstaett.de\/denkendorf-stammham\/wp-content\/uploads\/sites\/3\/2024\/11\/40-IMG_7165-768x1152.jpg 768w, https:\/\/gruene-eichstaett.de\/denkendorf-stammham\/wp-content\/uploads\/sites\/3\/2024\/11\/40-IMG_7165-1024x1536.jpg 1024w, https:\/\/gruene-eichstaett.de\/denkendorf-stammham\/wp-content\/uploads\/sites\/3\/2024\/11\/40-IMG_7165-1365x2048.jpg 1365w, https:\/\/gruene-eichstaett.de\/denkendorf-stammham\/wp-content\/uploads\/sites\/3\/2024\/11\/40-IMG_7165-scaled.jpg 1707w\" sizes=\"auto, (max-width: 683px) 100vw, 683px\" \/><\/figure>\n\n\n\n<figure class=\"wp-block-image size-large\"><img loading=\"lazy\" decoding=\"async\" width=\"1024\" height=\"683\" data-id=\"459\" src=\"https:\/\/gruene-eichstaett.de\/denkendorf-stammham\/wp-content\/uploads\/sites\/3\/2024\/11\/41-IMG_7218-1024x683.jpg\" alt=\"\" class=\"wp-image-459\" srcset=\"https:\/\/gruene-eichstaett.de\/denkendorf-stammham\/wp-content\/uploads\/sites\/3\/2024\/11\/41-IMG_7218-1024x683.jpg 1024w, https:\/\/gruene-eichstaett.de\/denkendorf-stammham\/wp-content\/uploads\/sites\/3\/2024\/11\/41-IMG_7218-300x200.jpg 300w, https:\/\/gruene-eichstaett.de\/denkendorf-stammham\/wp-content\/uploads\/sites\/3\/2024\/11\/41-IMG_7218-768x512.jpg 768w, https:\/\/gruene-eichstaett.de\/denkendorf-stammham\/wp-content\/uploads\/sites\/3\/2024\/11\/41-IMG_7218-1536x1024.jpg 1536w, https:\/\/gruene-eichstaett.de\/denkendorf-stammham\/wp-content\/uploads\/sites\/3\/2024\/11\/41-IMG_7218-2048x1365.jpg 2048w\" sizes=\"auto, (max-width: 1024px) 100vw, 1024px\" \/><\/figure>\n\n\n\n<figure class=\"wp-block-image size-large\"><img loading=\"lazy\" decoding=\"async\" width=\"1024\" height=\"683\" data-id=\"460\" src=\"https:\/\/gruene-eichstaett.de\/denkendorf-stammham\/wp-content\/uploads\/sites\/3\/2024\/11\/42-IMG_7229-1024x683.jpg\" alt=\"\" class=\"wp-image-460\" srcset=\"https:\/\/gruene-eichstaett.de\/denkendorf-stammham\/wp-content\/uploads\/sites\/3\/2024\/11\/42-IMG_7229-1024x683.jpg 1024w, https:\/\/gruene-eichstaett.de\/denkendorf-stammham\/wp-content\/uploads\/sites\/3\/2024\/11\/42-IMG_7229-300x200.jpg 300w, https:\/\/gruene-eichstaett.de\/denkendorf-stammham\/wp-content\/uploads\/sites\/3\/2024\/11\/42-IMG_7229-768x512.jpg 768w, https:\/\/gruene-eichstaett.de\/denkendorf-stammham\/wp-content\/uploads\/sites\/3\/2024\/11\/42-IMG_7229-1536x1024.jpg 1536w, https:\/\/gruene-eichstaett.de\/denkendorf-stammham\/wp-content\/uploads\/sites\/3\/2024\/11\/42-IMG_7229-2048x1365.jpg 2048w\" sizes=\"auto, (max-width: 1024px) 100vw, 1024px\" \/><\/figure>\n\n\n\n<figure class=\"wp-block-image size-large\"><img loading=\"lazy\" decoding=\"async\" width=\"1024\" height=\"683\" data-id=\"461\" src=\"https:\/\/gruene-eichstaett.de\/denkendorf-stammham\/wp-content\/uploads\/sites\/3\/2024\/11\/43-IMG_7284-1024x683.jpg\" alt=\"\" class=\"wp-image-461\" srcset=\"https:\/\/gruene-eichstaett.de\/denkendorf-stammham\/wp-content\/uploads\/sites\/3\/2024\/11\/43-IMG_7284-1024x683.jpg 1024w, https:\/\/gruene-eichstaett.de\/denkendorf-stammham\/wp-content\/uploads\/sites\/3\/2024\/11\/43-IMG_7284-300x200.jpg 300w, https:\/\/gruene-eichstaett.de\/denkendorf-stammham\/wp-content\/uploads\/sites\/3\/2024\/11\/43-IMG_7284-768x512.jpg 768w, https:\/\/gruene-eichstaett.de\/denkendorf-stammham\/wp-content\/uploads\/sites\/3\/2024\/11\/43-IMG_7284-1536x1024.jpg 1536w, https:\/\/gruene-eichstaett.de\/denkendorf-stammham\/wp-content\/uploads\/sites\/3\/2024\/11\/43-IMG_7284-2048x1365.jpg 2048w\" sizes=\"auto, (max-width: 1024px) 100vw, 1024px\" \/><\/figure>\n\n\n\n<figure class=\"wp-block-image size-large\"><img loading=\"lazy\" decoding=\"async\" width=\"1024\" height=\"683\" data-id=\"462\" src=\"https:\/\/gruene-eichstaett.de\/denkendorf-stammham\/wp-content\/uploads\/sites\/3\/2024\/11\/44-IMG_7355-1024x683.jpg\" alt=\"\" class=\"wp-image-462\" srcset=\"https:\/\/gruene-eichstaett.de\/denkendorf-stammham\/wp-content\/uploads\/sites\/3\/2024\/11\/44-IMG_7355-1024x683.jpg 1024w, https:\/\/gruene-eichstaett.de\/denkendorf-stammham\/wp-content\/uploads\/sites\/3\/2024\/11\/44-IMG_7355-300x200.jpg 300w, https:\/\/gruene-eichstaett.de\/denkendorf-stammham\/wp-content\/uploads\/sites\/3\/2024\/11\/44-IMG_7355-768x512.jpg 768w, https:\/\/gruene-eichstaett.de\/denkendorf-stammham\/wp-content\/uploads\/sites\/3\/2024\/11\/44-IMG_7355-1536x1024.jpg 1536w, https:\/\/gruene-eichstaett.de\/denkendorf-stammham\/wp-content\/uploads\/sites\/3\/2024\/11\/44-IMG_7355-2048x1365.jpg 2048w\" sizes=\"auto, (max-width: 1024px) 100vw, 1024px\" \/><\/figure>\n\n\n\n<figure class=\"wp-block-image size-large\"><img loading=\"lazy\" decoding=\"async\" width=\"1024\" height=\"683\" data-id=\"463\" src=\"https:\/\/gruene-eichstaett.de\/denkendorf-stammham\/wp-content\/uploads\/sites\/3\/2024\/11\/45-IMG_7412-1024x683.jpg\" alt=\"\" class=\"wp-image-463\" srcset=\"https:\/\/gruene-eichstaett.de\/denkendorf-stammham\/wp-content\/uploads\/sites\/3\/2024\/11\/45-IMG_7412-1024x683.jpg 1024w, https:\/\/gruene-eichstaett.de\/denkendorf-stammham\/wp-content\/uploads\/sites\/3\/2024\/11\/45-IMG_7412-300x200.jpg 300w, https:\/\/gruene-eichstaett.de\/denkendorf-stammham\/wp-content\/uploads\/sites\/3\/2024\/11\/45-IMG_7412-768x512.jpg 768w, https:\/\/gruene-eichstaett.de\/denkendorf-stammham\/wp-content\/uploads\/sites\/3\/2024\/11\/45-IMG_7412-1536x1024.jpg 1536w, https:\/\/gruene-eichstaett.de\/denkendorf-stammham\/wp-content\/uploads\/sites\/3\/2024\/11\/45-IMG_7412-2048x1365.jpg 2048w\" sizes=\"auto, (max-width: 1024px) 100vw, 1024px\" \/><\/figure>\n\n\n\n<figure class=\"wp-block-image size-large\"><img loading=\"lazy\" decoding=\"async\" width=\"683\" height=\"1024\" data-id=\"464\" src=\"https:\/\/gruene-eichstaett.de\/denkendorf-stammham\/wp-content\/uploads\/sites\/3\/2024\/11\/46-IMG_7419-2-683x1024.jpg\" alt=\"\" class=\"wp-image-464\" srcset=\"https:\/\/gruene-eichstaett.de\/denkendorf-stammham\/wp-content\/uploads\/sites\/3\/2024\/11\/46-IMG_7419-2-683x1024.jpg 683w, https:\/\/gruene-eichstaett.de\/denkendorf-stammham\/wp-content\/uploads\/sites\/3\/2024\/11\/46-IMG_7419-2-200x300.jpg 200w, https:\/\/gruene-eichstaett.de\/denkendorf-stammham\/wp-content\/uploads\/sites\/3\/2024\/11\/46-IMG_7419-2-768x1152.jpg 768w, https:\/\/gruene-eichstaett.de\/denkendorf-stammham\/wp-content\/uploads\/sites\/3\/2024\/11\/46-IMG_7419-2-1024x1536.jpg 1024w, https:\/\/gruene-eichstaett.de\/denkendorf-stammham\/wp-content\/uploads\/sites\/3\/2024\/11\/46-IMG_7419-2-1365x2048.jpg 1365w, https:\/\/gruene-eichstaett.de\/denkendorf-stammham\/wp-content\/uploads\/sites\/3\/2024\/11\/46-IMG_7419-2-scaled.jpg 1707w\" sizes=\"auto, (max-width: 683px) 100vw, 683px\" \/><\/figure>\n\n\n\n<figure class=\"wp-block-image size-large\"><img loading=\"lazy\" decoding=\"async\" width=\"768\" height=\"1024\" data-id=\"465\" src=\"https:\/\/gruene-eichstaett.de\/denkendorf-stammham\/wp-content\/uploads\/sites\/3\/2024\/11\/47-IMG_7369_live-768x1024.jpg\" alt=\"\" class=\"wp-image-465\" srcset=\"https:\/\/gruene-eichstaett.de\/denkendorf-stammham\/wp-content\/uploads\/sites\/3\/2024\/11\/47-IMG_7369_live-768x1024.jpg 768w, https:\/\/gruene-eichstaett.de\/denkendorf-stammham\/wp-content\/uploads\/sites\/3\/2024\/11\/47-IMG_7369_live-225x300.jpg 225w, https:\/\/gruene-eichstaett.de\/denkendorf-stammham\/wp-content\/uploads\/sites\/3\/2024\/11\/47-IMG_7369_live-1152x1536.jpg 1152w, https:\/\/gruene-eichstaett.de\/denkendorf-stammham\/wp-content\/uploads\/sites\/3\/2024\/11\/47-IMG_7369_live-1536x2048.jpg 1536w, https:\/\/gruene-eichstaett.de\/denkendorf-stammham\/wp-content\/uploads\/sites\/3\/2024\/11\/47-IMG_7369_live-scaled.jpg 1920w\" sizes=\"auto, (max-width: 768px) 100vw, 768px\" \/><\/figure>\n\n\n\n<figure class=\"wp-block-image size-large\"><img loading=\"lazy\" decoding=\"async\" width=\"1024\" height=\"768\" data-id=\"466\" src=\"https:\/\/gruene-eichstaett.de\/denkendorf-stammham\/wp-content\/uploads\/sites\/3\/2024\/11\/48-IMG_7371_live-1024x768.jpg\" alt=\"\" class=\"wp-image-466\" srcset=\"https:\/\/gruene-eichstaett.de\/denkendorf-stammham\/wp-content\/uploads\/sites\/3\/2024\/11\/48-IMG_7371_live-1024x768.jpg 1024w, https:\/\/gruene-eichstaett.de\/denkendorf-stammham\/wp-content\/uploads\/sites\/3\/2024\/11\/48-IMG_7371_live-300x225.jpg 300w, https:\/\/gruene-eichstaett.de\/denkendorf-stammham\/wp-content\/uploads\/sites\/3\/2024\/11\/48-IMG_7371_live-768x576.jpg 768w, https:\/\/gruene-eichstaett.de\/denkendorf-stammham\/wp-content\/uploads\/sites\/3\/2024\/11\/48-IMG_7371_live-1536x1152.jpg 1536w, https:\/\/gruene-eichstaett.de\/denkendorf-stammham\/wp-content\/uploads\/sites\/3\/2024\/11\/48-IMG_7371_live-2048x1536.jpg 2048w\" sizes=\"auto, (max-width: 1024px) 100vw, 1024px\" \/><\/figure>\n\n\n\n<figure class=\"wp-block-image size-large\"><img loading=\"lazy\" decoding=\"async\" width=\"1024\" height=\"683\" data-id=\"467\" src=\"https:\/\/gruene-eichstaett.de\/denkendorf-stammham\/wp-content\/uploads\/sites\/3\/2024\/11\/49-IMG_7525-1024x683.jpg\" alt=\"\" class=\"wp-image-467\" srcset=\"https:\/\/gruene-eichstaett.de\/denkendorf-stammham\/wp-content\/uploads\/sites\/3\/2024\/11\/49-IMG_7525-1024x683.jpg 1024w, https:\/\/gruene-eichstaett.de\/denkendorf-stammham\/wp-content\/uploads\/sites\/3\/2024\/11\/49-IMG_7525-300x200.jpg 300w, https:\/\/gruene-eichstaett.de\/denkendorf-stammham\/wp-content\/uploads\/sites\/3\/2024\/11\/49-IMG_7525-768x512.jpg 768w, https:\/\/gruene-eichstaett.de\/denkendorf-stammham\/wp-content\/uploads\/sites\/3\/2024\/11\/49-IMG_7525-1536x1024.jpg 1536w, https:\/\/gruene-eichstaett.de\/denkendorf-stammham\/wp-content\/uploads\/sites\/3\/2024\/11\/49-IMG_7525-2048x1365.jpg 2048w\" sizes=\"auto, (max-width: 1024px) 100vw, 1024px\" \/><\/figure>\n\n\n\n<figure class=\"wp-block-image size-large\"><img loading=\"lazy\" decoding=\"async\" width=\"1024\" height=\"683\" data-id=\"468\" src=\"https:\/\/gruene-eichstaett.de\/denkendorf-stammham\/wp-content\/uploads\/sites\/3\/2024\/11\/50-IMG_7547-1024x683.jpg\" alt=\"\" class=\"wp-image-468\" srcset=\"https:\/\/gruene-eichstaett.de\/denkendorf-stammham\/wp-content\/uploads\/sites\/3\/2024\/11\/50-IMG_7547-1024x683.jpg 1024w, https:\/\/gruene-eichstaett.de\/denkendorf-stammham\/wp-content\/uploads\/sites\/3\/2024\/11\/50-IMG_7547-300x200.jpg 300w, https:\/\/gruene-eichstaett.de\/denkendorf-stammham\/wp-content\/uploads\/sites\/3\/2024\/11\/50-IMG_7547-768x512.jpg 768w, https:\/\/gruene-eichstaett.de\/denkendorf-stammham\/wp-content\/uploads\/sites\/3\/2024\/11\/50-IMG_7547-1536x1024.jpg 1536w, https:\/\/gruene-eichstaett.de\/denkendorf-stammham\/wp-content\/uploads\/sites\/3\/2024\/11\/50-IMG_7547-2048x1365.jpg 2048w\" sizes=\"auto, (max-width: 1024px) 100vw, 1024px\" \/><\/figure>\n<\/figure>\n","protected":false},"excerpt":{"rendered":"<p>Der Ortsverband der Gr\u00fcnen Denkendorf-Stammham veranstaltete auf dem Biohof Meier in Denkendorf vom 30.08 bis 20.09.2024 eine Ausstellung von Bayern Innovativ zum Thema &#8222;Eletromobilit\u00e4t&#8220;. An drei Wochenenden bot die Wanderausstellung [&hellip;]<\/p>\n","protected":false},"author":-1,"featured_media":428,"comment_status":"open","ping_status":"open","sticky":false,"template":"","format":"standard","meta":{"footnotes":""},"categories":[1],"tags":[],"class_list":["post-405","post","type-post","status-publish","format-standard","has-post-thumbnail","hentry","category-allgemein"],"yoast_head":"<!-- This site is optimized with the Yoast SEO plugin v27.4 - https:\/\/yoast.com\/product\/yoast-seo-wordpress\/ -->\n<title>Ausstellung zur E-Mobilit\u00e4t: &quot;E-motion anstatt E-mission&quot; - B\u00dcNDNIS 90\/DIE GR\u00dcNEN<\/title>\n<meta name=\"robots\" content=\"index, follow, max-snippet:-1, max-image-preview:large, max-video-preview:-1\" \/>\n<link rel=\"canonical\" href=\"https:\/\/gruene-eichstaett.de\/denkendorf-stammham\/ausstellung-zur-e-mobilitaet-e-motion-anstatt-e-mission\/\" \/>\n<meta property=\"og:locale\" content=\"de_DE\" \/>\n<meta property=\"og:type\" content=\"article\" \/>\n<meta property=\"og:title\" content=\"Ausstellung zur E-Mobilit\u00e4t: &quot;E-motion anstatt E-mission&quot; - B\u00dcNDNIS 90\/DIE GR\u00dcNEN\" \/>\n<meta property=\"og:description\" content=\"Der Ortsverband der Gr\u00fcnen Denkendorf-Stammham veranstaltete auf dem Biohof Meier in Denkendorf vom 30.08 bis 20.09.2024 eine Ausstellung von Bayern Innovativ zum Thema &#8222;Eletromobilit\u00e4t&#8220;. An drei Wochenenden bot die Wanderausstellung [&hellip;]\" \/>\n<meta property=\"og:url\" content=\"https:\/\/gruene-eichstaett.de\/denkendorf-stammham\/ausstellung-zur-e-mobilitaet-e-motion-anstatt-e-mission\/\" \/>\n<meta property=\"og:site_name\" content=\"B\u00dcNDNIS 90\/DIE GR\u00dcNEN\" \/>\n<meta property=\"article:published_time\" content=\"2024-09-20T21:10:11+00:00\" \/>\n<meta property=\"article:modified_time\" content=\"2024-11-12T21:07:13+00:00\" \/>\n<meta property=\"og:image\" content=\"https:\/\/gruene-eichstaett.de\/denkendorf-stammham\/wp-content\/uploads\/sites\/3\/2024\/11\/10-IMG_1646-scaled.jpg\" \/>\n\t<meta property=\"og:image:width\" content=\"2560\" \/>\n\t<meta property=\"og:image:height\" content=\"1707\" \/>\n\t<meta property=\"og:image:type\" content=\"image\/jpeg\" \/>\n<meta name=\"author\" content=\"ruedigervogel\" \/>\n<meta name=\"twitter:card\" content=\"summary_large_image\" \/>\n<meta name=\"twitter:label1\" content=\"Verfasst von\" \/>\n\t<meta name=\"twitter:data1\" content=\"ruedigervogel\" \/>\n\t<meta name=\"twitter:label2\" content=\"Gesch\u00e4tzte Lesezeit\" \/>\n\t<meta name=\"twitter:data2\" content=\"13\u00a0Minuten\" \/>\n<script type=\"application\/ld+json\" class=\"yoast-schema-graph\">{\"@context\":\"https:\\\/\\\/schema.org\",\"@graph\":[{\"@type\":\"Article\",\"@id\":\"https:\\\/\\\/gruene-eichstaett.de\\\/denkendorf-stammham\\\/ausstellung-zur-e-mobilitaet-e-motion-anstatt-e-mission\\\/#article\",\"isPartOf\":{\"@id\":\"https:\\\/\\\/gruene-eichstaett.de\\\/denkendorf-stammham\\\/ausstellung-zur-e-mobilitaet-e-motion-anstatt-e-mission\\\/\"},\"author\":{\"name\":\"ruedigervogel\",\"@id\":\"https:\\\/\\\/gruene-eichstaett.de\\\/denkendorf-stammham\\\/#\\\/schema\\\/person\\\/dab6b28dfcf6ff64933926216d3a404f\"},\"headline\":\"Ausstellung zur E-Mobilit\u00e4t: &#8222;E-motion anstatt E-mission&#8220;\",\"datePublished\":\"2024-09-20T21:10:11+00:00\",\"dateModified\":\"2024-11-12T21:07:13+00:00\",\"mainEntityOfPage\":{\"@id\":\"https:\\\/\\\/gruene-eichstaett.de\\\/denkendorf-stammham\\\/ausstellung-zur-e-mobilitaet-e-motion-anstatt-e-mission\\\/\"},\"wordCount\":436,\"commentCount\":0,\"publisher\":{\"@id\":\"https:\\\/\\\/gruene-eichstaett.de\\\/denkendorf-stammham\\\/#organization\"},\"image\":{\"@id\":\"https:\\\/\\\/gruene-eichstaett.de\\\/denkendorf-stammham\\\/ausstellung-zur-e-mobilitaet-e-motion-anstatt-e-mission\\\/#primaryimage\"},\"thumbnailUrl\":\"https:\\\/\\\/gruene-eichstaett.de\\\/denkendorf-stammham\\\/wp-content\\\/uploads\\\/sites\\\/3\\\/2024\\\/11\\\/10-IMG_1646-scaled.jpg\",\"inLanguage\":\"de\",\"potentialAction\":[{\"@type\":\"CommentAction\",\"name\":\"Comment\",\"target\":[\"https:\\\/\\\/gruene-eichstaett.de\\\/denkendorf-stammham\\\/ausstellung-zur-e-mobilitaet-e-motion-anstatt-e-mission\\\/#respond\"]}]},{\"@type\":\"WebPage\",\"@id\":\"https:\\\/\\\/gruene-eichstaett.de\\\/denkendorf-stammham\\\/ausstellung-zur-e-mobilitaet-e-motion-anstatt-e-mission\\\/\",\"url\":\"https:\\\/\\\/gruene-eichstaett.de\\\/denkendorf-stammham\\\/ausstellung-zur-e-mobilitaet-e-motion-anstatt-e-mission\\\/\",\"name\":\"Ausstellung zur E-Mobilit\u00e4t: \\\"E-motion anstatt E-mission\\\" - B\u00dcNDNIS 90\\\/DIE GR\u00dcNEN\",\"isPartOf\":{\"@id\":\"https:\\\/\\\/gruene-eichstaett.de\\\/denkendorf-stammham\\\/#website\"},\"primaryImageOfPage\":{\"@id\":\"https:\\\/\\\/gruene-eichstaett.de\\\/denkendorf-stammham\\\/ausstellung-zur-e-mobilitaet-e-motion-anstatt-e-mission\\\/#primaryimage\"},\"image\":{\"@id\":\"https:\\\/\\\/gruene-eichstaett.de\\\/denkendorf-stammham\\\/ausstellung-zur-e-mobilitaet-e-motion-anstatt-e-mission\\\/#primaryimage\"},\"thumbnailUrl\":\"https:\\\/\\\/gruene-eichstaett.de\\\/denkendorf-stammham\\\/wp-content\\\/uploads\\\/sites\\\/3\\\/2024\\\/11\\\/10-IMG_1646-scaled.jpg\",\"datePublished\":\"2024-09-20T21:10:11+00:00\",\"dateModified\":\"2024-11-12T21:07:13+00:00\",\"breadcrumb\":{\"@id\":\"https:\\\/\\\/gruene-eichstaett.de\\\/denkendorf-stammham\\\/ausstellung-zur-e-mobilitaet-e-motion-anstatt-e-mission\\\/#breadcrumb\"},\"inLanguage\":\"de\",\"potentialAction\":[{\"@type\":\"ReadAction\",\"target\":[\"https:\\\/\\\/gruene-eichstaett.de\\\/denkendorf-stammham\\\/ausstellung-zur-e-mobilitaet-e-motion-anstatt-e-mission\\\/\"]}]},{\"@type\":\"ImageObject\",\"inLanguage\":\"de\",\"@id\":\"https:\\\/\\\/gruene-eichstaett.de\\\/denkendorf-stammham\\\/ausstellung-zur-e-mobilitaet-e-motion-anstatt-e-mission\\\/#primaryimage\",\"url\":\"https:\\\/\\\/gruene-eichstaett.de\\\/denkendorf-stammham\\\/wp-content\\\/uploads\\\/sites\\\/3\\\/2024\\\/11\\\/10-IMG_1646-scaled.jpg\",\"contentUrl\":\"https:\\\/\\\/gruene-eichstaett.de\\\/denkendorf-stammham\\\/wp-content\\\/uploads\\\/sites\\\/3\\\/2024\\\/11\\\/10-IMG_1646-scaled.jpg\",\"width\":2560,\"height\":1707},{\"@type\":\"BreadcrumbList\",\"@id\":\"https:\\\/\\\/gruene-eichstaett.de\\\/denkendorf-stammham\\\/ausstellung-zur-e-mobilitaet-e-motion-anstatt-e-mission\\\/#breadcrumb\",\"itemListElement\":[{\"@type\":\"ListItem\",\"position\":1,\"name\":\"Startseite\",\"item\":\"https:\\\/\\\/gruene-eichstaett.de\\\/denkendorf-stammham\\\/\"},{\"@type\":\"ListItem\",\"position\":2,\"name\":\"Ausstellung zur E-Mobilit\u00e4t: &#8222;E-motion anstatt E-mission&#8220;\"}]},{\"@type\":\"WebSite\",\"@id\":\"https:\\\/\\\/gruene-eichstaett.de\\\/denkendorf-stammham\\\/#website\",\"url\":\"https:\\\/\\\/gruene-eichstaett.de\\\/denkendorf-stammham\\\/\",\"name\":\"B\u00dcNDNIS 90\\\/DIE GR\u00dcNEN\",\"description\":\"in den Gemeinden Denkendorf und Stammham\",\"publisher\":{\"@id\":\"https:\\\/\\\/gruene-eichstaett.de\\\/denkendorf-stammham\\\/#organization\"},\"potentialAction\":[{\"@type\":\"SearchAction\",\"target\":{\"@type\":\"EntryPoint\",\"urlTemplate\":\"https:\\\/\\\/gruene-eichstaett.de\\\/denkendorf-stammham\\\/?s={search_term_string}\"},\"query-input\":{\"@type\":\"PropertyValueSpecification\",\"valueRequired\":true,\"valueName\":\"search_term_string\"}}],\"inLanguage\":\"de\"},{\"@type\":\"Organization\",\"@id\":\"https:\\\/\\\/gruene-eichstaett.de\\\/denkendorf-stammham\\\/#organization\",\"name\":\"B\u00dcNDNIS 90\\\/DIE GR\u00dcNEN\",\"url\":\"https:\\\/\\\/gruene-eichstaett.de\\\/denkendorf-stammham\\\/\",\"logo\":{\"@type\":\"ImageObject\",\"inLanguage\":\"de\",\"@id\":\"https:\\\/\\\/gruene-eichstaett.de\\\/denkendorf-stammham\\\/#\\\/schema\\\/logo\\\/image\\\/\",\"url\":\"https:\\\/\\\/gruene-eichstaett.de\\\/denkendorf\\\/wp-content\\\/uploads\\\/sites\\\/3\\\/2021\\\/12\\\/Profilbild-Sonenblume.png\",\"contentUrl\":\"https:\\\/\\\/gruene-eichstaett.de\\\/denkendorf\\\/wp-content\\\/uploads\\\/sites\\\/3\\\/2021\\\/12\\\/Profilbild-Sonenblume.png\",\"width\":500,\"height\":500,\"caption\":\"B\u00dcNDNIS 90\\\/DIE GR\u00dcNEN\"},\"image\":{\"@id\":\"https:\\\/\\\/gruene-eichstaett.de\\\/denkendorf-stammham\\\/#\\\/schema\\\/logo\\\/image\\\/\"}},{\"@type\":\"Person\",\"@id\":\"https:\\\/\\\/gruene-eichstaett.de\\\/denkendorf-stammham\\\/#\\\/schema\\\/person\\\/dab6b28dfcf6ff64933926216d3a404f\",\"name\":\"ruedigervogel\",\"image\":{\"@type\":\"ImageObject\",\"inLanguage\":\"de\",\"@id\":\"https:\\\/\\\/secure.gravatar.com\\\/avatar\\\/a0a19927e83ac911acd9e15f805ce141ae86755a33e86083ef142214ede99904?s=96&d=mm&r=g\",\"url\":\"https:\\\/\\\/secure.gravatar.com\\\/avatar\\\/a0a19927e83ac911acd9e15f805ce141ae86755a33e86083ef142214ede99904?s=96&d=mm&r=g\",\"contentUrl\":\"https:\\\/\\\/secure.gravatar.com\\\/avatar\\\/a0a19927e83ac911acd9e15f805ce141ae86755a33e86083ef142214ede99904?s=96&d=mm&r=g\",\"caption\":\"ruedigervogel\"},\"url\":\"https:\\\/\\\/gruene-eichstaett.de\\\/denkendorf-stammham\\\/author\\\/ruedigervogel\\\/\"}]}<\/script>\n<!-- \/ Yoast SEO plugin. -->","yoast_head_json":{"title":"Ausstellung zur E-Mobilit\u00e4t: \"E-motion anstatt E-mission\" - B\u00dcNDNIS 90\/DIE GR\u00dcNEN","robots":{"index":"index","follow":"follow","max-snippet":"max-snippet:-1","max-image-preview":"max-image-preview:large","max-video-preview":"max-video-preview:-1"},"canonical":"https:\/\/gruene-eichstaett.de\/denkendorf-stammham\/ausstellung-zur-e-mobilitaet-e-motion-anstatt-e-mission\/","og_locale":"de_DE","og_type":"article","og_title":"Ausstellung zur E-Mobilit\u00e4t: \"E-motion anstatt E-mission\" - B\u00dcNDNIS 90\/DIE GR\u00dcNEN","og_description":"Der Ortsverband der Gr\u00fcnen Denkendorf-Stammham veranstaltete auf dem Biohof Meier in Denkendorf vom 30.08 bis 20.09.2024 eine Ausstellung von Bayern Innovativ zum Thema &#8222;Eletromobilit\u00e4t&#8220;. An drei Wochenenden bot die Wanderausstellung [&hellip;]","og_url":"https:\/\/gruene-eichstaett.de\/denkendorf-stammham\/ausstellung-zur-e-mobilitaet-e-motion-anstatt-e-mission\/","og_site_name":"B\u00dcNDNIS 90\/DIE GR\u00dcNEN","article_published_time":"2024-09-20T21:10:11+00:00","article_modified_time":"2024-11-12T21:07:13+00:00","og_image":[{"width":2560,"height":1707,"url":"https:\/\/gruene-eichstaett.de\/denkendorf-stammham\/wp-content\/uploads\/sites\/3\/2024\/11\/10-IMG_1646-scaled.jpg","type":"image\/jpeg"}],"author":"ruedigervogel","twitter_card":"summary_large_image","twitter_misc":{"Verfasst von":"ruedigervogel","Gesch\u00e4tzte Lesezeit":"13\u00a0Minuten"},"schema":{"@context":"https:\/\/schema.org","@graph":[{"@type":"Article","@id":"https:\/\/gruene-eichstaett.de\/denkendorf-stammham\/ausstellung-zur-e-mobilitaet-e-motion-anstatt-e-mission\/#article","isPartOf":{"@id":"https:\/\/gruene-eichstaett.de\/denkendorf-stammham\/ausstellung-zur-e-mobilitaet-e-motion-anstatt-e-mission\/"},"author":{"name":"ruedigervogel","@id":"https:\/\/gruene-eichstaett.de\/denkendorf-stammham\/#\/schema\/person\/dab6b28dfcf6ff64933926216d3a404f"},"headline":"Ausstellung zur E-Mobilit\u00e4t: &#8222;E-motion anstatt E-mission&#8220;","datePublished":"2024-09-20T21:10:11+00:00","dateModified":"2024-11-12T21:07:13+00:00","mainEntityOfPage":{"@id":"https:\/\/gruene-eichstaett.de\/denkendorf-stammham\/ausstellung-zur-e-mobilitaet-e-motion-anstatt-e-mission\/"},"wordCount":436,"commentCount":0,"publisher":{"@id":"https:\/\/gruene-eichstaett.de\/denkendorf-stammham\/#organization"},"image":{"@id":"https:\/\/gruene-eichstaett.de\/denkendorf-stammham\/ausstellung-zur-e-mobilitaet-e-motion-anstatt-e-mission\/#primaryimage"},"thumbnailUrl":"https:\/\/gruene-eichstaett.de\/denkendorf-stammham\/wp-content\/uploads\/sites\/3\/2024\/11\/10-IMG_1646-scaled.jpg","inLanguage":"de","potentialAction":[{"@type":"CommentAction","name":"Comment","target":["https:\/\/gruene-eichstaett.de\/denkendorf-stammham\/ausstellung-zur-e-mobilitaet-e-motion-anstatt-e-mission\/#respond"]}]},{"@type":"WebPage","@id":"https:\/\/gruene-eichstaett.de\/denkendorf-stammham\/ausstellung-zur-e-mobilitaet-e-motion-anstatt-e-mission\/","url":"https:\/\/gruene-eichstaett.de\/denkendorf-stammham\/ausstellung-zur-e-mobilitaet-e-motion-anstatt-e-mission\/","name":"Ausstellung zur E-Mobilit\u00e4t: \"E-motion anstatt E-mission\" - B\u00dcNDNIS 90\/DIE GR\u00dcNEN","isPartOf":{"@id":"https:\/\/gruene-eichstaett.de\/denkendorf-stammham\/#website"},"primaryImageOfPage":{"@id":"https:\/\/gruene-eichstaett.de\/denkendorf-stammham\/ausstellung-zur-e-mobilitaet-e-motion-anstatt-e-mission\/#primaryimage"},"image":{"@id":"https:\/\/gruene-eichstaett.de\/denkendorf-stammham\/ausstellung-zur-e-mobilitaet-e-motion-anstatt-e-mission\/#primaryimage"},"thumbnailUrl":"https:\/\/gruene-eichstaett.de\/denkendorf-stammham\/wp-content\/uploads\/sites\/3\/2024\/11\/10-IMG_1646-scaled.jpg","datePublished":"2024-09-20T21:10:11+00:00","dateModified":"2024-11-12T21:07:13+00:00","breadcrumb":{"@id":"https:\/\/gruene-eichstaett.de\/denkendorf-stammham\/ausstellung-zur-e-mobilitaet-e-motion-anstatt-e-mission\/#breadcrumb"},"inLanguage":"de","potentialAction":[{"@type":"ReadAction","target":["https:\/\/gruene-eichstaett.de\/denkendorf-stammham\/ausstellung-zur-e-mobilitaet-e-motion-anstatt-e-mission\/"]}]},{"@type":"ImageObject","inLanguage":"de","@id":"https:\/\/gruene-eichstaett.de\/denkendorf-stammham\/ausstellung-zur-e-mobilitaet-e-motion-anstatt-e-mission\/#primaryimage","url":"https:\/\/gruene-eichstaett.de\/denkendorf-stammham\/wp-content\/uploads\/sites\/3\/2024\/11\/10-IMG_1646-scaled.jpg","contentUrl":"https:\/\/gruene-eichstaett.de\/denkendorf-stammham\/wp-content\/uploads\/sites\/3\/2024\/11\/10-IMG_1646-scaled.jpg","width":2560,"height":1707},{"@type":"BreadcrumbList","@id":"https:\/\/gruene-eichstaett.de\/denkendorf-stammham\/ausstellung-zur-e-mobilitaet-e-motion-anstatt-e-mission\/#breadcrumb","itemListElement":[{"@type":"ListItem","position":1,"name":"Startseite","item":"https:\/\/gruene-eichstaett.de\/denkendorf-stammham\/"},{"@type":"ListItem","position":2,"name":"Ausstellung zur E-Mobilit\u00e4t: &#8222;E-motion anstatt E-mission&#8220;"}]},{"@type":"WebSite","@id":"https:\/\/gruene-eichstaett.de\/denkendorf-stammham\/#website","url":"https:\/\/gruene-eichstaett.de\/denkendorf-stammham\/","name":"B\u00dcNDNIS 90\/DIE GR\u00dcNEN","description":"in den Gemeinden Denkendorf und Stammham","publisher":{"@id":"https:\/\/gruene-eichstaett.de\/denkendorf-stammham\/#organization"},"potentialAction":[{"@type":"SearchAction","target":{"@type":"EntryPoint","urlTemplate":"https:\/\/gruene-eichstaett.de\/denkendorf-stammham\/?s={search_term_string}"},"query-input":{"@type":"PropertyValueSpecification","valueRequired":true,"valueName":"search_term_string"}}],"inLanguage":"de"},{"@type":"Organization","@id":"https:\/\/gruene-eichstaett.de\/denkendorf-stammham\/#organization","name":"B\u00dcNDNIS 90\/DIE GR\u00dcNEN","url":"https:\/\/gruene-eichstaett.de\/denkendorf-stammham\/","logo":{"@type":"ImageObject","inLanguage":"de","@id":"https:\/\/gruene-eichstaett.de\/denkendorf-stammham\/#\/schema\/logo\/image\/","url":"https:\/\/gruene-eichstaett.de\/denkendorf\/wp-content\/uploads\/sites\/3\/2021\/12\/Profilbild-Sonenblume.png","contentUrl":"https:\/\/gruene-eichstaett.de\/denkendorf\/wp-content\/uploads\/sites\/3\/2021\/12\/Profilbild-Sonenblume.png","width":500,"height":500,"caption":"B\u00dcNDNIS 90\/DIE GR\u00dcNEN"},"image":{"@id":"https:\/\/gruene-eichstaett.de\/denkendorf-stammham\/#\/schema\/logo\/image\/"}},{"@type":"Person","@id":"https:\/\/gruene-eichstaett.de\/denkendorf-stammham\/#\/schema\/person\/dab6b28dfcf6ff64933926216d3a404f","name":"ruedigervogel","image":{"@type":"ImageObject","inLanguage":"de","@id":"https:\/\/secure.gravatar.com\/avatar\/a0a19927e83ac911acd9e15f805ce141ae86755a33e86083ef142214ede99904?s=96&d=mm&r=g","url":"https:\/\/secure.gravatar.com\/avatar\/a0a19927e83ac911acd9e15f805ce141ae86755a33e86083ef142214ede99904?s=96&d=mm&r=g","contentUrl":"https:\/\/secure.gravatar.com\/avatar\/a0a19927e83ac911acd9e15f805ce141ae86755a33e86083ef142214ede99904?s=96&d=mm&r=g","caption":"ruedigervogel"},"url":"https:\/\/gruene-eichstaett.de\/denkendorf-stammham\/author\/ruedigervogel\/"}]}},"_links":{"self":[{"href":"https:\/\/gruene-eichstaett.de\/denkendorf-stammham\/wp-json\/wp\/v2\/posts\/405","targetHints":{"allow":["GET"]}}],"collection":[{"href":"https:\/\/gruene-eichstaett.de\/denkendorf-stammham\/wp-json\/wp\/v2\/posts"}],"about":[{"href":"https:\/\/gruene-eichstaett.de\/denkendorf-stammham\/wp-json\/wp\/v2\/types\/post"}],"author":[{"embeddable":true,"href":"https:\/\/gruene-eichstaett.de\/denkendorf-stammham\/wp-json\/wp\/v2\/users\/19"}],"replies":[{"embeddable":true,"href":"https:\/\/gruene-eichstaett.de\/denkendorf-stammham\/wp-json\/wp\/v2\/comments?post=405"}],"version-history":[{"count":12,"href":"https:\/\/gruene-eichstaett.de\/denkendorf-stammham\/wp-json\/wp\/v2\/posts\/405\/revisions"}],"predecessor-version":[{"id":476,"href":"https:\/\/gruene-eichstaett.de\/denkendorf-stammham\/wp-json\/wp\/v2\/posts\/405\/revisions\/476"}],"wp:featuredmedia":[{"embeddable":true,"href":"https:\/\/gruene-eichstaett.de\/denkendorf-stammham\/wp-json\/wp\/v2\/media\/428"}],"wp:attachment":[{"href":"https:\/\/gruene-eichstaett.de\/denkendorf-stammham\/wp-json\/wp\/v2\/media?parent=405"}],"wp:term":[{"taxonomy":"category","embeddable":true,"href":"https:\/\/gruene-eichstaett.de\/denkendorf-stammham\/wp-json\/wp\/v2\/categories?post=405"},{"taxonomy":"post_tag","embeddable":true,"href":"https:\/\/gruene-eichstaett.de\/denkendorf-stammham\/wp-json\/wp\/v2\/tags?post=405"}],"curies":[{"name":"wp","href":"https:\/\/api.w.org\/{rel}","templated":true}]}}