{"id":485,"date":"2024-12-31T17:03:48","date_gmt":"2024-12-31T16:03:48","guid":{"rendered":"https:\/\/gruene-eichstaett.de\/denkendorf-stammham\/?p=485"},"modified":"2024-12-31T17:40:47","modified_gmt":"2024-12-31T16:40:47","slug":"elektromobilitaet-fakten-und-kontext-zu-haeufig-gestellten-fragen","status":"publish","type":"post","link":"https:\/\/gruene-eichstaett.de\/denkendorf-stammham\/elektromobilitaet-fakten-und-kontext-zu-haeufig-gestellten-fragen\/","title":{"rendered":"Elektromobilit\u00e4t &#8211; Fakten und Kontext zu h\u00e4ufig gestellten Fragen"},"content":{"rendered":"\n<p>Dr. Andreas Braun zeigt Fakten und Hintergrundinformationen \u00fcber die Elektromobilit\u00e4t auf und freut sich \u00fcber die Fragen aus dem Publikum und die entstehenden Diskussionen.<\/p>\n\n\n\n<p>Der Vortrag soll helfen, das verf\u00fcgbare Wissen in der \u00f6ffentlichen Diskussion zu erweitern und h\u00e4ufig gestellte Fragen und Bedenken beantworten. Beantwortet werden auch Fragen rund um Randbedingungen, die f\u00fcr den deutschen Markt gelten.<\/p>\n\n\n\n<p>Die angesprochenen Aspekte haben Implikationen, die weit \u00fcber die Fragestellung der Mobilit\u00e4t hinausgehen und sollen bewusst zum weiteren Nachdenken und Informieren anregen.<\/p>\n\n\n\n<p>Unter anderem werden folgende Themen behandelt:<\/p>\n\n\n\n<p>1. Rohstoffe Woraus bestehen Batterien (Auswirkungen auf Mensch und Umwelt, Einordnung in unseren Lebensstil abseits der Mobilit\u00e4t) <\/p>\n\n\n\n<p>2. Herstellung (CO2-Rucksack) <\/p>\n\n\n\n<p>3. Betrieb (Reichweite, Infrastruktur und Preis, woher kommt der Strom und wie wird er verteilt) <\/p>\n\n\n\n<p>4. Lebensdauer und was geschieht danach mit den Batterien <\/p>\n\n\n\n<p>5. Alternativen<\/p>\n\n\n\n<p><\/p>\n\n\n\n<p>Datum:&nbsp;&nbsp;&nbsp;&nbsp;&nbsp;&nbsp;&nbsp; 06.02.2025<\/p>\n\n\n\n<p>Uhrzeit:\u00a0\u00a0\u00a0\u00a0\u00a0\u00a0 19:00 Uhr<\/p>\n\n\n\n<p>Ort:&nbsp;&nbsp;&nbsp;&nbsp;&nbsp;&nbsp;&nbsp;&nbsp;&nbsp;&nbsp;&nbsp;&nbsp;&nbsp;&nbsp; Pub a la pap, Stammham, Stadtweg 2b<\/p>\n\n\n\n<figure class=\"wp-block-image size-full\"><img loading=\"lazy\" decoding=\"async\" width=\"612\" height=\"389\" src=\"https:\/\/gruene-eichstaett.de\/denkendorf-stammham\/wp-content\/uploads\/sites\/3\/2024\/12\/image0.jpeg\" alt=\"\" class=\"wp-image-487\" srcset=\"https:\/\/gruene-eichstaett.de\/denkendorf-stammham\/wp-content\/uploads\/sites\/3\/2024\/12\/image0.jpeg 612w, https:\/\/gruene-eichstaett.de\/denkendorf-stammham\/wp-content\/uploads\/sites\/3\/2024\/12\/image0-300x191.jpeg 300w\" sizes=\"auto, (max-width: 612px) 100vw, 612px\" \/><\/figure>\n","protected":false},"excerpt":{"rendered":"<p>Dr. Andreas Braun zeigt Fakten und Hintergrundinformationen \u00fcber die Elektromobilit\u00e4t auf und freut sich \u00fcber die Fragen aus dem Publikum und die entstehenden Diskussionen. Der Vortrag soll helfen, das verf\u00fcgbare [&hellip;]<\/p>\n","protected":false},"author":-1,"featured_media":488,"comment_status":"open","ping_status":"open","sticky":false,"template":"","format":"standard","meta":{"footnotes":""},"categories":[1],"tags":[],"class_list":["post-485","post","type-post","status-publish","format-standard","has-post-thumbnail","hentry","category-allgemein"],"yoast_head":"<!-- This site is optimized with the Yoast SEO plugin v27.4 - https:\/\/yoast.com\/product\/yoast-seo-wordpress\/ -->\n<title>Elektromobilit\u00e4t - Fakten und Kontext zu h\u00e4ufig gestellten Fragen - B\u00dcNDNIS 90\/DIE GR\u00dcNEN<\/title>\n<meta name=\"robots\" content=\"index, follow, max-snippet:-1, max-image-preview:large, max-video-preview:-1\" \/>\n<link rel=\"canonical\" href=\"https:\/\/gruene-eichstaett.de\/denkendorf-stammham\/elektromobilitaet-fakten-und-kontext-zu-haeufig-gestellten-fragen\/\" \/>\n<meta property=\"og:locale\" content=\"de_DE\" \/>\n<meta property=\"og:type\" content=\"article\" \/>\n<meta property=\"og:title\" content=\"Elektromobilit\u00e4t - Fakten und Kontext zu h\u00e4ufig gestellten Fragen - B\u00dcNDNIS 90\/DIE GR\u00dcNEN\" \/>\n<meta property=\"og:description\" content=\"Dr. Andreas Braun zeigt Fakten und Hintergrundinformationen \u00fcber die Elektromobilit\u00e4t auf und freut sich \u00fcber die Fragen aus dem Publikum und die entstehenden Diskussionen. Der Vortrag soll helfen, das verf\u00fcgbare [&hellip;]\" \/>\n<meta property=\"og:url\" content=\"https:\/\/gruene-eichstaett.de\/denkendorf-stammham\/elektromobilitaet-fakten-und-kontext-zu-haeufig-gestellten-fragen\/\" \/>\n<meta property=\"og:site_name\" content=\"B\u00dcNDNIS 90\/DIE GR\u00dcNEN\" \/>\n<meta property=\"article:published_time\" content=\"2024-12-31T16:03:48+00:00\" \/>\n<meta property=\"article:modified_time\" content=\"2024-12-31T16:40:47+00:00\" \/>\n<meta property=\"og:image\" content=\"https:\/\/gruene-eichstaett.de\/denkendorf-stammham\/wp-content\/uploads\/sites\/3\/2024\/12\/image1.jpeg\" \/>\n\t<meta property=\"og:image:width\" content=\"612\" \/>\n\t<meta property=\"og:image:height\" content=\"367\" \/>\n\t<meta property=\"og:image:type\" content=\"image\/jpeg\" \/>\n<meta name=\"author\" content=\"ruedigervogel\" \/>\n<meta name=\"twitter:card\" content=\"summary_large_image\" \/>\n<meta name=\"twitter:label1\" content=\"Verfasst von\" \/>\n\t<meta name=\"twitter:data1\" content=\"ruedigervogel\" \/>\n\t<meta name=\"twitter:label2\" content=\"Gesch\u00e4tzte Lesezeit\" \/>\n\t<meta name=\"twitter:data2\" content=\"2\u00a0Minuten\" \/>\n<script type=\"application\/ld+json\" class=\"yoast-schema-graph\">{\"@context\":\"https:\\\/\\\/schema.org\",\"@graph\":[{\"@type\":\"Article\",\"@id\":\"https:\\\/\\\/gruene-eichstaett.de\\\/denkendorf-stammham\\\/elektromobilitaet-fakten-und-kontext-zu-haeufig-gestellten-fragen\\\/#article\",\"isPartOf\":{\"@id\":\"https:\\\/\\\/gruene-eichstaett.de\\\/denkendorf-stammham\\\/elektromobilitaet-fakten-und-kontext-zu-haeufig-gestellten-fragen\\\/\"},\"author\":{\"name\":\"ruedigervogel\",\"@id\":\"https:\\\/\\\/gruene-eichstaett.de\\\/denkendorf-stammham\\\/#\\\/schema\\\/person\\\/dab6b28dfcf6ff64933926216d3a404f\"},\"headline\":\"Elektromobilit\u00e4t &#8211; Fakten und Kontext zu h\u00e4ufig gestellten Fragen\",\"datePublished\":\"2024-12-31T16:03:48+00:00\",\"dateModified\":\"2024-12-31T16:40:47+00:00\",\"mainEntityOfPage\":{\"@id\":\"https:\\\/\\\/gruene-eichstaett.de\\\/denkendorf-stammham\\\/elektromobilitaet-fakten-und-kontext-zu-haeufig-gestellten-fragen\\\/\"},\"wordCount\":176,\"commentCount\":0,\"publisher\":{\"@id\":\"https:\\\/\\\/gruene-eichstaett.de\\\/denkendorf-stammham\\\/#organization\"},\"image\":{\"@id\":\"https:\\\/\\\/gruene-eichstaett.de\\\/denkendorf-stammham\\\/elektromobilitaet-fakten-und-kontext-zu-haeufig-gestellten-fragen\\\/#primaryimage\"},\"thumbnailUrl\":\"https:\\\/\\\/gruene-eichstaett.de\\\/denkendorf-stammham\\\/wp-content\\\/uploads\\\/sites\\\/3\\\/2024\\\/12\\\/image1.jpeg\",\"inLanguage\":\"de\",\"potentialAction\":[{\"@type\":\"CommentAction\",\"name\":\"Comment\",\"target\":[\"https:\\\/\\\/gruene-eichstaett.de\\\/denkendorf-stammham\\\/elektromobilitaet-fakten-und-kontext-zu-haeufig-gestellten-fragen\\\/#respond\"]}]},{\"@type\":\"WebPage\",\"@id\":\"https:\\\/\\\/gruene-eichstaett.de\\\/denkendorf-stammham\\\/elektromobilitaet-fakten-und-kontext-zu-haeufig-gestellten-fragen\\\/\",\"url\":\"https:\\\/\\\/gruene-eichstaett.de\\\/denkendorf-stammham\\\/elektromobilitaet-fakten-und-kontext-zu-haeufig-gestellten-fragen\\\/\",\"name\":\"Elektromobilit\u00e4t - Fakten und Kontext zu h\u00e4ufig gestellten Fragen - B\u00dcNDNIS 90\\\/DIE GR\u00dcNEN\",\"isPartOf\":{\"@id\":\"https:\\\/\\\/gruene-eichstaett.de\\\/denkendorf-stammham\\\/#website\"},\"primaryImageOfPage\":{\"@id\":\"https:\\\/\\\/gruene-eichstaett.de\\\/denkendorf-stammham\\\/elektromobilitaet-fakten-und-kontext-zu-haeufig-gestellten-fragen\\\/#primaryimage\"},\"image\":{\"@id\":\"https:\\\/\\\/gruene-eichstaett.de\\\/denkendorf-stammham\\\/elektromobilitaet-fakten-und-kontext-zu-haeufig-gestellten-fragen\\\/#primaryimage\"},\"thumbnailUrl\":\"https:\\\/\\\/gruene-eichstaett.de\\\/denkendorf-stammham\\\/wp-content\\\/uploads\\\/sites\\\/3\\\/2024\\\/12\\\/image1.jpeg\",\"datePublished\":\"2024-12-31T16:03:48+00:00\",\"dateModified\":\"2024-12-31T16:40:47+00:00\",\"breadcrumb\":{\"@id\":\"https:\\\/\\\/gruene-eichstaett.de\\\/denkendorf-stammham\\\/elektromobilitaet-fakten-und-kontext-zu-haeufig-gestellten-fragen\\\/#breadcrumb\"},\"inLanguage\":\"de\",\"potentialAction\":[{\"@type\":\"ReadAction\",\"target\":[\"https:\\\/\\\/gruene-eichstaett.de\\\/denkendorf-stammham\\\/elektromobilitaet-fakten-und-kontext-zu-haeufig-gestellten-fragen\\\/\"]}]},{\"@type\":\"ImageObject\",\"inLanguage\":\"de\",\"@id\":\"https:\\\/\\\/gruene-eichstaett.de\\\/denkendorf-stammham\\\/elektromobilitaet-fakten-und-kontext-zu-haeufig-gestellten-fragen\\\/#primaryimage\",\"url\":\"https:\\\/\\\/gruene-eichstaett.de\\\/denkendorf-stammham\\\/wp-content\\\/uploads\\\/sites\\\/3\\\/2024\\\/12\\\/image1.jpeg\",\"contentUrl\":\"https:\\\/\\\/gruene-eichstaett.de\\\/denkendorf-stammham\\\/wp-content\\\/uploads\\\/sites\\\/3\\\/2024\\\/12\\\/image1.jpeg\",\"width\":612,\"height\":367},{\"@type\":\"BreadcrumbList\",\"@id\":\"https:\\\/\\\/gruene-eichstaett.de\\\/denkendorf-stammham\\\/elektromobilitaet-fakten-und-kontext-zu-haeufig-gestellten-fragen\\\/#breadcrumb\",\"itemListElement\":[{\"@type\":\"ListItem\",\"position\":1,\"name\":\"Startseite\",\"item\":\"https:\\\/\\\/gruene-eichstaett.de\\\/denkendorf-stammham\\\/\"},{\"@type\":\"ListItem\",\"position\":2,\"name\":\"Elektromobilit\u00e4t &#8211; Fakten und Kontext zu h\u00e4ufig gestellten Fragen\"}]},{\"@type\":\"WebSite\",\"@id\":\"https:\\\/\\\/gruene-eichstaett.de\\\/denkendorf-stammham\\\/#website\",\"url\":\"https:\\\/\\\/gruene-eichstaett.de\\\/denkendorf-stammham\\\/\",\"name\":\"B\u00dcNDNIS 90\\\/DIE GR\u00dcNEN\",\"description\":\"in den Gemeinden Denkendorf und Stammham\",\"publisher\":{\"@id\":\"https:\\\/\\\/gruene-eichstaett.de\\\/denkendorf-stammham\\\/#organization\"},\"potentialAction\":[{\"@type\":\"SearchAction\",\"target\":{\"@type\":\"EntryPoint\",\"urlTemplate\":\"https:\\\/\\\/gruene-eichstaett.de\\\/denkendorf-stammham\\\/?s={search_term_string}\"},\"query-input\":{\"@type\":\"PropertyValueSpecification\",\"valueRequired\":true,\"valueName\":\"search_term_string\"}}],\"inLanguage\":\"de\"},{\"@type\":\"Organization\",\"@id\":\"https:\\\/\\\/gruene-eichstaett.de\\\/denkendorf-stammham\\\/#organization\",\"name\":\"B\u00dcNDNIS 90\\\/DIE GR\u00dcNEN\",\"url\":\"https:\\\/\\\/gruene-eichstaett.de\\\/denkendorf-stammham\\\/\",\"logo\":{\"@type\":\"ImageObject\",\"inLanguage\":\"de\",\"@id\":\"https:\\\/\\\/gruene-eichstaett.de\\\/denkendorf-stammham\\\/#\\\/schema\\\/logo\\\/image\\\/\",\"url\":\"https:\\\/\\\/gruene-eichstaett.de\\\/denkendorf\\\/wp-content\\\/uploads\\\/sites\\\/3\\\/2021\\\/12\\\/Profilbild-Sonenblume.png\",\"contentUrl\":\"https:\\\/\\\/gruene-eichstaett.de\\\/denkendorf\\\/wp-content\\\/uploads\\\/sites\\\/3\\\/2021\\\/12\\\/Profilbild-Sonenblume.png\",\"width\":500,\"height\":500,\"caption\":\"B\u00dcNDNIS 90\\\/DIE GR\u00dcNEN\"},\"image\":{\"@id\":\"https:\\\/\\\/gruene-eichstaett.de\\\/denkendorf-stammham\\\/#\\\/schema\\\/logo\\\/image\\\/\"}},{\"@type\":\"Person\",\"@id\":\"https:\\\/\\\/gruene-eichstaett.de\\\/denkendorf-stammham\\\/#\\\/schema\\\/person\\\/dab6b28dfcf6ff64933926216d3a404f\",\"name\":\"ruedigervogel\",\"image\":{\"@type\":\"ImageObject\",\"inLanguage\":\"de\",\"@id\":\"https:\\\/\\\/secure.gravatar.com\\\/avatar\\\/a0a19927e83ac911acd9e15f805ce141ae86755a33e86083ef142214ede99904?s=96&d=mm&r=g\",\"url\":\"https:\\\/\\\/secure.gravatar.com\\\/avatar\\\/a0a19927e83ac911acd9e15f805ce141ae86755a33e86083ef142214ede99904?s=96&d=mm&r=g\",\"contentUrl\":\"https:\\\/\\\/secure.gravatar.com\\\/avatar\\\/a0a19927e83ac911acd9e15f805ce141ae86755a33e86083ef142214ede99904?s=96&d=mm&r=g\",\"caption\":\"ruedigervogel\"},\"url\":\"https:\\\/\\\/gruene-eichstaett.de\\\/denkendorf-stammham\\\/author\\\/ruedigervogel\\\/\"}]}<\/script>\n<!-- \/ Yoast SEO plugin. -->","yoast_head_json":{"title":"Elektromobilit\u00e4t - Fakten und Kontext zu h\u00e4ufig gestellten Fragen - B\u00dcNDNIS 90\/DIE GR\u00dcNEN","robots":{"index":"index","follow":"follow","max-snippet":"max-snippet:-1","max-image-preview":"max-image-preview:large","max-video-preview":"max-video-preview:-1"},"canonical":"https:\/\/gruene-eichstaett.de\/denkendorf-stammham\/elektromobilitaet-fakten-und-kontext-zu-haeufig-gestellten-fragen\/","og_locale":"de_DE","og_type":"article","og_title":"Elektromobilit\u00e4t - Fakten und Kontext zu h\u00e4ufig gestellten Fragen - B\u00dcNDNIS 90\/DIE GR\u00dcNEN","og_description":"Dr. Andreas Braun zeigt Fakten und Hintergrundinformationen \u00fcber die Elektromobilit\u00e4t auf und freut sich \u00fcber die Fragen aus dem Publikum und die entstehenden Diskussionen. Der Vortrag soll helfen, das verf\u00fcgbare [&hellip;]","og_url":"https:\/\/gruene-eichstaett.de\/denkendorf-stammham\/elektromobilitaet-fakten-und-kontext-zu-haeufig-gestellten-fragen\/","og_site_name":"B\u00dcNDNIS 90\/DIE GR\u00dcNEN","article_published_time":"2024-12-31T16:03:48+00:00","article_modified_time":"2024-12-31T16:40:47+00:00","og_image":[{"width":612,"height":367,"url":"https:\/\/gruene-eichstaett.de\/denkendorf-stammham\/wp-content\/uploads\/sites\/3\/2024\/12\/image1.jpeg","type":"image\/jpeg"}],"author":"ruedigervogel","twitter_card":"summary_large_image","twitter_misc":{"Verfasst von":"ruedigervogel","Gesch\u00e4tzte Lesezeit":"2\u00a0Minuten"},"schema":{"@context":"https:\/\/schema.org","@graph":[{"@type":"Article","@id":"https:\/\/gruene-eichstaett.de\/denkendorf-stammham\/elektromobilitaet-fakten-und-kontext-zu-haeufig-gestellten-fragen\/#article","isPartOf":{"@id":"https:\/\/gruene-eichstaett.de\/denkendorf-stammham\/elektromobilitaet-fakten-und-kontext-zu-haeufig-gestellten-fragen\/"},"author":{"name":"ruedigervogel","@id":"https:\/\/gruene-eichstaett.de\/denkendorf-stammham\/#\/schema\/person\/dab6b28dfcf6ff64933926216d3a404f"},"headline":"Elektromobilit\u00e4t &#8211; Fakten und Kontext zu h\u00e4ufig gestellten Fragen","datePublished":"2024-12-31T16:03:48+00:00","dateModified":"2024-12-31T16:40:47+00:00","mainEntityOfPage":{"@id":"https:\/\/gruene-eichstaett.de\/denkendorf-stammham\/elektromobilitaet-fakten-und-kontext-zu-haeufig-gestellten-fragen\/"},"wordCount":176,"commentCount":0,"publisher":{"@id":"https:\/\/gruene-eichstaett.de\/denkendorf-stammham\/#organization"},"image":{"@id":"https:\/\/gruene-eichstaett.de\/denkendorf-stammham\/elektromobilitaet-fakten-und-kontext-zu-haeufig-gestellten-fragen\/#primaryimage"},"thumbnailUrl":"https:\/\/gruene-eichstaett.de\/denkendorf-stammham\/wp-content\/uploads\/sites\/3\/2024\/12\/image1.jpeg","inLanguage":"de","potentialAction":[{"@type":"CommentAction","name":"Comment","target":["https:\/\/gruene-eichstaett.de\/denkendorf-stammham\/elektromobilitaet-fakten-und-kontext-zu-haeufig-gestellten-fragen\/#respond"]}]},{"@type":"WebPage","@id":"https:\/\/gruene-eichstaett.de\/denkendorf-stammham\/elektromobilitaet-fakten-und-kontext-zu-haeufig-gestellten-fragen\/","url":"https:\/\/gruene-eichstaett.de\/denkendorf-stammham\/elektromobilitaet-fakten-und-kontext-zu-haeufig-gestellten-fragen\/","name":"Elektromobilit\u00e4t - Fakten und Kontext zu h\u00e4ufig gestellten Fragen - B\u00dcNDNIS 90\/DIE GR\u00dcNEN","isPartOf":{"@id":"https:\/\/gruene-eichstaett.de\/denkendorf-stammham\/#website"},"primaryImageOfPage":{"@id":"https:\/\/gruene-eichstaett.de\/denkendorf-stammham\/elektromobilitaet-fakten-und-kontext-zu-haeufig-gestellten-fragen\/#primaryimage"},"image":{"@id":"https:\/\/gruene-eichstaett.de\/denkendorf-stammham\/elektromobilitaet-fakten-und-kontext-zu-haeufig-gestellten-fragen\/#primaryimage"},"thumbnailUrl":"https:\/\/gruene-eichstaett.de\/denkendorf-stammham\/wp-content\/uploads\/sites\/3\/2024\/12\/image1.jpeg","datePublished":"2024-12-31T16:03:48+00:00","dateModified":"2024-12-31T16:40:47+00:00","breadcrumb":{"@id":"https:\/\/gruene-eichstaett.de\/denkendorf-stammham\/elektromobilitaet-fakten-und-kontext-zu-haeufig-gestellten-fragen\/#breadcrumb"},"inLanguage":"de","potentialAction":[{"@type":"ReadAction","target":["https:\/\/gruene-eichstaett.de\/denkendorf-stammham\/elektromobilitaet-fakten-und-kontext-zu-haeufig-gestellten-fragen\/"]}]},{"@type":"ImageObject","inLanguage":"de","@id":"https:\/\/gruene-eichstaett.de\/denkendorf-stammham\/elektromobilitaet-fakten-und-kontext-zu-haeufig-gestellten-fragen\/#primaryimage","url":"https:\/\/gruene-eichstaett.de\/denkendorf-stammham\/wp-content\/uploads\/sites\/3\/2024\/12\/image1.jpeg","contentUrl":"https:\/\/gruene-eichstaett.de\/denkendorf-stammham\/wp-content\/uploads\/sites\/3\/2024\/12\/image1.jpeg","width":612,"height":367},{"@type":"BreadcrumbList","@id":"https:\/\/gruene-eichstaett.de\/denkendorf-stammham\/elektromobilitaet-fakten-und-kontext-zu-haeufig-gestellten-fragen\/#breadcrumb","itemListElement":[{"@type":"ListItem","position":1,"name":"Startseite","item":"https:\/\/gruene-eichstaett.de\/denkendorf-stammham\/"},{"@type":"ListItem","position":2,"name":"Elektromobilit\u00e4t &#8211; Fakten und Kontext zu h\u00e4ufig gestellten Fragen"}]},{"@type":"WebSite","@id":"https:\/\/gruene-eichstaett.de\/denkendorf-stammham\/#website","url":"https:\/\/gruene-eichstaett.de\/denkendorf-stammham\/","name":"B\u00dcNDNIS 90\/DIE GR\u00dcNEN","description":"in den Gemeinden Denkendorf und Stammham","publisher":{"@id":"https:\/\/gruene-eichstaett.de\/denkendorf-stammham\/#organization"},"potentialAction":[{"@type":"SearchAction","target":{"@type":"EntryPoint","urlTemplate":"https:\/\/gruene-eichstaett.de\/denkendorf-stammham\/?s={search_term_string}"},"query-input":{"@type":"PropertyValueSpecification","valueRequired":true,"valueName":"search_term_string"}}],"inLanguage":"de"},{"@type":"Organization","@id":"https:\/\/gruene-eichstaett.de\/denkendorf-stammham\/#organization","name":"B\u00dcNDNIS 90\/DIE GR\u00dcNEN","url":"https:\/\/gruene-eichstaett.de\/denkendorf-stammham\/","logo":{"@type":"ImageObject","inLanguage":"de","@id":"https:\/\/gruene-eichstaett.de\/denkendorf-stammham\/#\/schema\/logo\/image\/","url":"https:\/\/gruene-eichstaett.de\/denkendorf\/wp-content\/uploads\/sites\/3\/2021\/12\/Profilbild-Sonenblume.png","contentUrl":"https:\/\/gruene-eichstaett.de\/denkendorf\/wp-content\/uploads\/sites\/3\/2021\/12\/Profilbild-Sonenblume.png","width":500,"height":500,"caption":"B\u00dcNDNIS 90\/DIE GR\u00dcNEN"},"image":{"@id":"https:\/\/gruene-eichstaett.de\/denkendorf-stammham\/#\/schema\/logo\/image\/"}},{"@type":"Person","@id":"https:\/\/gruene-eichstaett.de\/denkendorf-stammham\/#\/schema\/person\/dab6b28dfcf6ff64933926216d3a404f","name":"ruedigervogel","image":{"@type":"ImageObject","inLanguage":"de","@id":"https:\/\/secure.gravatar.com\/avatar\/a0a19927e83ac911acd9e15f805ce141ae86755a33e86083ef142214ede99904?s=96&d=mm&r=g","url":"https:\/\/secure.gravatar.com\/avatar\/a0a19927e83ac911acd9e15f805ce141ae86755a33e86083ef142214ede99904?s=96&d=mm&r=g","contentUrl":"https:\/\/secure.gravatar.com\/avatar\/a0a19927e83ac911acd9e15f805ce141ae86755a33e86083ef142214ede99904?s=96&d=mm&r=g","caption":"ruedigervogel"},"url":"https:\/\/gruene-eichstaett.de\/denkendorf-stammham\/author\/ruedigervogel\/"}]}},"_links":{"self":[{"href":"https:\/\/gruene-eichstaett.de\/denkendorf-stammham\/wp-json\/wp\/v2\/posts\/485","targetHints":{"allow":["GET"]}}],"collection":[{"href":"https:\/\/gruene-eichstaett.de\/denkendorf-stammham\/wp-json\/wp\/v2\/posts"}],"about":[{"href":"https:\/\/gruene-eichstaett.de\/denkendorf-stammham\/wp-json\/wp\/v2\/types\/post"}],"author":[{"embeddable":true,"href":"https:\/\/gruene-eichstaett.de\/denkendorf-stammham\/wp-json\/wp\/v2\/users\/19"}],"replies":[{"embeddable":true,"href":"https:\/\/gruene-eichstaett.de\/denkendorf-stammham\/wp-json\/wp\/v2\/comments?post=485"}],"version-history":[{"count":4,"href":"https:\/\/gruene-eichstaett.de\/denkendorf-stammham\/wp-json\/wp\/v2\/posts\/485\/revisions"}],"predecessor-version":[{"id":512,"href":"https:\/\/gruene-eichstaett.de\/denkendorf-stammham\/wp-json\/wp\/v2\/posts\/485\/revisions\/512"}],"wp:featuredmedia":[{"embeddable":true,"href":"https:\/\/gruene-eichstaett.de\/denkendorf-stammham\/wp-json\/wp\/v2\/media\/488"}],"wp:attachment":[{"href":"https:\/\/gruene-eichstaett.de\/denkendorf-stammham\/wp-json\/wp\/v2\/media?parent=485"}],"wp:term":[{"taxonomy":"category","embeddable":true,"href":"https:\/\/gruene-eichstaett.de\/denkendorf-stammham\/wp-json\/wp\/v2\/categories?post=485"},{"taxonomy":"post_tag","embeddable":true,"href":"https:\/\/gruene-eichstaett.de\/denkendorf-stammham\/wp-json\/wp\/v2\/tags?post=485"}],"curies":[{"name":"wp","href":"https:\/\/api.w.org\/{rel}","templated":true}]}}