{"id":541,"date":"2026-04-14T12:53:20","date_gmt":"2026-04-14T10:53:20","guid":{"rendered":"https:\/\/gruene-eichstaett.de\/denkendorf-stammham\/?p=541"},"modified":"2026-04-14T12:55:00","modified_gmt":"2026-04-14T10:55:00","slug":"agroforst-erleben","status":"publish","type":"post","link":"https:\/\/gruene-eichstaett.de\/denkendorf-stammham\/agroforst-erleben\/","title":{"rendered":"Agroforst erleben"},"content":{"rendered":"\n<p>Agroforst ist Landwirtschaft gemeinsam mit B\u00e4umen und Str\u00e4uchern zusammen. Warum ist das sinnvoll? Welche Vorteile bringt es f\u00fcr die Umwelt, die Umgebung und die Gesellschaft?<\/p>\n\n\n\n<p>Agroforstberater Christian Diehl erkl\u00e4rt die Theorie dahinter, bevor wir zusammen auf dem Biohof Vogl in Bitz ein Agroforstsystem (H\u00fchnerwald) besichtigen werden.<\/p>\n\n\n\n<p><strong>Datum: <\/strong>19.09.2006<\/p>\n\n\n\n<p><strong>Uhrzeit:\u00a0<\/strong>16:00 h<\/p>\n\n\n\n<p><strong>Treffpunkt: <\/strong>Biohof Vogl\u00a085985 Denkendorf \/\u00a0Bitz Kirchplatz 4<\/p>\n","protected":false},"excerpt":{"rendered":"<p>Agroforst ist Landwirtschaft gemeinsam mit B\u00e4umen und Str\u00e4uchern zusammen. Warum ist das sinnvoll? Welche Vorteile bringt es f\u00fcr die Umwelt, die Umgebung und die Gesellschaft? Agroforstberater Christian Diehl erkl\u00e4rt die [&hellip;]<\/p>\n","protected":false},"author":-1,"featured_media":537,"comment_status":"open","ping_status":"open","sticky":false,"template":"","format":"standard","meta":{"footnotes":""},"categories":[1],"tags":[],"class_list":["post-541","post","type-post","status-publish","format-standard","has-post-thumbnail","hentry","category-allgemein"],"yoast_head":"<!-- This site is optimized with the Yoast SEO plugin v27.4 - https:\/\/yoast.com\/product\/yoast-seo-wordpress\/ -->\n<title>Agroforst erleben - B\u00dcNDNIS 90\/DIE GR\u00dcNEN<\/title>\n<meta name=\"robots\" content=\"index, follow, max-snippet:-1, max-image-preview:large, max-video-preview:-1\" \/>\n<link rel=\"canonical\" href=\"https:\/\/gruene-eichstaett.de\/denkendorf-stammham\/agroforst-erleben\/\" \/>\n<meta property=\"og:locale\" content=\"de_DE\" \/>\n<meta property=\"og:type\" content=\"article\" \/>\n<meta property=\"og:title\" content=\"Agroforst erleben - B\u00dcNDNIS 90\/DIE GR\u00dcNEN\" \/>\n<meta property=\"og:description\" content=\"Agroforst ist Landwirtschaft gemeinsam mit B\u00e4umen und Str\u00e4uchern zusammen. Warum ist das sinnvoll? Welche Vorteile bringt es f\u00fcr die Umwelt, die Umgebung und die Gesellschaft? Agroforstberater Christian Diehl erkl\u00e4rt die [&hellip;]\" \/>\n<meta property=\"og:url\" content=\"https:\/\/gruene-eichstaett.de\/denkendorf-stammham\/agroforst-erleben\/\" \/>\n<meta property=\"og:site_name\" content=\"B\u00dcNDNIS 90\/DIE GR\u00dcNEN\" \/>\n<meta property=\"article:published_time\" content=\"2026-04-14T10:53:20+00:00\" \/>\n<meta property=\"article:modified_time\" content=\"2026-04-14T10:55:00+00:00\" \/>\n<meta property=\"og:image\" content=\"https:\/\/gruene-eichstaett.de\/denkendorf-stammham\/wp-content\/uploads\/sites\/3\/2026\/04\/PHOTO-2026-03-31-16-37-44-e1776164097631.jpg\" \/>\n\t<meta property=\"og:image:width\" content=\"1200\" \/>\n\t<meta property=\"og:image:height\" content=\"640\" \/>\n\t<meta property=\"og:image:type\" content=\"image\/jpeg\" \/>\n<meta name=\"author\" content=\"christiantischler\" \/>\n<meta name=\"twitter:card\" content=\"summary_large_image\" \/>\n<meta name=\"twitter:label1\" content=\"Verfasst von\" \/>\n\t<meta name=\"twitter:data1\" content=\"christiantischler\" \/>\n\t<meta name=\"twitter:label2\" content=\"Gesch\u00e4tzte Lesezeit\" \/>\n\t<meta name=\"twitter:data2\" content=\"1\u00a0Minute\" \/>\n<script type=\"application\/ld+json\" class=\"yoast-schema-graph\">{\"@context\":\"https:\\\/\\\/schema.org\",\"@graph\":[{\"@type\":\"Article\",\"@id\":\"https:\\\/\\\/gruene-eichstaett.de\\\/denkendorf-stammham\\\/agroforst-erleben\\\/#article\",\"isPartOf\":{\"@id\":\"https:\\\/\\\/gruene-eichstaett.de\\\/denkendorf-stammham\\\/agroforst-erleben\\\/\"},\"author\":{\"name\":\"christiantischler\",\"@id\":\"https:\\\/\\\/gruene-eichstaett.de\\\/denkendorf-stammham\\\/#\\\/schema\\\/person\\\/d1148469982cf959b3da92e4ebcdbc9a\"},\"headline\":\"Agroforst erleben\",\"datePublished\":\"2026-04-14T10:53:20+00:00\",\"dateModified\":\"2026-04-14T10:55:00+00:00\",\"mainEntityOfPage\":{\"@id\":\"https:\\\/\\\/gruene-eichstaett.de\\\/denkendorf-stammham\\\/agroforst-erleben\\\/\"},\"wordCount\":62,\"commentCount\":0,\"publisher\":{\"@id\":\"https:\\\/\\\/gruene-eichstaett.de\\\/denkendorf-stammham\\\/#organization\"},\"image\":{\"@id\":\"https:\\\/\\\/gruene-eichstaett.de\\\/denkendorf-stammham\\\/agroforst-erleben\\\/#primaryimage\"},\"thumbnailUrl\":\"https:\\\/\\\/gruene-eichstaett.de\\\/denkendorf-stammham\\\/wp-content\\\/uploads\\\/sites\\\/3\\\/2026\\\/04\\\/PHOTO-2026-03-31-16-37-44-e1776164097631.jpg\",\"inLanguage\":\"de\",\"potentialAction\":[{\"@type\":\"CommentAction\",\"name\":\"Comment\",\"target\":[\"https:\\\/\\\/gruene-eichstaett.de\\\/denkendorf-stammham\\\/agroforst-erleben\\\/#respond\"]}]},{\"@type\":\"WebPage\",\"@id\":\"https:\\\/\\\/gruene-eichstaett.de\\\/denkendorf-stammham\\\/agroforst-erleben\\\/\",\"url\":\"https:\\\/\\\/gruene-eichstaett.de\\\/denkendorf-stammham\\\/agroforst-erleben\\\/\",\"name\":\"Agroforst erleben - B\u00dcNDNIS 90\\\/DIE GR\u00dcNEN\",\"isPartOf\":{\"@id\":\"https:\\\/\\\/gruene-eichstaett.de\\\/denkendorf-stammham\\\/#website\"},\"primaryImageOfPage\":{\"@id\":\"https:\\\/\\\/gruene-eichstaett.de\\\/denkendorf-stammham\\\/agroforst-erleben\\\/#primaryimage\"},\"image\":{\"@id\":\"https:\\\/\\\/gruene-eichstaett.de\\\/denkendorf-stammham\\\/agroforst-erleben\\\/#primaryimage\"},\"thumbnailUrl\":\"https:\\\/\\\/gruene-eichstaett.de\\\/denkendorf-stammham\\\/wp-content\\\/uploads\\\/sites\\\/3\\\/2026\\\/04\\\/PHOTO-2026-03-31-16-37-44-e1776164097631.jpg\",\"datePublished\":\"2026-04-14T10:53:20+00:00\",\"dateModified\":\"2026-04-14T10:55:00+00:00\",\"breadcrumb\":{\"@id\":\"https:\\\/\\\/gruene-eichstaett.de\\\/denkendorf-stammham\\\/agroforst-erleben\\\/#breadcrumb\"},\"inLanguage\":\"de\",\"potentialAction\":[{\"@type\":\"ReadAction\",\"target\":[\"https:\\\/\\\/gruene-eichstaett.de\\\/denkendorf-stammham\\\/agroforst-erleben\\\/\"]}]},{\"@type\":\"ImageObject\",\"inLanguage\":\"de\",\"@id\":\"https:\\\/\\\/gruene-eichstaett.de\\\/denkendorf-stammham\\\/agroforst-erleben\\\/#primaryimage\",\"url\":\"https:\\\/\\\/gruene-eichstaett.de\\\/denkendorf-stammham\\\/wp-content\\\/uploads\\\/sites\\\/3\\\/2026\\\/04\\\/PHOTO-2026-03-31-16-37-44-e1776164097631.jpg\",\"contentUrl\":\"https:\\\/\\\/gruene-eichstaett.de\\\/denkendorf-stammham\\\/wp-content\\\/uploads\\\/sites\\\/3\\\/2026\\\/04\\\/PHOTO-2026-03-31-16-37-44-e1776164097631.jpg\",\"width\":1200,\"height\":640},{\"@type\":\"BreadcrumbList\",\"@id\":\"https:\\\/\\\/gruene-eichstaett.de\\\/denkendorf-stammham\\\/agroforst-erleben\\\/#breadcrumb\",\"itemListElement\":[{\"@type\":\"ListItem\",\"position\":1,\"name\":\"Startseite\",\"item\":\"https:\\\/\\\/gruene-eichstaett.de\\\/denkendorf-stammham\\\/\"},{\"@type\":\"ListItem\",\"position\":2,\"name\":\"Agroforst erleben\"}]},{\"@type\":\"WebSite\",\"@id\":\"https:\\\/\\\/gruene-eichstaett.de\\\/denkendorf-stammham\\\/#website\",\"url\":\"https:\\\/\\\/gruene-eichstaett.de\\\/denkendorf-stammham\\\/\",\"name\":\"B\u00dcNDNIS 90\\\/DIE GR\u00dcNEN\",\"description\":\"in den Gemeinden Denkendorf und Stammham\",\"publisher\":{\"@id\":\"https:\\\/\\\/gruene-eichstaett.de\\\/denkendorf-stammham\\\/#organization\"},\"potentialAction\":[{\"@type\":\"SearchAction\",\"target\":{\"@type\":\"EntryPoint\",\"urlTemplate\":\"https:\\\/\\\/gruene-eichstaett.de\\\/denkendorf-stammham\\\/?s={search_term_string}\"},\"query-input\":{\"@type\":\"PropertyValueSpecification\",\"valueRequired\":true,\"valueName\":\"search_term_string\"}}],\"inLanguage\":\"de\"},{\"@type\":\"Organization\",\"@id\":\"https:\\\/\\\/gruene-eichstaett.de\\\/denkendorf-stammham\\\/#organization\",\"name\":\"B\u00dcNDNIS 90\\\/DIE GR\u00dcNEN\",\"url\":\"https:\\\/\\\/gruene-eichstaett.de\\\/denkendorf-stammham\\\/\",\"logo\":{\"@type\":\"ImageObject\",\"inLanguage\":\"de\",\"@id\":\"https:\\\/\\\/gruene-eichstaett.de\\\/denkendorf-stammham\\\/#\\\/schema\\\/logo\\\/image\\\/\",\"url\":\"https:\\\/\\\/gruene-eichstaett.de\\\/denkendorf\\\/wp-content\\\/uploads\\\/sites\\\/3\\\/2021\\\/12\\\/Profilbild-Sonenblume.png\",\"contentUrl\":\"https:\\\/\\\/gruene-eichstaett.de\\\/denkendorf\\\/wp-content\\\/uploads\\\/sites\\\/3\\\/2021\\\/12\\\/Profilbild-Sonenblume.png\",\"width\":500,\"height\":500,\"caption\":\"B\u00dcNDNIS 90\\\/DIE GR\u00dcNEN\"},\"image\":{\"@id\":\"https:\\\/\\\/gruene-eichstaett.de\\\/denkendorf-stammham\\\/#\\\/schema\\\/logo\\\/image\\\/\"}},{\"@type\":\"Person\",\"@id\":\"https:\\\/\\\/gruene-eichstaett.de\\\/denkendorf-stammham\\\/#\\\/schema\\\/person\\\/d1148469982cf959b3da92e4ebcdbc9a\",\"name\":\"christiantischler\",\"image\":{\"@type\":\"ImageObject\",\"inLanguage\":\"de\",\"@id\":\"https:\\\/\\\/secure.gravatar.com\\\/avatar\\\/f2f2f0bae387c01d4eb41378484542fdb3f0c362122f681e45fa1f1142cdb78f?s=96&d=mm&r=g\",\"url\":\"https:\\\/\\\/secure.gravatar.com\\\/avatar\\\/f2f2f0bae387c01d4eb41378484542fdb3f0c362122f681e45fa1f1142cdb78f?s=96&d=mm&r=g\",\"contentUrl\":\"https:\\\/\\\/secure.gravatar.com\\\/avatar\\\/f2f2f0bae387c01d4eb41378484542fdb3f0c362122f681e45fa1f1142cdb78f?s=96&d=mm&r=g\",\"caption\":\"christiantischler\"},\"url\":\"https:\\\/\\\/gruene-eichstaett.de\\\/denkendorf-stammham\\\/author\\\/christiantischler\\\/\"}]}<\/script>\n<!-- \/ Yoast SEO plugin. -->","yoast_head_json":{"title":"Agroforst erleben - B\u00dcNDNIS 90\/DIE GR\u00dcNEN","robots":{"index":"index","follow":"follow","max-snippet":"max-snippet:-1","max-image-preview":"max-image-preview:large","max-video-preview":"max-video-preview:-1"},"canonical":"https:\/\/gruene-eichstaett.de\/denkendorf-stammham\/agroforst-erleben\/","og_locale":"de_DE","og_type":"article","og_title":"Agroforst erleben - B\u00dcNDNIS 90\/DIE GR\u00dcNEN","og_description":"Agroforst ist Landwirtschaft gemeinsam mit B\u00e4umen und Str\u00e4uchern zusammen. Warum ist das sinnvoll? Welche Vorteile bringt es f\u00fcr die Umwelt, die Umgebung und die Gesellschaft? Agroforstberater Christian Diehl erkl\u00e4rt die [&hellip;]","og_url":"https:\/\/gruene-eichstaett.de\/denkendorf-stammham\/agroforst-erleben\/","og_site_name":"B\u00dcNDNIS 90\/DIE GR\u00dcNEN","article_published_time":"2026-04-14T10:53:20+00:00","article_modified_time":"2026-04-14T10:55:00+00:00","og_image":[{"width":1200,"height":640,"url":"https:\/\/gruene-eichstaett.de\/denkendorf-stammham\/wp-content\/uploads\/sites\/3\/2026\/04\/PHOTO-2026-03-31-16-37-44-e1776164097631.jpg","type":"image\/jpeg"}],"author":"christiantischler","twitter_card":"summary_large_image","twitter_misc":{"Verfasst von":"christiantischler","Gesch\u00e4tzte Lesezeit":"1\u00a0Minute"},"schema":{"@context":"https:\/\/schema.org","@graph":[{"@type":"Article","@id":"https:\/\/gruene-eichstaett.de\/denkendorf-stammham\/agroforst-erleben\/#article","isPartOf":{"@id":"https:\/\/gruene-eichstaett.de\/denkendorf-stammham\/agroforst-erleben\/"},"author":{"name":"christiantischler","@id":"https:\/\/gruene-eichstaett.de\/denkendorf-stammham\/#\/schema\/person\/d1148469982cf959b3da92e4ebcdbc9a"},"headline":"Agroforst erleben","datePublished":"2026-04-14T10:53:20+00:00","dateModified":"2026-04-14T10:55:00+00:00","mainEntityOfPage":{"@id":"https:\/\/gruene-eichstaett.de\/denkendorf-stammham\/agroforst-erleben\/"},"wordCount":62,"commentCount":0,"publisher":{"@id":"https:\/\/gruene-eichstaett.de\/denkendorf-stammham\/#organization"},"image":{"@id":"https:\/\/gruene-eichstaett.de\/denkendorf-stammham\/agroforst-erleben\/#primaryimage"},"thumbnailUrl":"https:\/\/gruene-eichstaett.de\/denkendorf-stammham\/wp-content\/uploads\/sites\/3\/2026\/04\/PHOTO-2026-03-31-16-37-44-e1776164097631.jpg","inLanguage":"de","potentialAction":[{"@type":"CommentAction","name":"Comment","target":["https:\/\/gruene-eichstaett.de\/denkendorf-stammham\/agroforst-erleben\/#respond"]}]},{"@type":"WebPage","@id":"https:\/\/gruene-eichstaett.de\/denkendorf-stammham\/agroforst-erleben\/","url":"https:\/\/gruene-eichstaett.de\/denkendorf-stammham\/agroforst-erleben\/","name":"Agroforst erleben - B\u00dcNDNIS 90\/DIE GR\u00dcNEN","isPartOf":{"@id":"https:\/\/gruene-eichstaett.de\/denkendorf-stammham\/#website"},"primaryImageOfPage":{"@id":"https:\/\/gruene-eichstaett.de\/denkendorf-stammham\/agroforst-erleben\/#primaryimage"},"image":{"@id":"https:\/\/gruene-eichstaett.de\/denkendorf-stammham\/agroforst-erleben\/#primaryimage"},"thumbnailUrl":"https:\/\/gruene-eichstaett.de\/denkendorf-stammham\/wp-content\/uploads\/sites\/3\/2026\/04\/PHOTO-2026-03-31-16-37-44-e1776164097631.jpg","datePublished":"2026-04-14T10:53:20+00:00","dateModified":"2026-04-14T10:55:00+00:00","breadcrumb":{"@id":"https:\/\/gruene-eichstaett.de\/denkendorf-stammham\/agroforst-erleben\/#breadcrumb"},"inLanguage":"de","potentialAction":[{"@type":"ReadAction","target":["https:\/\/gruene-eichstaett.de\/denkendorf-stammham\/agroforst-erleben\/"]}]},{"@type":"ImageObject","inLanguage":"de","@id":"https:\/\/gruene-eichstaett.de\/denkendorf-stammham\/agroforst-erleben\/#primaryimage","url":"https:\/\/gruene-eichstaett.de\/denkendorf-stammham\/wp-content\/uploads\/sites\/3\/2026\/04\/PHOTO-2026-03-31-16-37-44-e1776164097631.jpg","contentUrl":"https:\/\/gruene-eichstaett.de\/denkendorf-stammham\/wp-content\/uploads\/sites\/3\/2026\/04\/PHOTO-2026-03-31-16-37-44-e1776164097631.jpg","width":1200,"height":640},{"@type":"BreadcrumbList","@id":"https:\/\/gruene-eichstaett.de\/denkendorf-stammham\/agroforst-erleben\/#breadcrumb","itemListElement":[{"@type":"ListItem","position":1,"name":"Startseite","item":"https:\/\/gruene-eichstaett.de\/denkendorf-stammham\/"},{"@type":"ListItem","position":2,"name":"Agroforst erleben"}]},{"@type":"WebSite","@id":"https:\/\/gruene-eichstaett.de\/denkendorf-stammham\/#website","url":"https:\/\/gruene-eichstaett.de\/denkendorf-stammham\/","name":"B\u00dcNDNIS 90\/DIE GR\u00dcNEN","description":"in den Gemeinden Denkendorf und Stammham","publisher":{"@id":"https:\/\/gruene-eichstaett.de\/denkendorf-stammham\/#organization"},"potentialAction":[{"@type":"SearchAction","target":{"@type":"EntryPoint","urlTemplate":"https:\/\/gruene-eichstaett.de\/denkendorf-stammham\/?s={search_term_string}"},"query-input":{"@type":"PropertyValueSpecification","valueRequired":true,"valueName":"search_term_string"}}],"inLanguage":"de"},{"@type":"Organization","@id":"https:\/\/gruene-eichstaett.de\/denkendorf-stammham\/#organization","name":"B\u00dcNDNIS 90\/DIE GR\u00dcNEN","url":"https:\/\/gruene-eichstaett.de\/denkendorf-stammham\/","logo":{"@type":"ImageObject","inLanguage":"de","@id":"https:\/\/gruene-eichstaett.de\/denkendorf-stammham\/#\/schema\/logo\/image\/","url":"https:\/\/gruene-eichstaett.de\/denkendorf\/wp-content\/uploads\/sites\/3\/2021\/12\/Profilbild-Sonenblume.png","contentUrl":"https:\/\/gruene-eichstaett.de\/denkendorf\/wp-content\/uploads\/sites\/3\/2021\/12\/Profilbild-Sonenblume.png","width":500,"height":500,"caption":"B\u00dcNDNIS 90\/DIE GR\u00dcNEN"},"image":{"@id":"https:\/\/gruene-eichstaett.de\/denkendorf-stammham\/#\/schema\/logo\/image\/"}},{"@type":"Person","@id":"https:\/\/gruene-eichstaett.de\/denkendorf-stammham\/#\/schema\/person\/d1148469982cf959b3da92e4ebcdbc9a","name":"christiantischler","image":{"@type":"ImageObject","inLanguage":"de","@id":"https:\/\/secure.gravatar.com\/avatar\/f2f2f0bae387c01d4eb41378484542fdb3f0c362122f681e45fa1f1142cdb78f?s=96&d=mm&r=g","url":"https:\/\/secure.gravatar.com\/avatar\/f2f2f0bae387c01d4eb41378484542fdb3f0c362122f681e45fa1f1142cdb78f?s=96&d=mm&r=g","contentUrl":"https:\/\/secure.gravatar.com\/avatar\/f2f2f0bae387c01d4eb41378484542fdb3f0c362122f681e45fa1f1142cdb78f?s=96&d=mm&r=g","caption":"christiantischler"},"url":"https:\/\/gruene-eichstaett.de\/denkendorf-stammham\/author\/christiantischler\/"}]}},"_links":{"self":[{"href":"https:\/\/gruene-eichstaett.de\/denkendorf-stammham\/wp-json\/wp\/v2\/posts\/541","targetHints":{"allow":["GET"]}}],"collection":[{"href":"https:\/\/gruene-eichstaett.de\/denkendorf-stammham\/wp-json\/wp\/v2\/posts"}],"about":[{"href":"https:\/\/gruene-eichstaett.de\/denkendorf-stammham\/wp-json\/wp\/v2\/types\/post"}],"author":[{"embeddable":true,"href":"https:\/\/gruene-eichstaett.de\/denkendorf-stammham\/wp-json\/wp\/v2\/users\/4"}],"replies":[{"embeddable":true,"href":"https:\/\/gruene-eichstaett.de\/denkendorf-stammham\/wp-json\/wp\/v2\/comments?post=541"}],"version-history":[{"count":1,"href":"https:\/\/gruene-eichstaett.de\/denkendorf-stammham\/wp-json\/wp\/v2\/posts\/541\/revisions"}],"predecessor-version":[{"id":542,"href":"https:\/\/gruene-eichstaett.de\/denkendorf-stammham\/wp-json\/wp\/v2\/posts\/541\/revisions\/542"}],"wp:featuredmedia":[{"embeddable":true,"href":"https:\/\/gruene-eichstaett.de\/denkendorf-stammham\/wp-json\/wp\/v2\/media\/537"}],"wp:attachment":[{"href":"https:\/\/gruene-eichstaett.de\/denkendorf-stammham\/wp-json\/wp\/v2\/media?parent=541"}],"wp:term":[{"taxonomy":"category","embeddable":true,"href":"https:\/\/gruene-eichstaett.de\/denkendorf-stammham\/wp-json\/wp\/v2\/categories?post=541"},{"taxonomy":"post_tag","embeddable":true,"href":"https:\/\/gruene-eichstaett.de\/denkendorf-stammham\/wp-json\/wp\/v2\/tags?post=541"}],"curies":[{"name":"wp","href":"https:\/\/api.w.org\/{rel}","templated":true}]}}