{"id":109,"date":"2023-07-13T10:06:10","date_gmt":"2023-07-13T08:06:10","guid":{"rendered":"https:\/\/gruene-eichstaett.de\/eichstaett\/?p=109"},"modified":"2023-07-13T10:06:11","modified_gmt":"2023-07-13T08:06:11","slug":"turnusmaessige-neuwahlen-im-ov-eichstaett","status":"publish","type":"post","link":"https:\/\/gruene-eichstaett.de\/eichstaett\/2023\/07\/13\/turnusmaessige-neuwahlen-im-ov-eichstaett\/","title":{"rendered":"Turnusm\u00e4\u00dfige Neuwahlen im OV Eichst\u00e4tt"},"content":{"rendered":"\n<p>Bei den turnusm\u00e4\u00dfigen Neuwahlen im OV Eichst\u00e4tt wurde Hannah Rautenberg, bisher Beisitzerin im Ortsverband, zur neuen Sprecherin gew\u00e4hlt. Thomas Maget wurde im Amt des Sprechers best\u00e4tigt, ebenso Wolfgang Wollny als Schriftf\u00fchrerin. Die bisherige Sprecherin und Stadtr\u00e4tin Simone Zink geh\u00f6rt dem neuen Vorstand als Besitzerin an.<\/p>\n\n\n\n<p><a href=\"https:\/\/www.donaukurier.de\/lokales\/landkreis-eichstaett\/hannah-rautenberg-folgt-bei-den-eichstaetter-gruenen-als-sprecherin-auf-simone-zink-12205506\">[Zum Onlineartikel des Donaukuriers]<\/a><\/p>\n","protected":false},"excerpt":{"rendered":"<p>Bei den turnusm\u00e4\u00dfigen Neuwahlen im OV Eichst\u00e4tt wurde Hannah Rautenberg, bisher Beisitzerin im Ortsverband, zur neuen Sprecherin gew\u00e4hlt. Thomas Maget wurde im Amt des Sprechers best\u00e4tigt, ebenso Wolfgang Wollny als [&hellip;]<\/p>\n","protected":false},"author":-1,"featured_media":110,"comment_status":"open","ping_status":"open","sticky":false,"template":"","format":"standard","meta":{"footnotes":""},"categories":[1],"tags":[],"class_list":["post-109","post","type-post","status-publish","format-standard","has-post-thumbnail","hentry","category-allgemein"],"yoast_head":"<!-- This site is optimized with the Yoast SEO plugin v27.4 - https:\/\/yoast.com\/product\/yoast-seo-wordpress\/ -->\n<title>Turnusm\u00e4\u00dfige Neuwahlen im OV Eichst\u00e4tt - B\u00dcNDNIS 90\/DIE GR\u00dcNEN<\/title>\n<meta name=\"robots\" content=\"index, follow, max-snippet:-1, max-image-preview:large, max-video-preview:-1\" \/>\n<link rel=\"canonical\" href=\"https:\/\/gruene-eichstaett.de\/eichstaett\/2023\/07\/13\/turnusmaessige-neuwahlen-im-ov-eichstaett\/\" \/>\n<meta property=\"og:locale\" content=\"de_DE\" \/>\n<meta property=\"og:type\" content=\"article\" \/>\n<meta property=\"og:title\" content=\"Turnusm\u00e4\u00dfige Neuwahlen im OV Eichst\u00e4tt - B\u00dcNDNIS 90\/DIE GR\u00dcNEN\" \/>\n<meta property=\"og:description\" content=\"Bei den turnusm\u00e4\u00dfigen Neuwahlen im OV Eichst\u00e4tt wurde Hannah Rautenberg, bisher Beisitzerin im Ortsverband, zur neuen Sprecherin gew\u00e4hlt. Thomas Maget wurde im Amt des Sprechers best\u00e4tigt, ebenso Wolfgang Wollny als [&hellip;]\" \/>\n<meta property=\"og:url\" content=\"https:\/\/gruene-eichstaett.de\/eichstaett\/2023\/07\/13\/turnusmaessige-neuwahlen-im-ov-eichstaett\/\" \/>\n<meta property=\"og:site_name\" content=\"B\u00dcNDNIS 90\/DIE GR\u00dcNEN\" \/>\n<meta property=\"article:published_time\" content=\"2023-07-13T08:06:10+00:00\" \/>\n<meta property=\"article:modified_time\" content=\"2023-07-13T08:06:11+00:00\" \/>\n<meta property=\"og:image\" content=\"https:\/\/gruene-eichstaett.de\/eichstaett\/wp-content\/uploads\/sites\/12\/2023\/07\/OV-Eichstaett-Vorstand-2023-Web.jpg\" \/>\n\t<meta property=\"og:image:width\" content=\"1472\" \/>\n\t<meta property=\"og:image:height\" content=\"1420\" \/>\n\t<meta property=\"og:image:type\" content=\"image\/jpeg\" \/>\n<meta name=\"author\" content=\"christiantischler\" \/>\n<meta name=\"twitter:card\" content=\"summary_large_image\" \/>\n<meta name=\"twitter:label1\" content=\"Verfasst von\" \/>\n\t<meta name=\"twitter:data1\" content=\"christiantischler\" \/>\n\t<meta name=\"twitter:label2\" content=\"Gesch\u00e4tzte Lesezeit\" \/>\n\t<meta name=\"twitter:data2\" content=\"1\u00a0Minute\" \/>\n<script type=\"application\/ld+json\" class=\"yoast-schema-graph\">{\"@context\":\"https:\\\/\\\/schema.org\",\"@graph\":[{\"@type\":\"Article\",\"@id\":\"https:\\\/\\\/gruene-eichstaett.de\\\/eichstaett\\\/2023\\\/07\\\/13\\\/turnusmaessige-neuwahlen-im-ov-eichstaett\\\/#article\",\"isPartOf\":{\"@id\":\"https:\\\/\\\/gruene-eichstaett.de\\\/eichstaett\\\/2023\\\/07\\\/13\\\/turnusmaessige-neuwahlen-im-ov-eichstaett\\\/\"},\"author\":{\"name\":\"christiantischler\",\"@id\":\"https:\\\/\\\/gruene-eichstaett.de\\\/eichstaett\\\/#\\\/schema\\\/person\\\/d1148469982cf959b3da92e4ebcdbc9a\"},\"headline\":\"Turnusm\u00e4\u00dfige Neuwahlen im OV Eichst\u00e4tt\",\"datePublished\":\"2023-07-13T08:06:10+00:00\",\"dateModified\":\"2023-07-13T08:06:11+00:00\",\"mainEntityOfPage\":{\"@id\":\"https:\\\/\\\/gruene-eichstaett.de\\\/eichstaett\\\/2023\\\/07\\\/13\\\/turnusmaessige-neuwahlen-im-ov-eichstaett\\\/\"},\"wordCount\":63,\"commentCount\":0,\"publisher\":{\"@id\":\"https:\\\/\\\/gruene-eichstaett.de\\\/eichstaett\\\/#organization\"},\"image\":{\"@id\":\"https:\\\/\\\/gruene-eichstaett.de\\\/eichstaett\\\/2023\\\/07\\\/13\\\/turnusmaessige-neuwahlen-im-ov-eichstaett\\\/#primaryimage\"},\"thumbnailUrl\":\"https:\\\/\\\/gruene-eichstaett.de\\\/eichstaett\\\/wp-content\\\/uploads\\\/sites\\\/12\\\/2023\\\/07\\\/OV-Eichstaett-Vorstand-2023-Web.jpg\",\"inLanguage\":\"de\",\"potentialAction\":[{\"@type\":\"CommentAction\",\"name\":\"Comment\",\"target\":[\"https:\\\/\\\/gruene-eichstaett.de\\\/eichstaett\\\/2023\\\/07\\\/13\\\/turnusmaessige-neuwahlen-im-ov-eichstaett\\\/#respond\"]}]},{\"@type\":\"WebPage\",\"@id\":\"https:\\\/\\\/gruene-eichstaett.de\\\/eichstaett\\\/2023\\\/07\\\/13\\\/turnusmaessige-neuwahlen-im-ov-eichstaett\\\/\",\"url\":\"https:\\\/\\\/gruene-eichstaett.de\\\/eichstaett\\\/2023\\\/07\\\/13\\\/turnusmaessige-neuwahlen-im-ov-eichstaett\\\/\",\"name\":\"Turnusm\u00e4\u00dfige Neuwahlen im OV Eichst\u00e4tt - B\u00dcNDNIS 90\\\/DIE GR\u00dcNEN\",\"isPartOf\":{\"@id\":\"https:\\\/\\\/gruene-eichstaett.de\\\/eichstaett\\\/#website\"},\"primaryImageOfPage\":{\"@id\":\"https:\\\/\\\/gruene-eichstaett.de\\\/eichstaett\\\/2023\\\/07\\\/13\\\/turnusmaessige-neuwahlen-im-ov-eichstaett\\\/#primaryimage\"},\"image\":{\"@id\":\"https:\\\/\\\/gruene-eichstaett.de\\\/eichstaett\\\/2023\\\/07\\\/13\\\/turnusmaessige-neuwahlen-im-ov-eichstaett\\\/#primaryimage\"},\"thumbnailUrl\":\"https:\\\/\\\/gruene-eichstaett.de\\\/eichstaett\\\/wp-content\\\/uploads\\\/sites\\\/12\\\/2023\\\/07\\\/OV-Eichstaett-Vorstand-2023-Web.jpg\",\"datePublished\":\"2023-07-13T08:06:10+00:00\",\"dateModified\":\"2023-07-13T08:06:11+00:00\",\"breadcrumb\":{\"@id\":\"https:\\\/\\\/gruene-eichstaett.de\\\/eichstaett\\\/2023\\\/07\\\/13\\\/turnusmaessige-neuwahlen-im-ov-eichstaett\\\/#breadcrumb\"},\"inLanguage\":\"de\",\"potentialAction\":[{\"@type\":\"ReadAction\",\"target\":[\"https:\\\/\\\/gruene-eichstaett.de\\\/eichstaett\\\/2023\\\/07\\\/13\\\/turnusmaessige-neuwahlen-im-ov-eichstaett\\\/\"]}]},{\"@type\":\"ImageObject\",\"inLanguage\":\"de\",\"@id\":\"https:\\\/\\\/gruene-eichstaett.de\\\/eichstaett\\\/2023\\\/07\\\/13\\\/turnusmaessige-neuwahlen-im-ov-eichstaett\\\/#primaryimage\",\"url\":\"https:\\\/\\\/gruene-eichstaett.de\\\/eichstaett\\\/wp-content\\\/uploads\\\/sites\\\/12\\\/2023\\\/07\\\/OV-Eichstaett-Vorstand-2023-Web.jpg\",\"contentUrl\":\"https:\\\/\\\/gruene-eichstaett.de\\\/eichstaett\\\/wp-content\\\/uploads\\\/sites\\\/12\\\/2023\\\/07\\\/OV-Eichstaett-Vorstand-2023-Web.jpg\",\"width\":1472,\"height\":1420},{\"@type\":\"BreadcrumbList\",\"@id\":\"https:\\\/\\\/gruene-eichstaett.de\\\/eichstaett\\\/2023\\\/07\\\/13\\\/turnusmaessige-neuwahlen-im-ov-eichstaett\\\/#breadcrumb\",\"itemListElement\":[{\"@type\":\"ListItem\",\"position\":1,\"name\":\"Startseite\",\"item\":\"https:\\\/\\\/gruene-eichstaett.de\\\/eichstaett\\\/\"},{\"@type\":\"ListItem\",\"position\":2,\"name\":\"Turnusm\u00e4\u00dfige Neuwahlen im OV Eichst\u00e4tt\"}]},{\"@type\":\"WebSite\",\"@id\":\"https:\\\/\\\/gruene-eichstaett.de\\\/eichstaett\\\/#website\",\"url\":\"https:\\\/\\\/gruene-eichstaett.de\\\/eichstaett\\\/\",\"name\":\"B\u00dcNDNIS 90\\\/DIE GR\u00dcNEN\",\"description\":\"OV Eichst\u00e4tt\",\"publisher\":{\"@id\":\"https:\\\/\\\/gruene-eichstaett.de\\\/eichstaett\\\/#organization\"},\"potentialAction\":[{\"@type\":\"SearchAction\",\"target\":{\"@type\":\"EntryPoint\",\"urlTemplate\":\"https:\\\/\\\/gruene-eichstaett.de\\\/eichstaett\\\/?s={search_term_string}\"},\"query-input\":{\"@type\":\"PropertyValueSpecification\",\"valueRequired\":true,\"valueName\":\"search_term_string\"}}],\"inLanguage\":\"de\"},{\"@type\":\"Organization\",\"@id\":\"https:\\\/\\\/gruene-eichstaett.de\\\/eichstaett\\\/#organization\",\"name\":\"B\u00dcNDNIS 90\\\/DIE GR\u00dcNEN\",\"url\":\"https:\\\/\\\/gruene-eichstaett.de\\\/eichstaett\\\/\",\"logo\":{\"@type\":\"ImageObject\",\"inLanguage\":\"de\",\"@id\":\"https:\\\/\\\/gruene-eichstaett.de\\\/eichstaett\\\/#\\\/schema\\\/logo\\\/image\\\/\",\"url\":\"http:\\\/\\\/gruene-eichstaett.de\\\/eichstaett\\\/wp-content\\\/uploads\\\/sites\\\/12\\\/2021\\\/12\\\/Profilbild-Sonenblume.png\",\"contentUrl\":\"http:\\\/\\\/gruene-eichstaett.de\\\/eichstaett\\\/wp-content\\\/uploads\\\/sites\\\/12\\\/2021\\\/12\\\/Profilbild-Sonenblume.png\",\"width\":500,\"height\":500,\"caption\":\"B\u00dcNDNIS 90\\\/DIE GR\u00dcNEN\"},\"image\":{\"@id\":\"https:\\\/\\\/gruene-eichstaett.de\\\/eichstaett\\\/#\\\/schema\\\/logo\\\/image\\\/\"}},{\"@type\":\"Person\",\"@id\":\"https:\\\/\\\/gruene-eichstaett.de\\\/eichstaett\\\/#\\\/schema\\\/person\\\/d1148469982cf959b3da92e4ebcdbc9a\",\"name\":\"christiantischler\",\"image\":{\"@type\":\"ImageObject\",\"inLanguage\":\"de\",\"@id\":\"https:\\\/\\\/secure.gravatar.com\\\/avatar\\\/f2f2f0bae387c01d4eb41378484542fdb3f0c362122f681e45fa1f1142cdb78f?s=96&d=mm&r=g\",\"url\":\"https:\\\/\\\/secure.gravatar.com\\\/avatar\\\/f2f2f0bae387c01d4eb41378484542fdb3f0c362122f681e45fa1f1142cdb78f?s=96&d=mm&r=g\",\"contentUrl\":\"https:\\\/\\\/secure.gravatar.com\\\/avatar\\\/f2f2f0bae387c01d4eb41378484542fdb3f0c362122f681e45fa1f1142cdb78f?s=96&d=mm&r=g\",\"caption\":\"christiantischler\"},\"url\":\"https:\\\/\\\/gruene-eichstaett.de\\\/eichstaett\\\/author\\\/christiantischler\\\/\"}]}<\/script>\n<!-- \/ Yoast SEO plugin. -->","yoast_head_json":{"title":"Turnusm\u00e4\u00dfige Neuwahlen im OV Eichst\u00e4tt - B\u00dcNDNIS 90\/DIE GR\u00dcNEN","robots":{"index":"index","follow":"follow","max-snippet":"max-snippet:-1","max-image-preview":"max-image-preview:large","max-video-preview":"max-video-preview:-1"},"canonical":"https:\/\/gruene-eichstaett.de\/eichstaett\/2023\/07\/13\/turnusmaessige-neuwahlen-im-ov-eichstaett\/","og_locale":"de_DE","og_type":"article","og_title":"Turnusm\u00e4\u00dfige Neuwahlen im OV Eichst\u00e4tt - B\u00dcNDNIS 90\/DIE GR\u00dcNEN","og_description":"Bei den turnusm\u00e4\u00dfigen Neuwahlen im OV Eichst\u00e4tt wurde Hannah Rautenberg, bisher Beisitzerin im Ortsverband, zur neuen Sprecherin gew\u00e4hlt. Thomas Maget wurde im Amt des Sprechers best\u00e4tigt, ebenso Wolfgang Wollny als [&hellip;]","og_url":"https:\/\/gruene-eichstaett.de\/eichstaett\/2023\/07\/13\/turnusmaessige-neuwahlen-im-ov-eichstaett\/","og_site_name":"B\u00dcNDNIS 90\/DIE GR\u00dcNEN","article_published_time":"2023-07-13T08:06:10+00:00","article_modified_time":"2023-07-13T08:06:11+00:00","og_image":[{"width":1472,"height":1420,"url":"https:\/\/gruene-eichstaett.de\/eichstaett\/wp-content\/uploads\/sites\/12\/2023\/07\/OV-Eichstaett-Vorstand-2023-Web.jpg","type":"image\/jpeg"}],"author":"christiantischler","twitter_card":"summary_large_image","twitter_misc":{"Verfasst von":"christiantischler","Gesch\u00e4tzte Lesezeit":"1\u00a0Minute"},"schema":{"@context":"https:\/\/schema.org","@graph":[{"@type":"Article","@id":"https:\/\/gruene-eichstaett.de\/eichstaett\/2023\/07\/13\/turnusmaessige-neuwahlen-im-ov-eichstaett\/#article","isPartOf":{"@id":"https:\/\/gruene-eichstaett.de\/eichstaett\/2023\/07\/13\/turnusmaessige-neuwahlen-im-ov-eichstaett\/"},"author":{"name":"christiantischler","@id":"https:\/\/gruene-eichstaett.de\/eichstaett\/#\/schema\/person\/d1148469982cf959b3da92e4ebcdbc9a"},"headline":"Turnusm\u00e4\u00dfige Neuwahlen im OV Eichst\u00e4tt","datePublished":"2023-07-13T08:06:10+00:00","dateModified":"2023-07-13T08:06:11+00:00","mainEntityOfPage":{"@id":"https:\/\/gruene-eichstaett.de\/eichstaett\/2023\/07\/13\/turnusmaessige-neuwahlen-im-ov-eichstaett\/"},"wordCount":63,"commentCount":0,"publisher":{"@id":"https:\/\/gruene-eichstaett.de\/eichstaett\/#organization"},"image":{"@id":"https:\/\/gruene-eichstaett.de\/eichstaett\/2023\/07\/13\/turnusmaessige-neuwahlen-im-ov-eichstaett\/#primaryimage"},"thumbnailUrl":"https:\/\/gruene-eichstaett.de\/eichstaett\/wp-content\/uploads\/sites\/12\/2023\/07\/OV-Eichstaett-Vorstand-2023-Web.jpg","inLanguage":"de","potentialAction":[{"@type":"CommentAction","name":"Comment","target":["https:\/\/gruene-eichstaett.de\/eichstaett\/2023\/07\/13\/turnusmaessige-neuwahlen-im-ov-eichstaett\/#respond"]}]},{"@type":"WebPage","@id":"https:\/\/gruene-eichstaett.de\/eichstaett\/2023\/07\/13\/turnusmaessige-neuwahlen-im-ov-eichstaett\/","url":"https:\/\/gruene-eichstaett.de\/eichstaett\/2023\/07\/13\/turnusmaessige-neuwahlen-im-ov-eichstaett\/","name":"Turnusm\u00e4\u00dfige Neuwahlen im OV Eichst\u00e4tt - B\u00dcNDNIS 90\/DIE GR\u00dcNEN","isPartOf":{"@id":"https:\/\/gruene-eichstaett.de\/eichstaett\/#website"},"primaryImageOfPage":{"@id":"https:\/\/gruene-eichstaett.de\/eichstaett\/2023\/07\/13\/turnusmaessige-neuwahlen-im-ov-eichstaett\/#primaryimage"},"image":{"@id":"https:\/\/gruene-eichstaett.de\/eichstaett\/2023\/07\/13\/turnusmaessige-neuwahlen-im-ov-eichstaett\/#primaryimage"},"thumbnailUrl":"https:\/\/gruene-eichstaett.de\/eichstaett\/wp-content\/uploads\/sites\/12\/2023\/07\/OV-Eichstaett-Vorstand-2023-Web.jpg","datePublished":"2023-07-13T08:06:10+00:00","dateModified":"2023-07-13T08:06:11+00:00","breadcrumb":{"@id":"https:\/\/gruene-eichstaett.de\/eichstaett\/2023\/07\/13\/turnusmaessige-neuwahlen-im-ov-eichstaett\/#breadcrumb"},"inLanguage":"de","potentialAction":[{"@type":"ReadAction","target":["https:\/\/gruene-eichstaett.de\/eichstaett\/2023\/07\/13\/turnusmaessige-neuwahlen-im-ov-eichstaett\/"]}]},{"@type":"ImageObject","inLanguage":"de","@id":"https:\/\/gruene-eichstaett.de\/eichstaett\/2023\/07\/13\/turnusmaessige-neuwahlen-im-ov-eichstaett\/#primaryimage","url":"https:\/\/gruene-eichstaett.de\/eichstaett\/wp-content\/uploads\/sites\/12\/2023\/07\/OV-Eichstaett-Vorstand-2023-Web.jpg","contentUrl":"https:\/\/gruene-eichstaett.de\/eichstaett\/wp-content\/uploads\/sites\/12\/2023\/07\/OV-Eichstaett-Vorstand-2023-Web.jpg","width":1472,"height":1420},{"@type":"BreadcrumbList","@id":"https:\/\/gruene-eichstaett.de\/eichstaett\/2023\/07\/13\/turnusmaessige-neuwahlen-im-ov-eichstaett\/#breadcrumb","itemListElement":[{"@type":"ListItem","position":1,"name":"Startseite","item":"https:\/\/gruene-eichstaett.de\/eichstaett\/"},{"@type":"ListItem","position":2,"name":"Turnusm\u00e4\u00dfige Neuwahlen im OV Eichst\u00e4tt"}]},{"@type":"WebSite","@id":"https:\/\/gruene-eichstaett.de\/eichstaett\/#website","url":"https:\/\/gruene-eichstaett.de\/eichstaett\/","name":"B\u00dcNDNIS 90\/DIE GR\u00dcNEN","description":"OV Eichst\u00e4tt","publisher":{"@id":"https:\/\/gruene-eichstaett.de\/eichstaett\/#organization"},"potentialAction":[{"@type":"SearchAction","target":{"@type":"EntryPoint","urlTemplate":"https:\/\/gruene-eichstaett.de\/eichstaett\/?s={search_term_string}"},"query-input":{"@type":"PropertyValueSpecification","valueRequired":true,"valueName":"search_term_string"}}],"inLanguage":"de"},{"@type":"Organization","@id":"https:\/\/gruene-eichstaett.de\/eichstaett\/#organization","name":"B\u00dcNDNIS 90\/DIE GR\u00dcNEN","url":"https:\/\/gruene-eichstaett.de\/eichstaett\/","logo":{"@type":"ImageObject","inLanguage":"de","@id":"https:\/\/gruene-eichstaett.de\/eichstaett\/#\/schema\/logo\/image\/","url":"http:\/\/gruene-eichstaett.de\/eichstaett\/wp-content\/uploads\/sites\/12\/2021\/12\/Profilbild-Sonenblume.png","contentUrl":"http:\/\/gruene-eichstaett.de\/eichstaett\/wp-content\/uploads\/sites\/12\/2021\/12\/Profilbild-Sonenblume.png","width":500,"height":500,"caption":"B\u00dcNDNIS 90\/DIE GR\u00dcNEN"},"image":{"@id":"https:\/\/gruene-eichstaett.de\/eichstaett\/#\/schema\/logo\/image\/"}},{"@type":"Person","@id":"https:\/\/gruene-eichstaett.de\/eichstaett\/#\/schema\/person\/d1148469982cf959b3da92e4ebcdbc9a","name":"christiantischler","image":{"@type":"ImageObject","inLanguage":"de","@id":"https:\/\/secure.gravatar.com\/avatar\/f2f2f0bae387c01d4eb41378484542fdb3f0c362122f681e45fa1f1142cdb78f?s=96&d=mm&r=g","url":"https:\/\/secure.gravatar.com\/avatar\/f2f2f0bae387c01d4eb41378484542fdb3f0c362122f681e45fa1f1142cdb78f?s=96&d=mm&r=g","contentUrl":"https:\/\/secure.gravatar.com\/avatar\/f2f2f0bae387c01d4eb41378484542fdb3f0c362122f681e45fa1f1142cdb78f?s=96&d=mm&r=g","caption":"christiantischler"},"url":"https:\/\/gruene-eichstaett.de\/eichstaett\/author\/christiantischler\/"}]}},"_links":{"self":[{"href":"https:\/\/gruene-eichstaett.de\/eichstaett\/wp-json\/wp\/v2\/posts\/109","targetHints":{"allow":["GET"]}}],"collection":[{"href":"https:\/\/gruene-eichstaett.de\/eichstaett\/wp-json\/wp\/v2\/posts"}],"about":[{"href":"https:\/\/gruene-eichstaett.de\/eichstaett\/wp-json\/wp\/v2\/types\/post"}],"author":[{"embeddable":true,"href":"https:\/\/gruene-eichstaett.de\/eichstaett\/wp-json\/wp\/v2\/users\/4"}],"replies":[{"embeddable":true,"href":"https:\/\/gruene-eichstaett.de\/eichstaett\/wp-json\/wp\/v2\/comments?post=109"}],"version-history":[{"count":1,"href":"https:\/\/gruene-eichstaett.de\/eichstaett\/wp-json\/wp\/v2\/posts\/109\/revisions"}],"predecessor-version":[{"id":111,"href":"https:\/\/gruene-eichstaett.de\/eichstaett\/wp-json\/wp\/v2\/posts\/109\/revisions\/111"}],"wp:featuredmedia":[{"embeddable":true,"href":"https:\/\/gruene-eichstaett.de\/eichstaett\/wp-json\/wp\/v2\/media\/110"}],"wp:attachment":[{"href":"https:\/\/gruene-eichstaett.de\/eichstaett\/wp-json\/wp\/v2\/media?parent=109"}],"wp:term":[{"taxonomy":"category","embeddable":true,"href":"https:\/\/gruene-eichstaett.de\/eichstaett\/wp-json\/wp\/v2\/categories?post=109"},{"taxonomy":"post_tag","embeddable":true,"href":"https:\/\/gruene-eichstaett.de\/eichstaett\/wp-json\/wp\/v2\/tags?post=109"}],"curies":[{"name":"wp","href":"https:\/\/api.w.org\/{rel}","templated":true}]}}