{"id":157,"date":"2026-03-17T21:48:42","date_gmt":"2026-03-17T20:48:42","guid":{"rendered":"https:\/\/gruene-eichstaett.de\/gaimersheim\/?p=157"},"modified":"2026-03-17T21:48:42","modified_gmt":"2026-03-17T20:48:42","slug":"anlagenfuehrung-in-der-biogasanlage-der-bioin-gmbh","status":"publish","type":"post","link":"https:\/\/gruene-eichstaett.de\/gaimersheim\/2026\/03\/17\/anlagenfuehrung-in-der-biogasanlage-der-bioin-gmbh\/","title":{"rendered":"Anlagenf\u00fchrung in der Biogasanlage der BioIN  GmbH"},"content":{"rendered":"\n<p><br>Der in Tonnen gesammelte h\u00e4usliche Biom\u00fcll stellt die Verwertung in einer Biogasanlage vor besondere Herausforderungen. Und es gibt besondere L\u00f6sungen hierf\u00fcr. <br><br>Der Gesch\u00e4ftsf\u00fchrer der Anlage, Herr Peter Mei\u00dfner, hat eine Anlagenf\u00fchrung w\u00e4hrend des Bertiebes erm\u00f6glicht um die Abl\u00e4ufe nicht nur zu erkl\u00e4ren, sondern auch zeigen zu k\u00f6nnen. <br><br>Aus diesem Grund ist die F\u00fchrung am Freitag, 24 April 2026 um 14:00 Uhr. Dauer etwa 2 Stunden, je nach gestellten Fragen aus dem Kreis der Teilnehmer.<br>Die Teilnehmeranzahl ist begrenzt auf bis zu 20 Teilnehmer, und auch weil das Tor nicht offen bleiben wird, wird rechtzeitige Ankunft an der Anlage empfohlen.<br><br>Die Zufahrt zur Biogasanlage bei der Adresse Neuhau 10, 85134 Stammham ist nur von der Seite der Gemeinde Hepberg aus m\u00f6glich.  <br><a href=\"https:\/\/maps.app.goo.gl\/v1exuERTNmw7eM4HA\">https:\/\/maps.app.goo.gl\/v1exuERTNmw7eM4HA<\/a><\/p>\n\n\n\n<p><\/p>\n","protected":false},"excerpt":{"rendered":"<p>Der in Tonnen gesammelte h\u00e4usliche Biom\u00fcll stellt die Verwertung in einer Biogasanlage vor besondere Herausforderungen. Und es gibt besondere L\u00f6sungen hierf\u00fcr. Der Gesch\u00e4ftsf\u00fchrer der Anlage, Herr Peter Mei\u00dfner, hat eine [&hellip;]<\/p>\n","protected":false},"author":-1,"featured_media":706,"comment_status":"open","ping_status":"open","sticky":false,"template":"","format":"standard","meta":{"footnotes":""},"categories":[1],"tags":[],"class_list":["post-157","post","type-post","status-publish","format-standard","has-post-thumbnail","hentry","category-allgemein"],"yoast_head":"<!-- This site is optimized with the Yoast SEO plugin v27.4 - https:\/\/yoast.com\/product\/yoast-seo-wordpress\/ -->\n<title>Anlagenf\u00fchrung in der Biogasanlage der BioIN GmbH - B\u00dcNDNIS 90\/DIE GR\u00dcNEN<\/title>\n<meta name=\"description\" content=\"Die Verwertung des Inhaltes der Biotonnen ist eine Herausforderung. L\u00f6sungen hierzu werden bei der Anlagenf\u00fchrung erkl\u00e4rt und gezeigt.\" \/>\n<meta name=\"robots\" content=\"index, follow, max-snippet:-1, max-image-preview:large, max-video-preview:-1\" \/>\n<link rel=\"canonical\" href=\"https:\/\/gruene-eichstaett.de\/gaimersheim\/2026\/03\/17\/anlagenfuehrung-in-der-biogasanlage-der-bioin-gmbh\/\" \/>\n<meta property=\"og:locale\" content=\"de_DE\" \/>\n<meta property=\"og:type\" content=\"article\" \/>\n<meta property=\"og:title\" content=\"Anlagenf\u00fchrung in der Biogasanlage der BioIN GmbH - B\u00dcNDNIS 90\/DIE GR\u00dcNEN\" \/>\n<meta property=\"og:description\" content=\"Die Verwertung des Inhaltes der Biotonnen ist eine Herausforderung. L\u00f6sungen hierzu werden bei der Anlagenf\u00fchrung erkl\u00e4rt und gezeigt.\" \/>\n<meta property=\"og:url\" content=\"https:\/\/gruene-eichstaett.de\/gaimersheim\/2026\/03\/17\/anlagenfuehrung-in-der-biogasanlage-der-bioin-gmbh\/\" \/>\n<meta property=\"og:site_name\" content=\"B\u00dcNDNIS 90\/DIE GR\u00dcNEN\" \/>\n<meta property=\"article:published_time\" content=\"2026-03-17T20:48:42+00:00\" \/>\n<meta property=\"og:image\" content=\"https:\/\/gruene-eichstaett.de\/gaimersheim\/wp-content\/uploads\/sites\/4\/2024\/11\/Biogasanlage-2026.pdf.jpg\" \/>\n\t<meta property=\"og:image:width\" content=\"1587\" \/>\n\t<meta property=\"og:image:height\" content=\"2245\" \/>\n\t<meta property=\"og:image:type\" content=\"image\/jpeg\" \/>\n<meta name=\"author\" content=\"robertpflueger\" \/>\n<meta name=\"twitter:card\" content=\"summary_large_image\" \/>\n<meta name=\"twitter:label1\" content=\"Verfasst von\" \/>\n\t<meta name=\"twitter:data1\" content=\"robertpflueger\" \/>\n\t<meta name=\"twitter:label2\" content=\"Gesch\u00e4tzte Lesezeit\" \/>\n\t<meta name=\"twitter:data2\" content=\"1\u00a0Minute\" \/>\n<script type=\"application\/ld+json\" class=\"yoast-schema-graph\">{\"@context\":\"https:\\\/\\\/schema.org\",\"@graph\":[{\"@type\":\"Article\",\"@id\":\"https:\\\/\\\/gruene-eichstaett.de\\\/gaimersheim\\\/2026\\\/03\\\/17\\\/anlagenfuehrung-in-der-biogasanlage-der-bioin-gmbh\\\/#article\",\"isPartOf\":{\"@id\":\"https:\\\/\\\/gruene-eichstaett.de\\\/gaimersheim\\\/2026\\\/03\\\/17\\\/anlagenfuehrung-in-der-biogasanlage-der-bioin-gmbh\\\/\"},\"author\":{\"name\":\"robertpflueger\",\"@id\":\"https:\\\/\\\/gruene-eichstaett.de\\\/gaimersheim\\\/#\\\/schema\\\/person\\\/55f8f8ec89abe9b92e0ea7e41f7eefa4\"},\"headline\":\"Anlagenf\u00fchrung in der Biogasanlage der BioIN GmbH\",\"datePublished\":\"2026-03-17T20:48:42+00:00\",\"mainEntityOfPage\":{\"@id\":\"https:\\\/\\\/gruene-eichstaett.de\\\/gaimersheim\\\/2026\\\/03\\\/17\\\/anlagenfuehrung-in-der-biogasanlage-der-bioin-gmbh\\\/\"},\"wordCount\":145,\"commentCount\":0,\"publisher\":{\"@id\":\"https:\\\/\\\/gruene-eichstaett.de\\\/gaimersheim\\\/#organization\"},\"image\":{\"@id\":\"https:\\\/\\\/gruene-eichstaett.de\\\/gaimersheim\\\/2026\\\/03\\\/17\\\/anlagenfuehrung-in-der-biogasanlage-der-bioin-gmbh\\\/#primaryimage\"},\"thumbnailUrl\":\"https:\\\/\\\/gruene-eichstaett.de\\\/gaimersheim\\\/wp-content\\\/uploads\\\/sites\\\/4\\\/2024\\\/11\\\/Biogasanlage-2026.pdf.jpg\",\"inLanguage\":\"de\",\"potentialAction\":[{\"@type\":\"CommentAction\",\"name\":\"Comment\",\"target\":[\"https:\\\/\\\/gruene-eichstaett.de\\\/gaimersheim\\\/2026\\\/03\\\/17\\\/anlagenfuehrung-in-der-biogasanlage-der-bioin-gmbh\\\/#respond\"]}]},{\"@type\":\"WebPage\",\"@id\":\"https:\\\/\\\/gruene-eichstaett.de\\\/gaimersheim\\\/2026\\\/03\\\/17\\\/anlagenfuehrung-in-der-biogasanlage-der-bioin-gmbh\\\/\",\"url\":\"https:\\\/\\\/gruene-eichstaett.de\\\/gaimersheim\\\/2026\\\/03\\\/17\\\/anlagenfuehrung-in-der-biogasanlage-der-bioin-gmbh\\\/\",\"name\":\"Anlagenf\u00fchrung in der Biogasanlage der BioIN GmbH - B\u00dcNDNIS 90\\\/DIE GR\u00dcNEN\",\"isPartOf\":{\"@id\":\"https:\\\/\\\/gruene-eichstaett.de\\\/gaimersheim\\\/#website\"},\"primaryImageOfPage\":{\"@id\":\"https:\\\/\\\/gruene-eichstaett.de\\\/gaimersheim\\\/2026\\\/03\\\/17\\\/anlagenfuehrung-in-der-biogasanlage-der-bioin-gmbh\\\/#primaryimage\"},\"image\":{\"@id\":\"https:\\\/\\\/gruene-eichstaett.de\\\/gaimersheim\\\/2026\\\/03\\\/17\\\/anlagenfuehrung-in-der-biogasanlage-der-bioin-gmbh\\\/#primaryimage\"},\"thumbnailUrl\":\"https:\\\/\\\/gruene-eichstaett.de\\\/gaimersheim\\\/wp-content\\\/uploads\\\/sites\\\/4\\\/2024\\\/11\\\/Biogasanlage-2026.pdf.jpg\",\"datePublished\":\"2026-03-17T20:48:42+00:00\",\"description\":\"Die Verwertung des Inhaltes der Biotonnen ist eine Herausforderung. L\u00f6sungen hierzu werden bei der Anlagenf\u00fchrung erkl\u00e4rt und gezeigt.\",\"breadcrumb\":{\"@id\":\"https:\\\/\\\/gruene-eichstaett.de\\\/gaimersheim\\\/2026\\\/03\\\/17\\\/anlagenfuehrung-in-der-biogasanlage-der-bioin-gmbh\\\/#breadcrumb\"},\"inLanguage\":\"de\",\"potentialAction\":[{\"@type\":\"ReadAction\",\"target\":[\"https:\\\/\\\/gruene-eichstaett.de\\\/gaimersheim\\\/2026\\\/03\\\/17\\\/anlagenfuehrung-in-der-biogasanlage-der-bioin-gmbh\\\/\"]}]},{\"@type\":\"ImageObject\",\"inLanguage\":\"de\",\"@id\":\"https:\\\/\\\/gruene-eichstaett.de\\\/gaimersheim\\\/2026\\\/03\\\/17\\\/anlagenfuehrung-in-der-biogasanlage-der-bioin-gmbh\\\/#primaryimage\",\"url\":\"https:\\\/\\\/gruene-eichstaett.de\\\/gaimersheim\\\/wp-content\\\/uploads\\\/sites\\\/4\\\/2024\\\/11\\\/Biogasanlage-2026.pdf.jpg\",\"contentUrl\":\"https:\\\/\\\/gruene-eichstaett.de\\\/gaimersheim\\\/wp-content\\\/uploads\\\/sites\\\/4\\\/2024\\\/11\\\/Biogasanlage-2026.pdf.jpg\",\"width\":1587,\"height\":2245},{\"@type\":\"BreadcrumbList\",\"@id\":\"https:\\\/\\\/gruene-eichstaett.de\\\/gaimersheim\\\/2026\\\/03\\\/17\\\/anlagenfuehrung-in-der-biogasanlage-der-bioin-gmbh\\\/#breadcrumb\",\"itemListElement\":[{\"@type\":\"ListItem\",\"position\":1,\"name\":\"Startseite\",\"item\":\"https:\\\/\\\/gruene-eichstaett.de\\\/gaimersheim\\\/\"},{\"@type\":\"ListItem\",\"position\":2,\"name\":\"Anlagenf\u00fchrung in der Biogasanlage der BioIN GmbH\"}]},{\"@type\":\"WebSite\",\"@id\":\"https:\\\/\\\/gruene-eichstaett.de\\\/gaimersheim\\\/#website\",\"url\":\"https:\\\/\\\/gruene-eichstaett.de\\\/gaimersheim\\\/\",\"name\":\"B\u00dcNDNIS 90\\\/DIE GR\u00dcNEN\",\"description\":\"in der Gemeinde Gaimersheim\",\"publisher\":{\"@id\":\"https:\\\/\\\/gruene-eichstaett.de\\\/gaimersheim\\\/#organization\"},\"potentialAction\":[{\"@type\":\"SearchAction\",\"target\":{\"@type\":\"EntryPoint\",\"urlTemplate\":\"https:\\\/\\\/gruene-eichstaett.de\\\/gaimersheim\\\/?s={search_term_string}\"},\"query-input\":{\"@type\":\"PropertyValueSpecification\",\"valueRequired\":true,\"valueName\":\"search_term_string\"}}],\"inLanguage\":\"de\"},{\"@type\":\"Organization\",\"@id\":\"https:\\\/\\\/gruene-eichstaett.de\\\/gaimersheim\\\/#organization\",\"name\":\"B\u00dcNDNIS 90\\\/DIE GR\u00dcNEN\",\"url\":\"https:\\\/\\\/gruene-eichstaett.de\\\/gaimersheim\\\/\",\"logo\":{\"@type\":\"ImageObject\",\"inLanguage\":\"de\",\"@id\":\"https:\\\/\\\/gruene-eichstaett.de\\\/gaimersheim\\\/#\\\/schema\\\/logo\\\/image\\\/\",\"url\":\"https:\\\/\\\/gruene-eichstaett.de\\\/gaimersheim\\\/wp-content\\\/uploads\\\/sites\\\/4\\\/2021\\\/12\\\/Profilbild-Sonenblume.png\",\"contentUrl\":\"https:\\\/\\\/gruene-eichstaett.de\\\/gaimersheim\\\/wp-content\\\/uploads\\\/sites\\\/4\\\/2021\\\/12\\\/Profilbild-Sonenblume.png\",\"width\":400,\"height\":400,\"caption\":\"B\u00dcNDNIS 90\\\/DIE GR\u00dcNEN\"},\"image\":{\"@id\":\"https:\\\/\\\/gruene-eichstaett.de\\\/gaimersheim\\\/#\\\/schema\\\/logo\\\/image\\\/\"}},{\"@type\":\"Person\",\"@id\":\"https:\\\/\\\/gruene-eichstaett.de\\\/gaimersheim\\\/#\\\/schema\\\/person\\\/55f8f8ec89abe9b92e0ea7e41f7eefa4\",\"name\":\"robertpflueger\",\"image\":{\"@type\":\"ImageObject\",\"inLanguage\":\"de\",\"@id\":\"https:\\\/\\\/secure.gravatar.com\\\/avatar\\\/6065a56782b30136b39bd658470b49cfb5664dd1624f98a45937681dc3204609?s=96&d=mm&r=g\",\"url\":\"https:\\\/\\\/secure.gravatar.com\\\/avatar\\\/6065a56782b30136b39bd658470b49cfb5664dd1624f98a45937681dc3204609?s=96&d=mm&r=g\",\"contentUrl\":\"https:\\\/\\\/secure.gravatar.com\\\/avatar\\\/6065a56782b30136b39bd658470b49cfb5664dd1624f98a45937681dc3204609?s=96&d=mm&r=g\",\"caption\":\"robertpflueger\"},\"sameAs\":[\"https:\\\/\\\/gruene-eichstaett.de\\\/gaimersheim\",\"https:\\\/\\\/www.instagram.com\\\/gruenegaimersheim\\\/\"],\"url\":\"https:\\\/\\\/gruene-eichstaett.de\\\/gaimersheim\\\/author\\\/robertpflueger\\\/\"}]}<\/script>\n<!-- \/ Yoast SEO plugin. -->","yoast_head_json":{"title":"Anlagenf\u00fchrung in der Biogasanlage der BioIN GmbH - B\u00dcNDNIS 90\/DIE GR\u00dcNEN","description":"Die Verwertung des Inhaltes der Biotonnen ist eine Herausforderung. L\u00f6sungen hierzu werden bei der Anlagenf\u00fchrung erkl\u00e4rt und gezeigt.","robots":{"index":"index","follow":"follow","max-snippet":"max-snippet:-1","max-image-preview":"max-image-preview:large","max-video-preview":"max-video-preview:-1"},"canonical":"https:\/\/gruene-eichstaett.de\/gaimersheim\/2026\/03\/17\/anlagenfuehrung-in-der-biogasanlage-der-bioin-gmbh\/","og_locale":"de_DE","og_type":"article","og_title":"Anlagenf\u00fchrung in der Biogasanlage der BioIN GmbH - B\u00dcNDNIS 90\/DIE GR\u00dcNEN","og_description":"Die Verwertung des Inhaltes der Biotonnen ist eine Herausforderung. L\u00f6sungen hierzu werden bei der Anlagenf\u00fchrung erkl\u00e4rt und gezeigt.","og_url":"https:\/\/gruene-eichstaett.de\/gaimersheim\/2026\/03\/17\/anlagenfuehrung-in-der-biogasanlage-der-bioin-gmbh\/","og_site_name":"B\u00dcNDNIS 90\/DIE GR\u00dcNEN","article_published_time":"2026-03-17T20:48:42+00:00","og_image":[{"width":1587,"height":2245,"url":"https:\/\/gruene-eichstaett.de\/gaimersheim\/wp-content\/uploads\/sites\/4\/2024\/11\/Biogasanlage-2026.pdf.jpg","type":"image\/jpeg"}],"author":"robertpflueger","twitter_card":"summary_large_image","twitter_misc":{"Verfasst von":"robertpflueger","Gesch\u00e4tzte Lesezeit":"1\u00a0Minute"},"schema":{"@context":"https:\/\/schema.org","@graph":[{"@type":"Article","@id":"https:\/\/gruene-eichstaett.de\/gaimersheim\/2026\/03\/17\/anlagenfuehrung-in-der-biogasanlage-der-bioin-gmbh\/#article","isPartOf":{"@id":"https:\/\/gruene-eichstaett.de\/gaimersheim\/2026\/03\/17\/anlagenfuehrung-in-der-biogasanlage-der-bioin-gmbh\/"},"author":{"name":"robertpflueger","@id":"https:\/\/gruene-eichstaett.de\/gaimersheim\/#\/schema\/person\/55f8f8ec89abe9b92e0ea7e41f7eefa4"},"headline":"Anlagenf\u00fchrung in der Biogasanlage der BioIN GmbH","datePublished":"2026-03-17T20:48:42+00:00","mainEntityOfPage":{"@id":"https:\/\/gruene-eichstaett.de\/gaimersheim\/2026\/03\/17\/anlagenfuehrung-in-der-biogasanlage-der-bioin-gmbh\/"},"wordCount":145,"commentCount":0,"publisher":{"@id":"https:\/\/gruene-eichstaett.de\/gaimersheim\/#organization"},"image":{"@id":"https:\/\/gruene-eichstaett.de\/gaimersheim\/2026\/03\/17\/anlagenfuehrung-in-der-biogasanlage-der-bioin-gmbh\/#primaryimage"},"thumbnailUrl":"https:\/\/gruene-eichstaett.de\/gaimersheim\/wp-content\/uploads\/sites\/4\/2024\/11\/Biogasanlage-2026.pdf.jpg","inLanguage":"de","potentialAction":[{"@type":"CommentAction","name":"Comment","target":["https:\/\/gruene-eichstaett.de\/gaimersheim\/2026\/03\/17\/anlagenfuehrung-in-der-biogasanlage-der-bioin-gmbh\/#respond"]}]},{"@type":"WebPage","@id":"https:\/\/gruene-eichstaett.de\/gaimersheim\/2026\/03\/17\/anlagenfuehrung-in-der-biogasanlage-der-bioin-gmbh\/","url":"https:\/\/gruene-eichstaett.de\/gaimersheim\/2026\/03\/17\/anlagenfuehrung-in-der-biogasanlage-der-bioin-gmbh\/","name":"Anlagenf\u00fchrung in der Biogasanlage der BioIN GmbH - B\u00dcNDNIS 90\/DIE GR\u00dcNEN","isPartOf":{"@id":"https:\/\/gruene-eichstaett.de\/gaimersheim\/#website"},"primaryImageOfPage":{"@id":"https:\/\/gruene-eichstaett.de\/gaimersheim\/2026\/03\/17\/anlagenfuehrung-in-der-biogasanlage-der-bioin-gmbh\/#primaryimage"},"image":{"@id":"https:\/\/gruene-eichstaett.de\/gaimersheim\/2026\/03\/17\/anlagenfuehrung-in-der-biogasanlage-der-bioin-gmbh\/#primaryimage"},"thumbnailUrl":"https:\/\/gruene-eichstaett.de\/gaimersheim\/wp-content\/uploads\/sites\/4\/2024\/11\/Biogasanlage-2026.pdf.jpg","datePublished":"2026-03-17T20:48:42+00:00","description":"Die Verwertung des Inhaltes der Biotonnen ist eine Herausforderung. L\u00f6sungen hierzu werden bei der Anlagenf\u00fchrung erkl\u00e4rt und gezeigt.","breadcrumb":{"@id":"https:\/\/gruene-eichstaett.de\/gaimersheim\/2026\/03\/17\/anlagenfuehrung-in-der-biogasanlage-der-bioin-gmbh\/#breadcrumb"},"inLanguage":"de","potentialAction":[{"@type":"ReadAction","target":["https:\/\/gruene-eichstaett.de\/gaimersheim\/2026\/03\/17\/anlagenfuehrung-in-der-biogasanlage-der-bioin-gmbh\/"]}]},{"@type":"ImageObject","inLanguage":"de","@id":"https:\/\/gruene-eichstaett.de\/gaimersheim\/2026\/03\/17\/anlagenfuehrung-in-der-biogasanlage-der-bioin-gmbh\/#primaryimage","url":"https:\/\/gruene-eichstaett.de\/gaimersheim\/wp-content\/uploads\/sites\/4\/2024\/11\/Biogasanlage-2026.pdf.jpg","contentUrl":"https:\/\/gruene-eichstaett.de\/gaimersheim\/wp-content\/uploads\/sites\/4\/2024\/11\/Biogasanlage-2026.pdf.jpg","width":1587,"height":2245},{"@type":"BreadcrumbList","@id":"https:\/\/gruene-eichstaett.de\/gaimersheim\/2026\/03\/17\/anlagenfuehrung-in-der-biogasanlage-der-bioin-gmbh\/#breadcrumb","itemListElement":[{"@type":"ListItem","position":1,"name":"Startseite","item":"https:\/\/gruene-eichstaett.de\/gaimersheim\/"},{"@type":"ListItem","position":2,"name":"Anlagenf\u00fchrung in der Biogasanlage der BioIN GmbH"}]},{"@type":"WebSite","@id":"https:\/\/gruene-eichstaett.de\/gaimersheim\/#website","url":"https:\/\/gruene-eichstaett.de\/gaimersheim\/","name":"B\u00dcNDNIS 90\/DIE GR\u00dcNEN","description":"in der Gemeinde Gaimersheim","publisher":{"@id":"https:\/\/gruene-eichstaett.de\/gaimersheim\/#organization"},"potentialAction":[{"@type":"SearchAction","target":{"@type":"EntryPoint","urlTemplate":"https:\/\/gruene-eichstaett.de\/gaimersheim\/?s={search_term_string}"},"query-input":{"@type":"PropertyValueSpecification","valueRequired":true,"valueName":"search_term_string"}}],"inLanguage":"de"},{"@type":"Organization","@id":"https:\/\/gruene-eichstaett.de\/gaimersheim\/#organization","name":"B\u00dcNDNIS 90\/DIE GR\u00dcNEN","url":"https:\/\/gruene-eichstaett.de\/gaimersheim\/","logo":{"@type":"ImageObject","inLanguage":"de","@id":"https:\/\/gruene-eichstaett.de\/gaimersheim\/#\/schema\/logo\/image\/","url":"https:\/\/gruene-eichstaett.de\/gaimersheim\/wp-content\/uploads\/sites\/4\/2021\/12\/Profilbild-Sonenblume.png","contentUrl":"https:\/\/gruene-eichstaett.de\/gaimersheim\/wp-content\/uploads\/sites\/4\/2021\/12\/Profilbild-Sonenblume.png","width":400,"height":400,"caption":"B\u00dcNDNIS 90\/DIE GR\u00dcNEN"},"image":{"@id":"https:\/\/gruene-eichstaett.de\/gaimersheim\/#\/schema\/logo\/image\/"}},{"@type":"Person","@id":"https:\/\/gruene-eichstaett.de\/gaimersheim\/#\/schema\/person\/55f8f8ec89abe9b92e0ea7e41f7eefa4","name":"robertpflueger","image":{"@type":"ImageObject","inLanguage":"de","@id":"https:\/\/secure.gravatar.com\/avatar\/6065a56782b30136b39bd658470b49cfb5664dd1624f98a45937681dc3204609?s=96&d=mm&r=g","url":"https:\/\/secure.gravatar.com\/avatar\/6065a56782b30136b39bd658470b49cfb5664dd1624f98a45937681dc3204609?s=96&d=mm&r=g","contentUrl":"https:\/\/secure.gravatar.com\/avatar\/6065a56782b30136b39bd658470b49cfb5664dd1624f98a45937681dc3204609?s=96&d=mm&r=g","caption":"robertpflueger"},"sameAs":["https:\/\/gruene-eichstaett.de\/gaimersheim","https:\/\/www.instagram.com\/gruenegaimersheim\/"],"url":"https:\/\/gruene-eichstaett.de\/gaimersheim\/author\/robertpflueger\/"}]}},"_links":{"self":[{"href":"https:\/\/gruene-eichstaett.de\/gaimersheim\/wp-json\/wp\/v2\/posts\/157","targetHints":{"allow":["GET"]}}],"collection":[{"href":"https:\/\/gruene-eichstaett.de\/gaimersheim\/wp-json\/wp\/v2\/posts"}],"about":[{"href":"https:\/\/gruene-eichstaett.de\/gaimersheim\/wp-json\/wp\/v2\/types\/post"}],"author":[{"embeddable":true,"href":"https:\/\/gruene-eichstaett.de\/gaimersheim\/wp-json\/wp\/v2\/users\/20"}],"replies":[{"embeddable":true,"href":"https:\/\/gruene-eichstaett.de\/gaimersheim\/wp-json\/wp\/v2\/comments?post=157"}],"version-history":[{"count":6,"href":"https:\/\/gruene-eichstaett.de\/gaimersheim\/wp-json\/wp\/v2\/posts\/157\/revisions"}],"predecessor-version":[{"id":707,"href":"https:\/\/gruene-eichstaett.de\/gaimersheim\/wp-json\/wp\/v2\/posts\/157\/revisions\/707"}],"wp:featuredmedia":[{"embeddable":true,"href":"https:\/\/gruene-eichstaett.de\/gaimersheim\/wp-json\/wp\/v2\/media\/706"}],"wp:attachment":[{"href":"https:\/\/gruene-eichstaett.de\/gaimersheim\/wp-json\/wp\/v2\/media?parent=157"}],"wp:term":[{"taxonomy":"category","embeddable":true,"href":"https:\/\/gruene-eichstaett.de\/gaimersheim\/wp-json\/wp\/v2\/categories?post=157"},{"taxonomy":"post_tag","embeddable":true,"href":"https:\/\/gruene-eichstaett.de\/gaimersheim\/wp-json\/wp\/v2\/tags?post=157"}],"curies":[{"name":"wp","href":"https:\/\/api.w.org\/{rel}","templated":true}]}}