{"id":173,"date":"2025-04-04T15:23:28","date_gmt":"2025-04-04T13:23:28","guid":{"rendered":"https:\/\/gruene-eichstaett.de\/gaimersheim\/?p=173"},"modified":"2025-07-11T20:38:27","modified_gmt":"2025-07-11T18:38:27","slug":"ortsverbandstreffen","status":"publish","type":"post","link":"https:\/\/gruene-eichstaett.de\/gaimersheim\/2025\/04\/04\/ortsverbandstreffen\/","title":{"rendered":"Verbesserung des Grundwassers"},"content":{"rendered":"\n<p><br>Am 27.03.2025 referierte Geowissenschaftler Christian Seute \u00fcber Grundwasser in der Region um Gaimersheim.<\/p>\n\n\n\n<p>Nach einer Einf\u00fchrung mit allgemeinen Definitionen zum Thema Grundwasser wurde die hydrogeologische Situation der Region, die verschieden Grundwasserleiter von Karstgrundwasserleiter bis Donauschotter gegen\u00fcbergestellt und ihre Besonderheiten vorgestellt und welche Konsequenzen sich daraus f\u00fcr unseren Umgang mit unserem Grundwasservorkommen ergeben.<\/p>\n\n\n\n<p>Anschlie\u00dfend wurden die Auswirkungen des Klimawandels auf unser Grundwasser betrachtet. Nach aktuellem Kenntnisstand und Beobachtungen der letzten Jahre kommt es aufgrund der Klimaerw\u00e4rmung zu einer geringeren Grundwasserneubildung. <br><\/p>\n\n\n\n<figure class=\"wp-block-image size-full\"><img loading=\"lazy\" decoding=\"async\" width=\"900\" height=\"600\" src=\"https:\/\/gruene-eichstaett.de\/gaimersheim\/wp-content\/uploads\/sites\/4\/2025\/03\/nzmd_abb1_gr.png\" alt=\"\" class=\"wp-image-575\" srcset=\"https:\/\/gruene-eichstaett.de\/gaimersheim\/wp-content\/uploads\/sites\/4\/2025\/03\/nzmd_abb1_gr.png 900w, https:\/\/gruene-eichstaett.de\/gaimersheim\/wp-content\/uploads\/sites\/4\/2025\/03\/nzmd_abb1_gr-300x200.png 300w, https:\/\/gruene-eichstaett.de\/gaimersheim\/wp-content\/uploads\/sites\/4\/2025\/03\/nzmd_abb1_gr-768x512.png 768w\" sizes=\"auto, (max-width: 900px) 100vw, 900px\" \/><\/figure>\n\n\n\n<p>Dies resultierte in teilweise stark sinkenden Grundwasserst\u00e4nden insbesondere im Karstgrundwasserleiter , der f\u00fcr die Wasserversorgung so wichtig ist. Das nasse niederschlagsreiche vergangenen Jahr stellt dabei eine Ausnahme dar. Es f\u00fchrte zu einer merklichen Erholung, jedoch befinden sich die Grundwasserst\u00e4nde immer noch im Minus und die mittelfristigen Tendenzen bleiben zu beobachten.<\/p>\n\n\n\n<p>Aus der geringeren Neubildung des Grundwassers und wegen der steigenden Temperaturen anzunehmender Zunahme des Verbrauchs resultieren etliche Nutzungskonflikte.<\/p>\n\n\n\n<figure class=\"wp-block-image size-large\"><img loading=\"lazy\" decoding=\"async\" width=\"1024\" height=\"457\" src=\"https:\/\/gruene-eichstaett.de\/gaimersheim\/wp-content\/uploads\/sites\/4\/2025\/03\/chart-1024x457.png\" alt=\"\" class=\"wp-image-576\" srcset=\"https:\/\/gruene-eichstaett.de\/gaimersheim\/wp-content\/uploads\/sites\/4\/2025\/03\/chart-1024x457.png 1024w, https:\/\/gruene-eichstaett.de\/gaimersheim\/wp-content\/uploads\/sites\/4\/2025\/03\/chart-300x134.png 300w, https:\/\/gruene-eichstaett.de\/gaimersheim\/wp-content\/uploads\/sites\/4\/2025\/03\/chart-768x343.png 768w, https:\/\/gruene-eichstaett.de\/gaimersheim\/wp-content\/uploads\/sites\/4\/2025\/03\/chart-1536x685.png 1536w, https:\/\/gruene-eichstaett.de\/gaimersheim\/wp-content\/uploads\/sites\/4\/2025\/03\/chart-2048x913.png 2048w\" sizes=\"auto, (max-width: 1024px) 100vw, 1024px\" \/><\/figure>\n\n\n\n<p>Dabei sollte die Trinkwasserversorgung weiterhin oberste Priorit\u00e4t haben, jedoch muss auch diese Nachhaltigkeitskriterien erf\u00fcllen.<\/p>\n\n\n\n<p>Aber was bedeutete das f\u00fcr den lokalen und individuellen Grundwasserschutz?<\/p>\n\n\n\n<p>Dazu gibt es unz\u00e4hlige Aspekte und L\u00f6sungsvorschl\u00e4ge aber folgende Fragen k\u00f6nnten als grundlegender Ma\u00dfstab f\u00fcr die Bewertung und Orientierung dienen:<\/p>\n\n\n\n<p>&nbsp;&nbsp;&nbsp;&nbsp;&nbsp;&nbsp;&nbsp;&nbsp;&nbsp;&nbsp;&nbsp;&nbsp;&nbsp;&nbsp; &#8211; Ben\u00f6tige ich f\u00fcr meine aktuelle Situation wirklich TRINKwasser?<\/p>\n\n\n\n<p>&nbsp;&nbsp;&nbsp;&nbsp;&nbsp;&nbsp;&nbsp;&nbsp;&nbsp;&nbsp;&nbsp;&nbsp;&nbsp;&nbsp; &#8211; Was passiert mit meinem Regen? Gibt es eine M\u00f6glichkeit der \u00f6rtlichen Versickerung?<\/p>\n\n\n\n<p>&nbsp;&nbsp;&nbsp;&nbsp;&nbsp;&nbsp;&nbsp;&nbsp;&nbsp;&nbsp;&nbsp;&nbsp;&nbsp;&nbsp; &#8211; Was passiert mit meinen Abfallstoffen? Werden sie vern\u00fcnftig entsorgt, sodass sie nicht ins Grundwasser gelangen?<\/p>\n\n\n\n<p>Wasser ist und bleibt eine begrenzte lebensnotwendige Ressource und damit muss gewissenhaft und nachhaltig umgegangen werden, damit sie uns auch zuk\u00fcnftig noch zur Verf\u00fcgung steht.<br><br>Christian Seute<\/p>\n","protected":false},"excerpt":{"rendered":"<p>Am 27.03.2025 referierte Geowissenschaftler Christian Seute \u00fcber Grundwasser in der Region um Gaimersheim. Nach einer Einf\u00fchrung mit allgemeinen Definitionen zum Thema Grundwasser wurde die hydrogeologische Situation der Region, die verschieden [&hellip;]<\/p>\n","protected":false},"author":-1,"featured_media":0,"comment_status":"open","ping_status":"open","sticky":false,"template":"","format":"standard","meta":{"footnotes":""},"categories":[1],"tags":[11],"class_list":["post-173","post","type-post","status-publish","format-standard","hentry","category-allgemein","tag-persoenliche-treffen"],"yoast_head":"<!-- This site is optimized with the Yoast SEO plugin v27.4 - https:\/\/yoast.com\/product\/yoast-seo-wordpress\/ -->\n<title>Verbesserung des Grundwassers - B\u00dcNDNIS 90\/DIE GR\u00dcNEN<\/title>\n<meta name=\"description\" content=\"Offenes Treffen der Gaimersheimer GR\u00dcNEN, Diskussion von Sachthemen und Unterst\u00fctzung der politischen Meinungsbildung.\" \/>\n<meta name=\"robots\" content=\"index, follow, max-snippet:-1, max-image-preview:large, max-video-preview:-1\" \/>\n<link rel=\"canonical\" href=\"https:\/\/gruene-eichstaett.de\/gaimersheim\/2025\/04\/04\/ortsverbandstreffen\/\" \/>\n<meta property=\"og:locale\" content=\"de_DE\" \/>\n<meta property=\"og:type\" content=\"article\" \/>\n<meta property=\"og:title\" content=\"Verbesserung des Grundwassers - B\u00dcNDNIS 90\/DIE GR\u00dcNEN\" \/>\n<meta property=\"og:description\" content=\"Offenes Treffen der Gaimersheimer GR\u00dcNEN, Diskussion von Sachthemen und Unterst\u00fctzung der politischen Meinungsbildung.\" \/>\n<meta property=\"og:url\" content=\"https:\/\/gruene-eichstaett.de\/gaimersheim\/2025\/04\/04\/ortsverbandstreffen\/\" \/>\n<meta property=\"og:site_name\" content=\"B\u00dcNDNIS 90\/DIE GR\u00dcNEN\" \/>\n<meta property=\"article:published_time\" content=\"2025-04-04T13:23:28+00:00\" \/>\n<meta property=\"article:modified_time\" content=\"2025-07-11T18:38:27+00:00\" \/>\n<meta property=\"og:image\" content=\"https:\/\/gruene-eichstaett.de\/gaimersheim\/wp-content\/uploads\/sites\/4\/2025\/03\/nzmd_abb1_gr.png\" \/>\n\t<meta property=\"og:image:width\" content=\"900\" \/>\n\t<meta property=\"og:image:height\" content=\"600\" \/>\n\t<meta property=\"og:image:type\" content=\"image\/png\" \/>\n<meta name=\"author\" content=\"robertpflueger\" \/>\n<meta name=\"twitter:card\" content=\"summary_large_image\" \/>\n<meta name=\"twitter:label1\" content=\"Verfasst von\" \/>\n\t<meta name=\"twitter:data1\" content=\"robertpflueger\" \/>\n\t<meta name=\"twitter:label2\" content=\"Gesch\u00e4tzte Lesezeit\" \/>\n\t<meta name=\"twitter:data2\" content=\"3\u00a0Minuten\" \/>\n<script type=\"application\/ld+json\" class=\"yoast-schema-graph\">{\"@context\":\"https:\\\/\\\/schema.org\",\"@graph\":[{\"@type\":\"Article\",\"@id\":\"https:\\\/\\\/gruene-eichstaett.de\\\/gaimersheim\\\/2025\\\/04\\\/04\\\/ortsverbandstreffen\\\/#article\",\"isPartOf\":{\"@id\":\"https:\\\/\\\/gruene-eichstaett.de\\\/gaimersheim\\\/2025\\\/04\\\/04\\\/ortsverbandstreffen\\\/\"},\"author\":{\"name\":\"robertpflueger\",\"@id\":\"https:\\\/\\\/gruene-eichstaett.de\\\/gaimersheim\\\/#\\\/schema\\\/person\\\/55f8f8ec89abe9b92e0ea7e41f7eefa4\"},\"headline\":\"Verbesserung des Grundwassers\",\"datePublished\":\"2025-04-04T13:23:28+00:00\",\"dateModified\":\"2025-07-11T18:38:27+00:00\",\"mainEntityOfPage\":{\"@id\":\"https:\\\/\\\/gruene-eichstaett.de\\\/gaimersheim\\\/2025\\\/04\\\/04\\\/ortsverbandstreffen\\\/\"},\"wordCount\":323,\"commentCount\":0,\"publisher\":{\"@id\":\"https:\\\/\\\/gruene-eichstaett.de\\\/gaimersheim\\\/#organization\"},\"image\":{\"@id\":\"https:\\\/\\\/gruene-eichstaett.de\\\/gaimersheim\\\/2025\\\/04\\\/04\\\/ortsverbandstreffen\\\/#primaryimage\"},\"thumbnailUrl\":\"https:\\\/\\\/gruene-eichstaett.de\\\/gaimersheim\\\/wp-content\\\/uploads\\\/sites\\\/4\\\/2025\\\/03\\\/nzmd_abb1_gr.png\",\"keywords\":[\"Pers\u00f6nliche Treffen\"],\"inLanguage\":\"de\",\"potentialAction\":[{\"@type\":\"CommentAction\",\"name\":\"Comment\",\"target\":[\"https:\\\/\\\/gruene-eichstaett.de\\\/gaimersheim\\\/2025\\\/04\\\/04\\\/ortsverbandstreffen\\\/#respond\"]}]},{\"@type\":\"WebPage\",\"@id\":\"https:\\\/\\\/gruene-eichstaett.de\\\/gaimersheim\\\/2025\\\/04\\\/04\\\/ortsverbandstreffen\\\/\",\"url\":\"https:\\\/\\\/gruene-eichstaett.de\\\/gaimersheim\\\/2025\\\/04\\\/04\\\/ortsverbandstreffen\\\/\",\"name\":\"Verbesserung des Grundwassers - B\u00dcNDNIS 90\\\/DIE GR\u00dcNEN\",\"isPartOf\":{\"@id\":\"https:\\\/\\\/gruene-eichstaett.de\\\/gaimersheim\\\/#website\"},\"primaryImageOfPage\":{\"@id\":\"https:\\\/\\\/gruene-eichstaett.de\\\/gaimersheim\\\/2025\\\/04\\\/04\\\/ortsverbandstreffen\\\/#primaryimage\"},\"image\":{\"@id\":\"https:\\\/\\\/gruene-eichstaett.de\\\/gaimersheim\\\/2025\\\/04\\\/04\\\/ortsverbandstreffen\\\/#primaryimage\"},\"thumbnailUrl\":\"https:\\\/\\\/gruene-eichstaett.de\\\/gaimersheim\\\/wp-content\\\/uploads\\\/sites\\\/4\\\/2025\\\/03\\\/nzmd_abb1_gr.png\",\"datePublished\":\"2025-04-04T13:23:28+00:00\",\"dateModified\":\"2025-07-11T18:38:27+00:00\",\"description\":\"Offenes Treffen der Gaimersheimer GR\u00dcNEN, Diskussion von Sachthemen und Unterst\u00fctzung der politischen Meinungsbildung.\",\"breadcrumb\":{\"@id\":\"https:\\\/\\\/gruene-eichstaett.de\\\/gaimersheim\\\/2025\\\/04\\\/04\\\/ortsverbandstreffen\\\/#breadcrumb\"},\"inLanguage\":\"de\",\"potentialAction\":[{\"@type\":\"ReadAction\",\"target\":[\"https:\\\/\\\/gruene-eichstaett.de\\\/gaimersheim\\\/2025\\\/04\\\/04\\\/ortsverbandstreffen\\\/\"]}]},{\"@type\":\"ImageObject\",\"inLanguage\":\"de\",\"@id\":\"https:\\\/\\\/gruene-eichstaett.de\\\/gaimersheim\\\/2025\\\/04\\\/04\\\/ortsverbandstreffen\\\/#primaryimage\",\"url\":\"https:\\\/\\\/gruene-eichstaett.de\\\/gaimersheim\\\/wp-content\\\/uploads\\\/sites\\\/4\\\/2025\\\/03\\\/nzmd_abb1_gr.png\",\"contentUrl\":\"https:\\\/\\\/gruene-eichstaett.de\\\/gaimersheim\\\/wp-content\\\/uploads\\\/sites\\\/4\\\/2025\\\/03\\\/nzmd_abb1_gr.png\",\"width\":900,\"height\":600},{\"@type\":\"BreadcrumbList\",\"@id\":\"https:\\\/\\\/gruene-eichstaett.de\\\/gaimersheim\\\/2025\\\/04\\\/04\\\/ortsverbandstreffen\\\/#breadcrumb\",\"itemListElement\":[{\"@type\":\"ListItem\",\"position\":1,\"name\":\"Startseite\",\"item\":\"https:\\\/\\\/gruene-eichstaett.de\\\/gaimersheim\\\/\"},{\"@type\":\"ListItem\",\"position\":2,\"name\":\"Verbesserung des Grundwassers\"}]},{\"@type\":\"WebSite\",\"@id\":\"https:\\\/\\\/gruene-eichstaett.de\\\/gaimersheim\\\/#website\",\"url\":\"https:\\\/\\\/gruene-eichstaett.de\\\/gaimersheim\\\/\",\"name\":\"B\u00dcNDNIS 90\\\/DIE GR\u00dcNEN\",\"description\":\"in der Gemeinde Gaimersheim\",\"publisher\":{\"@id\":\"https:\\\/\\\/gruene-eichstaett.de\\\/gaimersheim\\\/#organization\"},\"potentialAction\":[{\"@type\":\"SearchAction\",\"target\":{\"@type\":\"EntryPoint\",\"urlTemplate\":\"https:\\\/\\\/gruene-eichstaett.de\\\/gaimersheim\\\/?s={search_term_string}\"},\"query-input\":{\"@type\":\"PropertyValueSpecification\",\"valueRequired\":true,\"valueName\":\"search_term_string\"}}],\"inLanguage\":\"de\"},{\"@type\":\"Organization\",\"@id\":\"https:\\\/\\\/gruene-eichstaett.de\\\/gaimersheim\\\/#organization\",\"name\":\"B\u00dcNDNIS 90\\\/DIE GR\u00dcNEN\",\"url\":\"https:\\\/\\\/gruene-eichstaett.de\\\/gaimersheim\\\/\",\"logo\":{\"@type\":\"ImageObject\",\"inLanguage\":\"de\",\"@id\":\"https:\\\/\\\/gruene-eichstaett.de\\\/gaimersheim\\\/#\\\/schema\\\/logo\\\/image\\\/\",\"url\":\"https:\\\/\\\/gruene-eichstaett.de\\\/gaimersheim\\\/wp-content\\\/uploads\\\/sites\\\/4\\\/2021\\\/12\\\/Profilbild-Sonenblume.png\",\"contentUrl\":\"https:\\\/\\\/gruene-eichstaett.de\\\/gaimersheim\\\/wp-content\\\/uploads\\\/sites\\\/4\\\/2021\\\/12\\\/Profilbild-Sonenblume.png\",\"width\":400,\"height\":400,\"caption\":\"B\u00dcNDNIS 90\\\/DIE GR\u00dcNEN\"},\"image\":{\"@id\":\"https:\\\/\\\/gruene-eichstaett.de\\\/gaimersheim\\\/#\\\/schema\\\/logo\\\/image\\\/\"}},{\"@type\":\"Person\",\"@id\":\"https:\\\/\\\/gruene-eichstaett.de\\\/gaimersheim\\\/#\\\/schema\\\/person\\\/55f8f8ec89abe9b92e0ea7e41f7eefa4\",\"name\":\"robertpflueger\",\"image\":{\"@type\":\"ImageObject\",\"inLanguage\":\"de\",\"@id\":\"https:\\\/\\\/secure.gravatar.com\\\/avatar\\\/6065a56782b30136b39bd658470b49cfb5664dd1624f98a45937681dc3204609?s=96&d=mm&r=g\",\"url\":\"https:\\\/\\\/secure.gravatar.com\\\/avatar\\\/6065a56782b30136b39bd658470b49cfb5664dd1624f98a45937681dc3204609?s=96&d=mm&r=g\",\"contentUrl\":\"https:\\\/\\\/secure.gravatar.com\\\/avatar\\\/6065a56782b30136b39bd658470b49cfb5664dd1624f98a45937681dc3204609?s=96&d=mm&r=g\",\"caption\":\"robertpflueger\"},\"sameAs\":[\"https:\\\/\\\/gruene-eichstaett.de\\\/gaimersheim\",\"https:\\\/\\\/www.instagram.com\\\/gruenegaimersheim\\\/\"],\"url\":\"https:\\\/\\\/gruene-eichstaett.de\\\/gaimersheim\\\/author\\\/robertpflueger\\\/\"}]}<\/script>\n<!-- \/ Yoast SEO plugin. -->","yoast_head_json":{"title":"Verbesserung des Grundwassers - B\u00dcNDNIS 90\/DIE GR\u00dcNEN","description":"Offenes Treffen der Gaimersheimer GR\u00dcNEN, Diskussion von Sachthemen und Unterst\u00fctzung der politischen Meinungsbildung.","robots":{"index":"index","follow":"follow","max-snippet":"max-snippet:-1","max-image-preview":"max-image-preview:large","max-video-preview":"max-video-preview:-1"},"canonical":"https:\/\/gruene-eichstaett.de\/gaimersheim\/2025\/04\/04\/ortsverbandstreffen\/","og_locale":"de_DE","og_type":"article","og_title":"Verbesserung des Grundwassers - B\u00dcNDNIS 90\/DIE GR\u00dcNEN","og_description":"Offenes Treffen der Gaimersheimer GR\u00dcNEN, Diskussion von Sachthemen und Unterst\u00fctzung der politischen Meinungsbildung.","og_url":"https:\/\/gruene-eichstaett.de\/gaimersheim\/2025\/04\/04\/ortsverbandstreffen\/","og_site_name":"B\u00dcNDNIS 90\/DIE GR\u00dcNEN","article_published_time":"2025-04-04T13:23:28+00:00","article_modified_time":"2025-07-11T18:38:27+00:00","og_image":[{"width":900,"height":600,"url":"https:\/\/gruene-eichstaett.de\/gaimersheim\/wp-content\/uploads\/sites\/4\/2025\/03\/nzmd_abb1_gr.png","type":"image\/png"}],"author":"robertpflueger","twitter_card":"summary_large_image","twitter_misc":{"Verfasst von":"robertpflueger","Gesch\u00e4tzte Lesezeit":"3\u00a0Minuten"},"schema":{"@context":"https:\/\/schema.org","@graph":[{"@type":"Article","@id":"https:\/\/gruene-eichstaett.de\/gaimersheim\/2025\/04\/04\/ortsverbandstreffen\/#article","isPartOf":{"@id":"https:\/\/gruene-eichstaett.de\/gaimersheim\/2025\/04\/04\/ortsverbandstreffen\/"},"author":{"name":"robertpflueger","@id":"https:\/\/gruene-eichstaett.de\/gaimersheim\/#\/schema\/person\/55f8f8ec89abe9b92e0ea7e41f7eefa4"},"headline":"Verbesserung des Grundwassers","datePublished":"2025-04-04T13:23:28+00:00","dateModified":"2025-07-11T18:38:27+00:00","mainEntityOfPage":{"@id":"https:\/\/gruene-eichstaett.de\/gaimersheim\/2025\/04\/04\/ortsverbandstreffen\/"},"wordCount":323,"commentCount":0,"publisher":{"@id":"https:\/\/gruene-eichstaett.de\/gaimersheim\/#organization"},"image":{"@id":"https:\/\/gruene-eichstaett.de\/gaimersheim\/2025\/04\/04\/ortsverbandstreffen\/#primaryimage"},"thumbnailUrl":"https:\/\/gruene-eichstaett.de\/gaimersheim\/wp-content\/uploads\/sites\/4\/2025\/03\/nzmd_abb1_gr.png","keywords":["Pers\u00f6nliche Treffen"],"inLanguage":"de","potentialAction":[{"@type":"CommentAction","name":"Comment","target":["https:\/\/gruene-eichstaett.de\/gaimersheim\/2025\/04\/04\/ortsverbandstreffen\/#respond"]}]},{"@type":"WebPage","@id":"https:\/\/gruene-eichstaett.de\/gaimersheim\/2025\/04\/04\/ortsverbandstreffen\/","url":"https:\/\/gruene-eichstaett.de\/gaimersheim\/2025\/04\/04\/ortsverbandstreffen\/","name":"Verbesserung des Grundwassers - B\u00dcNDNIS 90\/DIE GR\u00dcNEN","isPartOf":{"@id":"https:\/\/gruene-eichstaett.de\/gaimersheim\/#website"},"primaryImageOfPage":{"@id":"https:\/\/gruene-eichstaett.de\/gaimersheim\/2025\/04\/04\/ortsverbandstreffen\/#primaryimage"},"image":{"@id":"https:\/\/gruene-eichstaett.de\/gaimersheim\/2025\/04\/04\/ortsverbandstreffen\/#primaryimage"},"thumbnailUrl":"https:\/\/gruene-eichstaett.de\/gaimersheim\/wp-content\/uploads\/sites\/4\/2025\/03\/nzmd_abb1_gr.png","datePublished":"2025-04-04T13:23:28+00:00","dateModified":"2025-07-11T18:38:27+00:00","description":"Offenes Treffen der Gaimersheimer GR\u00dcNEN, Diskussion von Sachthemen und Unterst\u00fctzung der politischen Meinungsbildung.","breadcrumb":{"@id":"https:\/\/gruene-eichstaett.de\/gaimersheim\/2025\/04\/04\/ortsverbandstreffen\/#breadcrumb"},"inLanguage":"de","potentialAction":[{"@type":"ReadAction","target":["https:\/\/gruene-eichstaett.de\/gaimersheim\/2025\/04\/04\/ortsverbandstreffen\/"]}]},{"@type":"ImageObject","inLanguage":"de","@id":"https:\/\/gruene-eichstaett.de\/gaimersheim\/2025\/04\/04\/ortsverbandstreffen\/#primaryimage","url":"https:\/\/gruene-eichstaett.de\/gaimersheim\/wp-content\/uploads\/sites\/4\/2025\/03\/nzmd_abb1_gr.png","contentUrl":"https:\/\/gruene-eichstaett.de\/gaimersheim\/wp-content\/uploads\/sites\/4\/2025\/03\/nzmd_abb1_gr.png","width":900,"height":600},{"@type":"BreadcrumbList","@id":"https:\/\/gruene-eichstaett.de\/gaimersheim\/2025\/04\/04\/ortsverbandstreffen\/#breadcrumb","itemListElement":[{"@type":"ListItem","position":1,"name":"Startseite","item":"https:\/\/gruene-eichstaett.de\/gaimersheim\/"},{"@type":"ListItem","position":2,"name":"Verbesserung des Grundwassers"}]},{"@type":"WebSite","@id":"https:\/\/gruene-eichstaett.de\/gaimersheim\/#website","url":"https:\/\/gruene-eichstaett.de\/gaimersheim\/","name":"B\u00dcNDNIS 90\/DIE GR\u00dcNEN","description":"in der Gemeinde Gaimersheim","publisher":{"@id":"https:\/\/gruene-eichstaett.de\/gaimersheim\/#organization"},"potentialAction":[{"@type":"SearchAction","target":{"@type":"EntryPoint","urlTemplate":"https:\/\/gruene-eichstaett.de\/gaimersheim\/?s={search_term_string}"},"query-input":{"@type":"PropertyValueSpecification","valueRequired":true,"valueName":"search_term_string"}}],"inLanguage":"de"},{"@type":"Organization","@id":"https:\/\/gruene-eichstaett.de\/gaimersheim\/#organization","name":"B\u00dcNDNIS 90\/DIE GR\u00dcNEN","url":"https:\/\/gruene-eichstaett.de\/gaimersheim\/","logo":{"@type":"ImageObject","inLanguage":"de","@id":"https:\/\/gruene-eichstaett.de\/gaimersheim\/#\/schema\/logo\/image\/","url":"https:\/\/gruene-eichstaett.de\/gaimersheim\/wp-content\/uploads\/sites\/4\/2021\/12\/Profilbild-Sonenblume.png","contentUrl":"https:\/\/gruene-eichstaett.de\/gaimersheim\/wp-content\/uploads\/sites\/4\/2021\/12\/Profilbild-Sonenblume.png","width":400,"height":400,"caption":"B\u00dcNDNIS 90\/DIE GR\u00dcNEN"},"image":{"@id":"https:\/\/gruene-eichstaett.de\/gaimersheim\/#\/schema\/logo\/image\/"}},{"@type":"Person","@id":"https:\/\/gruene-eichstaett.de\/gaimersheim\/#\/schema\/person\/55f8f8ec89abe9b92e0ea7e41f7eefa4","name":"robertpflueger","image":{"@type":"ImageObject","inLanguage":"de","@id":"https:\/\/secure.gravatar.com\/avatar\/6065a56782b30136b39bd658470b49cfb5664dd1624f98a45937681dc3204609?s=96&d=mm&r=g","url":"https:\/\/secure.gravatar.com\/avatar\/6065a56782b30136b39bd658470b49cfb5664dd1624f98a45937681dc3204609?s=96&d=mm&r=g","contentUrl":"https:\/\/secure.gravatar.com\/avatar\/6065a56782b30136b39bd658470b49cfb5664dd1624f98a45937681dc3204609?s=96&d=mm&r=g","caption":"robertpflueger"},"sameAs":["https:\/\/gruene-eichstaett.de\/gaimersheim","https:\/\/www.instagram.com\/gruenegaimersheim\/"],"url":"https:\/\/gruene-eichstaett.de\/gaimersheim\/author\/robertpflueger\/"}]}},"_links":{"self":[{"href":"https:\/\/gruene-eichstaett.de\/gaimersheim\/wp-json\/wp\/v2\/posts\/173","targetHints":{"allow":["GET"]}}],"collection":[{"href":"https:\/\/gruene-eichstaett.de\/gaimersheim\/wp-json\/wp\/v2\/posts"}],"about":[{"href":"https:\/\/gruene-eichstaett.de\/gaimersheim\/wp-json\/wp\/v2\/types\/post"}],"author":[{"embeddable":true,"href":"https:\/\/gruene-eichstaett.de\/gaimersheim\/wp-json\/wp\/v2\/users\/20"}],"replies":[{"embeddable":true,"href":"https:\/\/gruene-eichstaett.de\/gaimersheim\/wp-json\/wp\/v2\/comments?post=173"}],"version-history":[{"count":12,"href":"https:\/\/gruene-eichstaett.de\/gaimersheim\/wp-json\/wp\/v2\/posts\/173\/revisions"}],"predecessor-version":[{"id":577,"href":"https:\/\/gruene-eichstaett.de\/gaimersheim\/wp-json\/wp\/v2\/posts\/173\/revisions\/577"}],"wp:attachment":[{"href":"https:\/\/gruene-eichstaett.de\/gaimersheim\/wp-json\/wp\/v2\/media?parent=173"}],"wp:term":[{"taxonomy":"category","embeddable":true,"href":"https:\/\/gruene-eichstaett.de\/gaimersheim\/wp-json\/wp\/v2\/categories?post=173"},{"taxonomy":"post_tag","embeddable":true,"href":"https:\/\/gruene-eichstaett.de\/gaimersheim\/wp-json\/wp\/v2\/tags?post=173"}],"curies":[{"name":"wp","href":"https:\/\/api.w.org\/{rel}","templated":true}]}}