{"id":617,"date":"2025-07-11T20:34:33","date_gmt":"2025-07-11T18:34:33","guid":{"rendered":"https:\/\/gruene-eichstaett.de\/gaimersheim\/?p=617"},"modified":"2025-08-29T17:09:02","modified_gmt":"2025-08-29T15:09:02","slug":"radeln-in-gaimersheim","status":"publish","type":"post","link":"https:\/\/gruene-eichstaett.de\/gaimersheim\/2025\/07\/11\/radeln-in-gaimersheim\/","title":{"rendered":"Radeln in Gaimersheim"},"content":{"rendered":"\n<figure class=\"wp-block-image size-large\"><img loading=\"lazy\" decoding=\"async\" width=\"1024\" height=\"728\" src=\"https:\/\/gruene-eichstaett.de\/gaimersheim\/wp-content\/uploads\/sites\/4\/2025\/07\/2025-Radeln-in-Gaimersheim_1-1024x728.jpg\" alt=\"\" class=\"wp-image-618\" srcset=\"https:\/\/gruene-eichstaett.de\/gaimersheim\/wp-content\/uploads\/sites\/4\/2025\/07\/2025-Radeln-in-Gaimersheim_1-1024x728.jpg 1024w, https:\/\/gruene-eichstaett.de\/gaimersheim\/wp-content\/uploads\/sites\/4\/2025\/07\/2025-Radeln-in-Gaimersheim_1-300x213.jpg 300w, https:\/\/gruene-eichstaett.de\/gaimersheim\/wp-content\/uploads\/sites\/4\/2025\/07\/2025-Radeln-in-Gaimersheim_1-768x546.jpg 768w, https:\/\/gruene-eichstaett.de\/gaimersheim\/wp-content\/uploads\/sites\/4\/2025\/07\/2025-Radeln-in-Gaimersheim_1-1536x1092.jpg 1536w, https:\/\/gruene-eichstaett.de\/gaimersheim\/wp-content\/uploads\/sites\/4\/2025\/07\/2025-Radeln-in-Gaimersheim_1-2048x1456.jpg 2048w\" sizes=\"auto, (max-width: 1024px) 100vw, 1024px\" \/><\/figure>\n\n\n\n<p>Protokoll und Bericht \u00fcber die Radtour durch Gaimersheim<br>am 17.07.2025 von 18.00 bis 20.00h<\/p>\n\n\n\n<p>Start war auf dem Marktplatz mit 8 Teilnehmern bei bestem Radwetter. Es ging zuerst \u00fcber die obere Marktstrasse zum Kreisel Eitensheim\/B\u00f6hmfeld\/Rackertshofen. Dort angekommen wurde die schwierige Routenf\u00fchrung und Enge generell kritisiert. Kurzfristige Abhilfe wurde nicht erkannt aber sehr wohl der Vorschlag gemacht, zumindest bergauf Richtung B\u00f6hmfeld den sehr breiten B\u00fcrgersteig f\u00fcr eine Kombinutzung Rad\/Fu\u00dfg\u00e4nger bis<br>zum Kreisel zu nutzen und danach f\u00fcr die Radfahrer eine Spur rechts im Kreisel direkt auf den dann weiterf\u00fchrenden Rad\/Fu\u00dfweg Richtung B\u00f6hmfeld zu markieren. Dazu m\u00fcsste im Kreisel ein kurzes St\u00fcck des Randsteins abgesenkt<br>werden.<\/p>\n\n\n\n<p>Nach intensiver Diskussion ging es weiter \u00fcber den Obertorweg\/Schie\u00dfmauer\/Ettinger Strasse zur Kreuzung Steinbruck. An dieser<br>Stelle wurde die allgemein schlechte \u201eRadf\u00fchrung\u201c in der Marktgemeinde<br>diskutiert. Es gibt grunds\u00e4tzlich wenige Radschilder, die neben angrenzenden Ortschaften auch auf \u00f6rtliche Geb\u00e4ude (Bahnhof\/Ortsmitte\/Schwimmbad\/Schule etc.) aufmerksam machen. Konkret wurde an dieser Stelle diskutiert, den Fu\u00dfweg von Etting kommend auf der rechten (n\u00f6rdlichen) Seite aufgrund der \u00f6rtlich vorhandenen Breite f\u00fcr Fu\u00dfg\u00e4nger und Radfahrer bis zur Fu\u00dfg\u00e4nger Ampel auszuweisen. Zudem wurde vorgeschlagen beim Ortseingang von Etting kommend gleich ein Schild Richtung B\u00f6hmfeld\/Rackertshofen in \u201eAm Kellerbug\u201c zu installieren.<\/p>\n\n\n\n<p>Dann ging es \u00fcber Steinbruck zur Kreuzung Ingolst\u00e4dterstrasse. Hier wurde vorgeschlagen, den ab hier in die Untere Marktstrasse einm\u00fcndenen Radweg bis hinter die Verkehrsinsel zu verl\u00e4ngern und erst danach in die Untere Marktstrasse einm\u00fcnden zu lassen.<\/p>\n\n\n\n<p>Bei der Schaubeckkreuzung wurde sehr zustimmend die kommende<br>Verbreiterung des Radwegs Ziegeleistrasse zur Schaubeckkreuzung zur Kenntnis genommen. Gleichzeitig wurde empfohlen den dann neu entstandenen Radweg rechts der Kreuzung direkt in den Radweg Ingolst\u00e4dterstrasse zu \u201everl\u00e4ngern\u201c.<br><br>Marc Seute<\/p>\n","protected":false},"excerpt":{"rendered":"<p>Protokoll und Bericht \u00fcber die Radtour durch Gaimersheimam 17.07.2025 von 18.00 bis 20.00h Start war auf dem Marktplatz mit 8 Teilnehmern bei bestem Radwetter. Es ging zuerst \u00fcber die obere [&hellip;]<\/p>\n","protected":false},"author":-1,"featured_media":0,"comment_status":"open","ping_status":"open","sticky":false,"template":"","format":"standard","meta":{"footnotes":""},"categories":[1],"tags":[],"class_list":["post-617","post","type-post","status-publish","format-standard","hentry","category-allgemein"],"yoast_head":"<!-- This site is optimized with the Yoast SEO plugin v27.4 - https:\/\/yoast.com\/product\/yoast-seo-wordpress\/ -->\n<title>Radeln in Gaimersheim - B\u00dcNDNIS 90\/DIE GR\u00dcNEN<\/title>\n<meta name=\"description\" content=\"Gemeinsame Rundfahrt durch Gaimersheim f\u00fcr Verbesserungsvorschl\u00e4ge an den Radwegen f\u00fcr Radfahrende in Gaimersheim.\" \/>\n<meta name=\"robots\" content=\"index, follow, max-snippet:-1, max-image-preview:large, max-video-preview:-1\" \/>\n<link rel=\"canonical\" href=\"https:\/\/gruene-eichstaett.de\/gaimersheim\/2025\/07\/11\/radeln-in-gaimersheim\/\" \/>\n<meta property=\"og:locale\" content=\"de_DE\" \/>\n<meta property=\"og:type\" content=\"article\" \/>\n<meta property=\"og:title\" content=\"Radeln in Gaimersheim - B\u00dcNDNIS 90\/DIE GR\u00dcNEN\" \/>\n<meta property=\"og:description\" content=\"Gemeinsame Rundfahrt durch Gaimersheim f\u00fcr Verbesserungsvorschl\u00e4ge an den Radwegen f\u00fcr Radfahrende in Gaimersheim.\" \/>\n<meta property=\"og:url\" content=\"https:\/\/gruene-eichstaett.de\/gaimersheim\/2025\/07\/11\/radeln-in-gaimersheim\/\" \/>\n<meta property=\"og:site_name\" content=\"B\u00dcNDNIS 90\/DIE GR\u00dcNEN\" \/>\n<meta property=\"article:published_time\" content=\"2025-07-11T18:34:33+00:00\" \/>\n<meta property=\"article:modified_time\" content=\"2025-08-29T15:09:02+00:00\" \/>\n<meta property=\"og:image\" content=\"https:\/\/gruene-eichstaett.de\/gaimersheim\/wp-content\/uploads\/sites\/4\/2025\/07\/2025-Radeln-in-Gaimersheim_1.jpg\" \/>\n\t<meta property=\"og:image:width\" content=\"2516\" \/>\n\t<meta property=\"og:image:height\" content=\"1789\" \/>\n\t<meta property=\"og:image:type\" content=\"image\/jpeg\" \/>\n<meta name=\"author\" content=\"robertpflueger\" \/>\n<meta name=\"twitter:card\" content=\"summary_large_image\" \/>\n<meta name=\"twitter:label1\" content=\"Verfasst von\" \/>\n\t<meta name=\"twitter:data1\" content=\"robertpflueger\" \/>\n\t<meta name=\"twitter:label2\" content=\"Gesch\u00e4tzte Lesezeit\" \/>\n\t<meta name=\"twitter:data2\" content=\"2\u00a0Minuten\" \/>\n<script type=\"application\/ld+json\" class=\"yoast-schema-graph\">{\"@context\":\"https:\\\/\\\/schema.org\",\"@graph\":[{\"@type\":\"Article\",\"@id\":\"https:\\\/\\\/gruene-eichstaett.de\\\/gaimersheim\\\/2025\\\/07\\\/11\\\/radeln-in-gaimersheim\\\/#article\",\"isPartOf\":{\"@id\":\"https:\\\/\\\/gruene-eichstaett.de\\\/gaimersheim\\\/2025\\\/07\\\/11\\\/radeln-in-gaimersheim\\\/\"},\"author\":{\"name\":\"robertpflueger\",\"@id\":\"https:\\\/\\\/gruene-eichstaett.de\\\/gaimersheim\\\/#\\\/schema\\\/person\\\/55f8f8ec89abe9b92e0ea7e41f7eefa4\"},\"headline\":\"Radeln in Gaimersheim\",\"datePublished\":\"2025-07-11T18:34:33+00:00\",\"dateModified\":\"2025-08-29T15:09:02+00:00\",\"mainEntityOfPage\":{\"@id\":\"https:\\\/\\\/gruene-eichstaett.de\\\/gaimersheim\\\/2025\\\/07\\\/11\\\/radeln-in-gaimersheim\\\/\"},\"wordCount\":302,\"commentCount\":0,\"publisher\":{\"@id\":\"https:\\\/\\\/gruene-eichstaett.de\\\/gaimersheim\\\/#organization\"},\"image\":{\"@id\":\"https:\\\/\\\/gruene-eichstaett.de\\\/gaimersheim\\\/2025\\\/07\\\/11\\\/radeln-in-gaimersheim\\\/#primaryimage\"},\"thumbnailUrl\":\"https:\\\/\\\/gruene-eichstaett.de\\\/gaimersheim\\\/wp-content\\\/uploads\\\/sites\\\/4\\\/2025\\\/07\\\/2025-Radeln-in-Gaimersheim_1-1024x728.jpg\",\"inLanguage\":\"de\",\"potentialAction\":[{\"@type\":\"CommentAction\",\"name\":\"Comment\",\"target\":[\"https:\\\/\\\/gruene-eichstaett.de\\\/gaimersheim\\\/2025\\\/07\\\/11\\\/radeln-in-gaimersheim\\\/#respond\"]}]},{\"@type\":\"WebPage\",\"@id\":\"https:\\\/\\\/gruene-eichstaett.de\\\/gaimersheim\\\/2025\\\/07\\\/11\\\/radeln-in-gaimersheim\\\/\",\"url\":\"https:\\\/\\\/gruene-eichstaett.de\\\/gaimersheim\\\/2025\\\/07\\\/11\\\/radeln-in-gaimersheim\\\/\",\"name\":\"Radeln in Gaimersheim - B\u00dcNDNIS 90\\\/DIE GR\u00dcNEN\",\"isPartOf\":{\"@id\":\"https:\\\/\\\/gruene-eichstaett.de\\\/gaimersheim\\\/#website\"},\"primaryImageOfPage\":{\"@id\":\"https:\\\/\\\/gruene-eichstaett.de\\\/gaimersheim\\\/2025\\\/07\\\/11\\\/radeln-in-gaimersheim\\\/#primaryimage\"},\"image\":{\"@id\":\"https:\\\/\\\/gruene-eichstaett.de\\\/gaimersheim\\\/2025\\\/07\\\/11\\\/radeln-in-gaimersheim\\\/#primaryimage\"},\"thumbnailUrl\":\"https:\\\/\\\/gruene-eichstaett.de\\\/gaimersheim\\\/wp-content\\\/uploads\\\/sites\\\/4\\\/2025\\\/07\\\/2025-Radeln-in-Gaimersheim_1-1024x728.jpg\",\"datePublished\":\"2025-07-11T18:34:33+00:00\",\"dateModified\":\"2025-08-29T15:09:02+00:00\",\"description\":\"Gemeinsame Rundfahrt durch Gaimersheim f\u00fcr Verbesserungsvorschl\u00e4ge an den Radwegen f\u00fcr Radfahrende in Gaimersheim.\",\"breadcrumb\":{\"@id\":\"https:\\\/\\\/gruene-eichstaett.de\\\/gaimersheim\\\/2025\\\/07\\\/11\\\/radeln-in-gaimersheim\\\/#breadcrumb\"},\"inLanguage\":\"de\",\"potentialAction\":[{\"@type\":\"ReadAction\",\"target\":[\"https:\\\/\\\/gruene-eichstaett.de\\\/gaimersheim\\\/2025\\\/07\\\/11\\\/radeln-in-gaimersheim\\\/\"]}]},{\"@type\":\"ImageObject\",\"inLanguage\":\"de\",\"@id\":\"https:\\\/\\\/gruene-eichstaett.de\\\/gaimersheim\\\/2025\\\/07\\\/11\\\/radeln-in-gaimersheim\\\/#primaryimage\",\"url\":\"https:\\\/\\\/gruene-eichstaett.de\\\/gaimersheim\\\/wp-content\\\/uploads\\\/sites\\\/4\\\/2025\\\/07\\\/2025-Radeln-in-Gaimersheim_1.jpg\",\"contentUrl\":\"https:\\\/\\\/gruene-eichstaett.de\\\/gaimersheim\\\/wp-content\\\/uploads\\\/sites\\\/4\\\/2025\\\/07\\\/2025-Radeln-in-Gaimersheim_1.jpg\",\"width\":2516,\"height\":1789},{\"@type\":\"BreadcrumbList\",\"@id\":\"https:\\\/\\\/gruene-eichstaett.de\\\/gaimersheim\\\/2025\\\/07\\\/11\\\/radeln-in-gaimersheim\\\/#breadcrumb\",\"itemListElement\":[{\"@type\":\"ListItem\",\"position\":1,\"name\":\"Startseite\",\"item\":\"https:\\\/\\\/gruene-eichstaett.de\\\/gaimersheim\\\/\"},{\"@type\":\"ListItem\",\"position\":2,\"name\":\"Radeln in Gaimersheim\"}]},{\"@type\":\"WebSite\",\"@id\":\"https:\\\/\\\/gruene-eichstaett.de\\\/gaimersheim\\\/#website\",\"url\":\"https:\\\/\\\/gruene-eichstaett.de\\\/gaimersheim\\\/\",\"name\":\"B\u00dcNDNIS 90\\\/DIE GR\u00dcNEN\",\"description\":\"in der Gemeinde Gaimersheim\",\"publisher\":{\"@id\":\"https:\\\/\\\/gruene-eichstaett.de\\\/gaimersheim\\\/#organization\"},\"potentialAction\":[{\"@type\":\"SearchAction\",\"target\":{\"@type\":\"EntryPoint\",\"urlTemplate\":\"https:\\\/\\\/gruene-eichstaett.de\\\/gaimersheim\\\/?s={search_term_string}\"},\"query-input\":{\"@type\":\"PropertyValueSpecification\",\"valueRequired\":true,\"valueName\":\"search_term_string\"}}],\"inLanguage\":\"de\"},{\"@type\":\"Organization\",\"@id\":\"https:\\\/\\\/gruene-eichstaett.de\\\/gaimersheim\\\/#organization\",\"name\":\"B\u00dcNDNIS 90\\\/DIE GR\u00dcNEN\",\"url\":\"https:\\\/\\\/gruene-eichstaett.de\\\/gaimersheim\\\/\",\"logo\":{\"@type\":\"ImageObject\",\"inLanguage\":\"de\",\"@id\":\"https:\\\/\\\/gruene-eichstaett.de\\\/gaimersheim\\\/#\\\/schema\\\/logo\\\/image\\\/\",\"url\":\"https:\\\/\\\/gruene-eichstaett.de\\\/gaimersheim\\\/wp-content\\\/uploads\\\/sites\\\/4\\\/2021\\\/12\\\/Profilbild-Sonenblume.png\",\"contentUrl\":\"https:\\\/\\\/gruene-eichstaett.de\\\/gaimersheim\\\/wp-content\\\/uploads\\\/sites\\\/4\\\/2021\\\/12\\\/Profilbild-Sonenblume.png\",\"width\":400,\"height\":400,\"caption\":\"B\u00dcNDNIS 90\\\/DIE GR\u00dcNEN\"},\"image\":{\"@id\":\"https:\\\/\\\/gruene-eichstaett.de\\\/gaimersheim\\\/#\\\/schema\\\/logo\\\/image\\\/\"}},{\"@type\":\"Person\",\"@id\":\"https:\\\/\\\/gruene-eichstaett.de\\\/gaimersheim\\\/#\\\/schema\\\/person\\\/55f8f8ec89abe9b92e0ea7e41f7eefa4\",\"name\":\"robertpflueger\",\"image\":{\"@type\":\"ImageObject\",\"inLanguage\":\"de\",\"@id\":\"https:\\\/\\\/secure.gravatar.com\\\/avatar\\\/6065a56782b30136b39bd658470b49cfb5664dd1624f98a45937681dc3204609?s=96&d=mm&r=g\",\"url\":\"https:\\\/\\\/secure.gravatar.com\\\/avatar\\\/6065a56782b30136b39bd658470b49cfb5664dd1624f98a45937681dc3204609?s=96&d=mm&r=g\",\"contentUrl\":\"https:\\\/\\\/secure.gravatar.com\\\/avatar\\\/6065a56782b30136b39bd658470b49cfb5664dd1624f98a45937681dc3204609?s=96&d=mm&r=g\",\"caption\":\"robertpflueger\"},\"sameAs\":[\"https:\\\/\\\/gruene-eichstaett.de\\\/gaimersheim\",\"https:\\\/\\\/www.instagram.com\\\/gruenegaimersheim\\\/\"],\"url\":\"https:\\\/\\\/gruene-eichstaett.de\\\/gaimersheim\\\/author\\\/robertpflueger\\\/\"}]}<\/script>\n<!-- \/ Yoast SEO plugin. -->","yoast_head_json":{"title":"Radeln in Gaimersheim - B\u00dcNDNIS 90\/DIE GR\u00dcNEN","description":"Gemeinsame Rundfahrt durch Gaimersheim f\u00fcr Verbesserungsvorschl\u00e4ge an den Radwegen f\u00fcr Radfahrende in Gaimersheim.","robots":{"index":"index","follow":"follow","max-snippet":"max-snippet:-1","max-image-preview":"max-image-preview:large","max-video-preview":"max-video-preview:-1"},"canonical":"https:\/\/gruene-eichstaett.de\/gaimersheim\/2025\/07\/11\/radeln-in-gaimersheim\/","og_locale":"de_DE","og_type":"article","og_title":"Radeln in Gaimersheim - B\u00dcNDNIS 90\/DIE GR\u00dcNEN","og_description":"Gemeinsame Rundfahrt durch Gaimersheim f\u00fcr Verbesserungsvorschl\u00e4ge an den Radwegen f\u00fcr Radfahrende in Gaimersheim.","og_url":"https:\/\/gruene-eichstaett.de\/gaimersheim\/2025\/07\/11\/radeln-in-gaimersheim\/","og_site_name":"B\u00dcNDNIS 90\/DIE GR\u00dcNEN","article_published_time":"2025-07-11T18:34:33+00:00","article_modified_time":"2025-08-29T15:09:02+00:00","og_image":[{"width":2516,"height":1789,"url":"https:\/\/gruene-eichstaett.de\/gaimersheim\/wp-content\/uploads\/sites\/4\/2025\/07\/2025-Radeln-in-Gaimersheim_1.jpg","type":"image\/jpeg"}],"author":"robertpflueger","twitter_card":"summary_large_image","twitter_misc":{"Verfasst von":"robertpflueger","Gesch\u00e4tzte Lesezeit":"2\u00a0Minuten"},"schema":{"@context":"https:\/\/schema.org","@graph":[{"@type":"Article","@id":"https:\/\/gruene-eichstaett.de\/gaimersheim\/2025\/07\/11\/radeln-in-gaimersheim\/#article","isPartOf":{"@id":"https:\/\/gruene-eichstaett.de\/gaimersheim\/2025\/07\/11\/radeln-in-gaimersheim\/"},"author":{"name":"robertpflueger","@id":"https:\/\/gruene-eichstaett.de\/gaimersheim\/#\/schema\/person\/55f8f8ec89abe9b92e0ea7e41f7eefa4"},"headline":"Radeln in Gaimersheim","datePublished":"2025-07-11T18:34:33+00:00","dateModified":"2025-08-29T15:09:02+00:00","mainEntityOfPage":{"@id":"https:\/\/gruene-eichstaett.de\/gaimersheim\/2025\/07\/11\/radeln-in-gaimersheim\/"},"wordCount":302,"commentCount":0,"publisher":{"@id":"https:\/\/gruene-eichstaett.de\/gaimersheim\/#organization"},"image":{"@id":"https:\/\/gruene-eichstaett.de\/gaimersheim\/2025\/07\/11\/radeln-in-gaimersheim\/#primaryimage"},"thumbnailUrl":"https:\/\/gruene-eichstaett.de\/gaimersheim\/wp-content\/uploads\/sites\/4\/2025\/07\/2025-Radeln-in-Gaimersheim_1-1024x728.jpg","inLanguage":"de","potentialAction":[{"@type":"CommentAction","name":"Comment","target":["https:\/\/gruene-eichstaett.de\/gaimersheim\/2025\/07\/11\/radeln-in-gaimersheim\/#respond"]}]},{"@type":"WebPage","@id":"https:\/\/gruene-eichstaett.de\/gaimersheim\/2025\/07\/11\/radeln-in-gaimersheim\/","url":"https:\/\/gruene-eichstaett.de\/gaimersheim\/2025\/07\/11\/radeln-in-gaimersheim\/","name":"Radeln in Gaimersheim - B\u00dcNDNIS 90\/DIE GR\u00dcNEN","isPartOf":{"@id":"https:\/\/gruene-eichstaett.de\/gaimersheim\/#website"},"primaryImageOfPage":{"@id":"https:\/\/gruene-eichstaett.de\/gaimersheim\/2025\/07\/11\/radeln-in-gaimersheim\/#primaryimage"},"image":{"@id":"https:\/\/gruene-eichstaett.de\/gaimersheim\/2025\/07\/11\/radeln-in-gaimersheim\/#primaryimage"},"thumbnailUrl":"https:\/\/gruene-eichstaett.de\/gaimersheim\/wp-content\/uploads\/sites\/4\/2025\/07\/2025-Radeln-in-Gaimersheim_1-1024x728.jpg","datePublished":"2025-07-11T18:34:33+00:00","dateModified":"2025-08-29T15:09:02+00:00","description":"Gemeinsame Rundfahrt durch Gaimersheim f\u00fcr Verbesserungsvorschl\u00e4ge an den Radwegen f\u00fcr Radfahrende in Gaimersheim.","breadcrumb":{"@id":"https:\/\/gruene-eichstaett.de\/gaimersheim\/2025\/07\/11\/radeln-in-gaimersheim\/#breadcrumb"},"inLanguage":"de","potentialAction":[{"@type":"ReadAction","target":["https:\/\/gruene-eichstaett.de\/gaimersheim\/2025\/07\/11\/radeln-in-gaimersheim\/"]}]},{"@type":"ImageObject","inLanguage":"de","@id":"https:\/\/gruene-eichstaett.de\/gaimersheim\/2025\/07\/11\/radeln-in-gaimersheim\/#primaryimage","url":"https:\/\/gruene-eichstaett.de\/gaimersheim\/wp-content\/uploads\/sites\/4\/2025\/07\/2025-Radeln-in-Gaimersheim_1.jpg","contentUrl":"https:\/\/gruene-eichstaett.de\/gaimersheim\/wp-content\/uploads\/sites\/4\/2025\/07\/2025-Radeln-in-Gaimersheim_1.jpg","width":2516,"height":1789},{"@type":"BreadcrumbList","@id":"https:\/\/gruene-eichstaett.de\/gaimersheim\/2025\/07\/11\/radeln-in-gaimersheim\/#breadcrumb","itemListElement":[{"@type":"ListItem","position":1,"name":"Startseite","item":"https:\/\/gruene-eichstaett.de\/gaimersheim\/"},{"@type":"ListItem","position":2,"name":"Radeln in Gaimersheim"}]},{"@type":"WebSite","@id":"https:\/\/gruene-eichstaett.de\/gaimersheim\/#website","url":"https:\/\/gruene-eichstaett.de\/gaimersheim\/","name":"B\u00dcNDNIS 90\/DIE GR\u00dcNEN","description":"in der Gemeinde Gaimersheim","publisher":{"@id":"https:\/\/gruene-eichstaett.de\/gaimersheim\/#organization"},"potentialAction":[{"@type":"SearchAction","target":{"@type":"EntryPoint","urlTemplate":"https:\/\/gruene-eichstaett.de\/gaimersheim\/?s={search_term_string}"},"query-input":{"@type":"PropertyValueSpecification","valueRequired":true,"valueName":"search_term_string"}}],"inLanguage":"de"},{"@type":"Organization","@id":"https:\/\/gruene-eichstaett.de\/gaimersheim\/#organization","name":"B\u00dcNDNIS 90\/DIE GR\u00dcNEN","url":"https:\/\/gruene-eichstaett.de\/gaimersheim\/","logo":{"@type":"ImageObject","inLanguage":"de","@id":"https:\/\/gruene-eichstaett.de\/gaimersheim\/#\/schema\/logo\/image\/","url":"https:\/\/gruene-eichstaett.de\/gaimersheim\/wp-content\/uploads\/sites\/4\/2021\/12\/Profilbild-Sonenblume.png","contentUrl":"https:\/\/gruene-eichstaett.de\/gaimersheim\/wp-content\/uploads\/sites\/4\/2021\/12\/Profilbild-Sonenblume.png","width":400,"height":400,"caption":"B\u00dcNDNIS 90\/DIE GR\u00dcNEN"},"image":{"@id":"https:\/\/gruene-eichstaett.de\/gaimersheim\/#\/schema\/logo\/image\/"}},{"@type":"Person","@id":"https:\/\/gruene-eichstaett.de\/gaimersheim\/#\/schema\/person\/55f8f8ec89abe9b92e0ea7e41f7eefa4","name":"robertpflueger","image":{"@type":"ImageObject","inLanguage":"de","@id":"https:\/\/secure.gravatar.com\/avatar\/6065a56782b30136b39bd658470b49cfb5664dd1624f98a45937681dc3204609?s=96&d=mm&r=g","url":"https:\/\/secure.gravatar.com\/avatar\/6065a56782b30136b39bd658470b49cfb5664dd1624f98a45937681dc3204609?s=96&d=mm&r=g","contentUrl":"https:\/\/secure.gravatar.com\/avatar\/6065a56782b30136b39bd658470b49cfb5664dd1624f98a45937681dc3204609?s=96&d=mm&r=g","caption":"robertpflueger"},"sameAs":["https:\/\/gruene-eichstaett.de\/gaimersheim","https:\/\/www.instagram.com\/gruenegaimersheim\/"],"url":"https:\/\/gruene-eichstaett.de\/gaimersheim\/author\/robertpflueger\/"}]}},"_links":{"self":[{"href":"https:\/\/gruene-eichstaett.de\/gaimersheim\/wp-json\/wp\/v2\/posts\/617","targetHints":{"allow":["GET"]}}],"collection":[{"href":"https:\/\/gruene-eichstaett.de\/gaimersheim\/wp-json\/wp\/v2\/posts"}],"about":[{"href":"https:\/\/gruene-eichstaett.de\/gaimersheim\/wp-json\/wp\/v2\/types\/post"}],"author":[{"embeddable":true,"href":"https:\/\/gruene-eichstaett.de\/gaimersheim\/wp-json\/wp\/v2\/users\/20"}],"replies":[{"embeddable":true,"href":"https:\/\/gruene-eichstaett.de\/gaimersheim\/wp-json\/wp\/v2\/comments?post=617"}],"version-history":[{"count":3,"href":"https:\/\/gruene-eichstaett.de\/gaimersheim\/wp-json\/wp\/v2\/posts\/617\/revisions"}],"predecessor-version":[{"id":628,"href":"https:\/\/gruene-eichstaett.de\/gaimersheim\/wp-json\/wp\/v2\/posts\/617\/revisions\/628"}],"wp:attachment":[{"href":"https:\/\/gruene-eichstaett.de\/gaimersheim\/wp-json\/wp\/v2\/media?parent=617"}],"wp:term":[{"taxonomy":"category","embeddable":true,"href":"https:\/\/gruene-eichstaett.de\/gaimersheim\/wp-json\/wp\/v2\/categories?post=617"},{"taxonomy":"post_tag","embeddable":true,"href":"https:\/\/gruene-eichstaett.de\/gaimersheim\/wp-json\/wp\/v2\/tags?post=617"}],"curies":[{"name":"wp","href":"https:\/\/api.w.org\/{rel}","templated":true}]}}