{"id":19,"date":"2021-11-18T16:18:01","date_gmt":"2021-11-18T15:18:01","guid":{"rendered":"https:\/\/gruene-eichstaett.de\/hepberg\/?p=19"},"modified":"2021-11-18T16:18:01","modified_gmt":"2021-11-18T15:18:01","slug":"die-gruenen-in-hepberg-jetzt-aktiv-in-der-kommunalpolitik","status":"publish","type":"post","link":"https:\/\/gruene-eichstaett.de\/hepberg\/2021\/11\/18\/die-gruenen-in-hepberg-jetzt-aktiv-in-der-kommunalpolitik\/","title":{"rendered":"Die Gr\u00fcnen in Hepberg jetzt aktiv in der Kommunalpolitik."},"content":{"rendered":"\n<p>Am 25. Oktober wurde ein weiterer Ortsverband der Gr\u00fcnen in Bayern in Hepberg gegr\u00fcndet. Gr\u00fcne Politik ist auf dem Vormarsch in Bayern. Allein 2019 wurden im Landkreis Eichst\u00e4tt sechs neue Ortsverb\u00e4nde gegr\u00fcndet. Konkrete Ziele wurden von den Gr\u00fcndungsmitgliedern, die mit einer eigenen Liste bei der Kommunalwahl 2020 antreten, bereits formuliert. Hierzu geh\u00f6ren besserer Klimaschutz, transparente Gemeindepolitik, mehr B\u00fcrgern\u00e4he und vor allem Achtsamkeit f\u00fcr die Zielsetzungen in der Gemeindepolitk.<\/p>\n","protected":false},"excerpt":{"rendered":"<p>Am 25. Oktober wurde ein weiterer Ortsverband der Gr\u00fcnen in Bayern in Hepberg gegr\u00fcndet. Gr\u00fcne Politik ist auf dem Vormarsch in Bayern. Allein 2019 wurden im Landkreis Eichst\u00e4tt sechs neue [&hellip;]<\/p>\n","protected":false},"author":-1,"featured_media":0,"comment_status":"open","ping_status":"open","sticky":false,"template":"","format":"standard","meta":{"footnotes":""},"categories":[1],"tags":[],"class_list":["post-19","post","type-post","status-publish","format-standard","hentry","category-allgemein"],"yoast_head":"<!-- This site is optimized with the Yoast SEO plugin v27.4 - https:\/\/yoast.com\/product\/yoast-seo-wordpress\/ -->\n<title>Die Gr\u00fcnen in Hepberg jetzt aktiv in der Kommunalpolitik. - B\u00dcNDNIS 90\/DIE GR\u00dcNEN<\/title>\n<meta name=\"robots\" content=\"index, follow, max-snippet:-1, max-image-preview:large, max-video-preview:-1\" \/>\n<link rel=\"canonical\" href=\"https:\/\/gruene-eichstaett.de\/hepberg\/2021\/11\/18\/die-gruenen-in-hepberg-jetzt-aktiv-in-der-kommunalpolitik\/\" \/>\n<meta property=\"og:locale\" content=\"de_DE\" \/>\n<meta property=\"og:type\" content=\"article\" \/>\n<meta property=\"og:title\" content=\"Die Gr\u00fcnen in Hepberg jetzt aktiv in der Kommunalpolitik. - B\u00dcNDNIS 90\/DIE GR\u00dcNEN\" \/>\n<meta property=\"og:description\" content=\"Am 25. Oktober wurde ein weiterer Ortsverband der Gr\u00fcnen in Bayern in Hepberg gegr\u00fcndet. Gr\u00fcne Politik ist auf dem Vormarsch in Bayern. Allein 2019 wurden im Landkreis Eichst\u00e4tt sechs neue [&hellip;]\" \/>\n<meta property=\"og:url\" content=\"https:\/\/gruene-eichstaett.de\/hepberg\/2021\/11\/18\/die-gruenen-in-hepberg-jetzt-aktiv-in-der-kommunalpolitik\/\" \/>\n<meta property=\"og:site_name\" content=\"B\u00dcNDNIS 90\/DIE GR\u00dcNEN\" \/>\n<meta property=\"article:published_time\" content=\"2021-11-18T15:18:01+00:00\" \/>\n<meta name=\"author\" content=\"christiantischler\" \/>\n<meta name=\"twitter:card\" content=\"summary_large_image\" \/>\n<meta name=\"twitter:label1\" content=\"Verfasst von\" \/>\n\t<meta name=\"twitter:data1\" content=\"christiantischler\" \/>\n<script type=\"application\/ld+json\" class=\"yoast-schema-graph\">{\"@context\":\"https:\\\/\\\/schema.org\",\"@graph\":[{\"@type\":\"Article\",\"@id\":\"https:\\\/\\\/gruene-eichstaett.de\\\/hepberg\\\/2021\\\/11\\\/18\\\/die-gruenen-in-hepberg-jetzt-aktiv-in-der-kommunalpolitik\\\/#article\",\"isPartOf\":{\"@id\":\"https:\\\/\\\/gruene-eichstaett.de\\\/hepberg\\\/2021\\\/11\\\/18\\\/die-gruenen-in-hepberg-jetzt-aktiv-in-der-kommunalpolitik\\\/\"},\"author\":{\"name\":\"christiantischler\",\"@id\":\"https:\\\/\\\/gruene-eichstaett.de\\\/hepberg\\\/#\\\/schema\\\/person\\\/d1148469982cf959b3da92e4ebcdbc9a\"},\"headline\":\"Die Gr\u00fcnen in Hepberg jetzt aktiv in der Kommunalpolitik.\",\"datePublished\":\"2021-11-18T15:18:01+00:00\",\"mainEntityOfPage\":{\"@id\":\"https:\\\/\\\/gruene-eichstaett.de\\\/hepberg\\\/2021\\\/11\\\/18\\\/die-gruenen-in-hepberg-jetzt-aktiv-in-der-kommunalpolitik\\\/\"},\"wordCount\":86,\"commentCount\":0,\"publisher\":{\"@id\":\"https:\\\/\\\/gruene-eichstaett.de\\\/hepberg\\\/#organization\"},\"inLanguage\":\"de\",\"potentialAction\":[{\"@type\":\"CommentAction\",\"name\":\"Comment\",\"target\":[\"https:\\\/\\\/gruene-eichstaett.de\\\/hepberg\\\/2021\\\/11\\\/18\\\/die-gruenen-in-hepberg-jetzt-aktiv-in-der-kommunalpolitik\\\/#respond\"]}]},{\"@type\":\"WebPage\",\"@id\":\"https:\\\/\\\/gruene-eichstaett.de\\\/hepberg\\\/2021\\\/11\\\/18\\\/die-gruenen-in-hepberg-jetzt-aktiv-in-der-kommunalpolitik\\\/\",\"url\":\"https:\\\/\\\/gruene-eichstaett.de\\\/hepberg\\\/2021\\\/11\\\/18\\\/die-gruenen-in-hepberg-jetzt-aktiv-in-der-kommunalpolitik\\\/\",\"name\":\"Die Gr\u00fcnen in Hepberg jetzt aktiv in der Kommunalpolitik. - B\u00dcNDNIS 90\\\/DIE GR\u00dcNEN\",\"isPartOf\":{\"@id\":\"https:\\\/\\\/gruene-eichstaett.de\\\/hepberg\\\/#website\"},\"datePublished\":\"2021-11-18T15:18:01+00:00\",\"breadcrumb\":{\"@id\":\"https:\\\/\\\/gruene-eichstaett.de\\\/hepberg\\\/2021\\\/11\\\/18\\\/die-gruenen-in-hepberg-jetzt-aktiv-in-der-kommunalpolitik\\\/#breadcrumb\"},\"inLanguage\":\"de\",\"potentialAction\":[{\"@type\":\"ReadAction\",\"target\":[\"https:\\\/\\\/gruene-eichstaett.de\\\/hepberg\\\/2021\\\/11\\\/18\\\/die-gruenen-in-hepberg-jetzt-aktiv-in-der-kommunalpolitik\\\/\"]}]},{\"@type\":\"BreadcrumbList\",\"@id\":\"https:\\\/\\\/gruene-eichstaett.de\\\/hepberg\\\/2021\\\/11\\\/18\\\/die-gruenen-in-hepberg-jetzt-aktiv-in-der-kommunalpolitik\\\/#breadcrumb\",\"itemListElement\":[{\"@type\":\"ListItem\",\"position\":1,\"name\":\"Startseite\",\"item\":\"https:\\\/\\\/gruene-eichstaett.de\\\/hepberg\\\/\"},{\"@type\":\"ListItem\",\"position\":2,\"name\":\"Die Gr\u00fcnen in Hepberg jetzt aktiv in der Kommunalpolitik.\"}]},{\"@type\":\"WebSite\",\"@id\":\"https:\\\/\\\/gruene-eichstaett.de\\\/hepberg\\\/#website\",\"url\":\"https:\\\/\\\/gruene-eichstaett.de\\\/hepberg\\\/\",\"name\":\"B\u00dcNDNIS 90\\\/DIE GR\u00dcNEN\",\"description\":\"in der Gemeinde Hepberg\",\"publisher\":{\"@id\":\"https:\\\/\\\/gruene-eichstaett.de\\\/hepberg\\\/#organization\"},\"potentialAction\":[{\"@type\":\"SearchAction\",\"target\":{\"@type\":\"EntryPoint\",\"urlTemplate\":\"https:\\\/\\\/gruene-eichstaett.de\\\/hepberg\\\/?s={search_term_string}\"},\"query-input\":{\"@type\":\"PropertyValueSpecification\",\"valueRequired\":true,\"valueName\":\"search_term_string\"}}],\"inLanguage\":\"de\"},{\"@type\":\"Organization\",\"@id\":\"https:\\\/\\\/gruene-eichstaett.de\\\/hepberg\\\/#organization\",\"name\":\"B\u00dcNDNIS 90\\\/DIE GR\u00dcNEN\",\"url\":\"https:\\\/\\\/gruene-eichstaett.de\\\/hepberg\\\/\",\"logo\":{\"@type\":\"ImageObject\",\"inLanguage\":\"de\",\"@id\":\"https:\\\/\\\/gruene-eichstaett.de\\\/hepberg\\\/#\\\/schema\\\/logo\\\/image\\\/\",\"url\":\"https:\\\/\\\/gruene-eichstaett.de\\\/hepberg\\\/wp-content\\\/uploads\\\/sites\\\/5\\\/2021\\\/12\\\/Profilbild-Sonenblume.png\",\"contentUrl\":\"https:\\\/\\\/gruene-eichstaett.de\\\/hepberg\\\/wp-content\\\/uploads\\\/sites\\\/5\\\/2021\\\/12\\\/Profilbild-Sonenblume.png\",\"width\":500,\"height\":500,\"caption\":\"B\u00dcNDNIS 90\\\/DIE GR\u00dcNEN\"},\"image\":{\"@id\":\"https:\\\/\\\/gruene-eichstaett.de\\\/hepberg\\\/#\\\/schema\\\/logo\\\/image\\\/\"}},{\"@type\":\"Person\",\"@id\":\"https:\\\/\\\/gruene-eichstaett.de\\\/hepberg\\\/#\\\/schema\\\/person\\\/d1148469982cf959b3da92e4ebcdbc9a\",\"name\":\"christiantischler\",\"url\":\"https:\\\/\\\/gruene-eichstaett.de\\\/hepberg\\\/author\\\/christiantischler\\\/\"}]}<\/script>\n<!-- \/ Yoast SEO plugin. -->","yoast_head_json":{"title":"Die Gr\u00fcnen in Hepberg jetzt aktiv in der Kommunalpolitik. - B\u00dcNDNIS 90\/DIE GR\u00dcNEN","robots":{"index":"index","follow":"follow","max-snippet":"max-snippet:-1","max-image-preview":"max-image-preview:large","max-video-preview":"max-video-preview:-1"},"canonical":"https:\/\/gruene-eichstaett.de\/hepberg\/2021\/11\/18\/die-gruenen-in-hepberg-jetzt-aktiv-in-der-kommunalpolitik\/","og_locale":"de_DE","og_type":"article","og_title":"Die Gr\u00fcnen in Hepberg jetzt aktiv in der Kommunalpolitik. - B\u00dcNDNIS 90\/DIE GR\u00dcNEN","og_description":"Am 25. Oktober wurde ein weiterer Ortsverband der Gr\u00fcnen in Bayern in Hepberg gegr\u00fcndet. Gr\u00fcne Politik ist auf dem Vormarsch in Bayern. Allein 2019 wurden im Landkreis Eichst\u00e4tt sechs neue [&hellip;]","og_url":"https:\/\/gruene-eichstaett.de\/hepberg\/2021\/11\/18\/die-gruenen-in-hepberg-jetzt-aktiv-in-der-kommunalpolitik\/","og_site_name":"B\u00dcNDNIS 90\/DIE GR\u00dcNEN","article_published_time":"2021-11-18T15:18:01+00:00","author":"christiantischler","twitter_card":"summary_large_image","twitter_misc":{"Verfasst von":"christiantischler"},"schema":{"@context":"https:\/\/schema.org","@graph":[{"@type":"Article","@id":"https:\/\/gruene-eichstaett.de\/hepberg\/2021\/11\/18\/die-gruenen-in-hepberg-jetzt-aktiv-in-der-kommunalpolitik\/#article","isPartOf":{"@id":"https:\/\/gruene-eichstaett.de\/hepberg\/2021\/11\/18\/die-gruenen-in-hepberg-jetzt-aktiv-in-der-kommunalpolitik\/"},"author":{"name":"christiantischler","@id":"https:\/\/gruene-eichstaett.de\/hepberg\/#\/schema\/person\/d1148469982cf959b3da92e4ebcdbc9a"},"headline":"Die Gr\u00fcnen in Hepberg jetzt aktiv in der Kommunalpolitik.","datePublished":"2021-11-18T15:18:01+00:00","mainEntityOfPage":{"@id":"https:\/\/gruene-eichstaett.de\/hepberg\/2021\/11\/18\/die-gruenen-in-hepberg-jetzt-aktiv-in-der-kommunalpolitik\/"},"wordCount":86,"commentCount":0,"publisher":{"@id":"https:\/\/gruene-eichstaett.de\/hepberg\/#organization"},"inLanguage":"de","potentialAction":[{"@type":"CommentAction","name":"Comment","target":["https:\/\/gruene-eichstaett.de\/hepberg\/2021\/11\/18\/die-gruenen-in-hepberg-jetzt-aktiv-in-der-kommunalpolitik\/#respond"]}]},{"@type":"WebPage","@id":"https:\/\/gruene-eichstaett.de\/hepberg\/2021\/11\/18\/die-gruenen-in-hepberg-jetzt-aktiv-in-der-kommunalpolitik\/","url":"https:\/\/gruene-eichstaett.de\/hepberg\/2021\/11\/18\/die-gruenen-in-hepberg-jetzt-aktiv-in-der-kommunalpolitik\/","name":"Die Gr\u00fcnen in Hepberg jetzt aktiv in der Kommunalpolitik. - B\u00dcNDNIS 90\/DIE GR\u00dcNEN","isPartOf":{"@id":"https:\/\/gruene-eichstaett.de\/hepberg\/#website"},"datePublished":"2021-11-18T15:18:01+00:00","breadcrumb":{"@id":"https:\/\/gruene-eichstaett.de\/hepberg\/2021\/11\/18\/die-gruenen-in-hepberg-jetzt-aktiv-in-der-kommunalpolitik\/#breadcrumb"},"inLanguage":"de","potentialAction":[{"@type":"ReadAction","target":["https:\/\/gruene-eichstaett.de\/hepberg\/2021\/11\/18\/die-gruenen-in-hepberg-jetzt-aktiv-in-der-kommunalpolitik\/"]}]},{"@type":"BreadcrumbList","@id":"https:\/\/gruene-eichstaett.de\/hepberg\/2021\/11\/18\/die-gruenen-in-hepberg-jetzt-aktiv-in-der-kommunalpolitik\/#breadcrumb","itemListElement":[{"@type":"ListItem","position":1,"name":"Startseite","item":"https:\/\/gruene-eichstaett.de\/hepberg\/"},{"@type":"ListItem","position":2,"name":"Die Gr\u00fcnen in Hepberg jetzt aktiv in der Kommunalpolitik."}]},{"@type":"WebSite","@id":"https:\/\/gruene-eichstaett.de\/hepberg\/#website","url":"https:\/\/gruene-eichstaett.de\/hepberg\/","name":"B\u00dcNDNIS 90\/DIE GR\u00dcNEN","description":"in der Gemeinde Hepberg","publisher":{"@id":"https:\/\/gruene-eichstaett.de\/hepberg\/#organization"},"potentialAction":[{"@type":"SearchAction","target":{"@type":"EntryPoint","urlTemplate":"https:\/\/gruene-eichstaett.de\/hepberg\/?s={search_term_string}"},"query-input":{"@type":"PropertyValueSpecification","valueRequired":true,"valueName":"search_term_string"}}],"inLanguage":"de"},{"@type":"Organization","@id":"https:\/\/gruene-eichstaett.de\/hepberg\/#organization","name":"B\u00dcNDNIS 90\/DIE GR\u00dcNEN","url":"https:\/\/gruene-eichstaett.de\/hepberg\/","logo":{"@type":"ImageObject","inLanguage":"de","@id":"https:\/\/gruene-eichstaett.de\/hepberg\/#\/schema\/logo\/image\/","url":"https:\/\/gruene-eichstaett.de\/hepberg\/wp-content\/uploads\/sites\/5\/2021\/12\/Profilbild-Sonenblume.png","contentUrl":"https:\/\/gruene-eichstaett.de\/hepberg\/wp-content\/uploads\/sites\/5\/2021\/12\/Profilbild-Sonenblume.png","width":500,"height":500,"caption":"B\u00dcNDNIS 90\/DIE GR\u00dcNEN"},"image":{"@id":"https:\/\/gruene-eichstaett.de\/hepberg\/#\/schema\/logo\/image\/"}},{"@type":"Person","@id":"https:\/\/gruene-eichstaett.de\/hepberg\/#\/schema\/person\/d1148469982cf959b3da92e4ebcdbc9a","name":"christiantischler","url":"https:\/\/gruene-eichstaett.de\/hepberg\/author\/christiantischler\/"}]}},"_links":{"self":[{"href":"https:\/\/gruene-eichstaett.de\/hepberg\/wp-json\/wp\/v2\/posts\/19","targetHints":{"allow":["GET"]}}],"collection":[{"href":"https:\/\/gruene-eichstaett.de\/hepberg\/wp-json\/wp\/v2\/posts"}],"about":[{"href":"https:\/\/gruene-eichstaett.de\/hepberg\/wp-json\/wp\/v2\/types\/post"}],"author":[{"embeddable":true,"href":"https:\/\/gruene-eichstaett.de\/hepberg\/wp-json\/wp\/v2\/users\/4"}],"replies":[{"embeddable":true,"href":"https:\/\/gruene-eichstaett.de\/hepberg\/wp-json\/wp\/v2\/comments?post=19"}],"version-history":[{"count":1,"href":"https:\/\/gruene-eichstaett.de\/hepberg\/wp-json\/wp\/v2\/posts\/19\/revisions"}],"predecessor-version":[{"id":20,"href":"https:\/\/gruene-eichstaett.de\/hepberg\/wp-json\/wp\/v2\/posts\/19\/revisions\/20"}],"wp:attachment":[{"href":"https:\/\/gruene-eichstaett.de\/hepberg\/wp-json\/wp\/v2\/media?parent=19"}],"wp:term":[{"taxonomy":"category","embeddable":true,"href":"https:\/\/gruene-eichstaett.de\/hepberg\/wp-json\/wp\/v2\/categories?post=19"},{"taxonomy":"post_tag","embeddable":true,"href":"https:\/\/gruene-eichstaett.de\/hepberg\/wp-json\/wp\/v2\/tags?post=19"}],"curies":[{"name":"wp","href":"https:\/\/api.w.org\/{rel}","templated":true}]}}