{"id":25,"date":"2021-11-18T16:19:51","date_gmt":"2021-11-18T15:19:51","guid":{"rendered":"https:\/\/gruene-eichstaett.de\/hepberg\/?p=25"},"modified":"2021-11-18T16:23:59","modified_gmt":"2021-11-18T15:23:59","slug":"politischer-aschermittwoch-der-gruenen-in-landshut","status":"publish","type":"post","link":"https:\/\/gruene-eichstaett.de\/hepberg\/2021\/11\/18\/politischer-aschermittwoch-der-gruenen-in-landshut\/","title":{"rendered":"Politischer Aschermittwoch der Gr\u00fcnen in Landshut."},"content":{"rendered":"\n<p>Traditionell findet der Politische Aschermittwoch der Gr\u00fcnen Bayerns in Landshut statt. In einem prall gef\u00fcllten Festsaal mit euphorischer Stimmung angesichts der sehr guten Umfagewerte vor den Bayerischen Kommunnalwahlen treffen die Vertreter des Ortsverbandes Hepberg auf viele Parteifreunde. Darunter unter anderem auf MdB&nbsp;<em>Stefan Schmidt<\/em>, MdL und Landesvorsitzende&nbsp;<em>Eva Lettenbauer<\/em>, Mitglied des Landesvorstandes&nbsp;<em>Helga Stieglmeier<\/em>. Durch die Veranstaltung f\u00fchrt&nbsp;<em>Sigi Hagl<\/em>, aussichtsreiche OB-Kandidatin der Gr\u00fcnen in Landshut, die die schwache Umsetzungspolitik der CSU in Landshut kritisiert. Insbesondere das mittlerweile sechs Jahre bestehende Theaterprovisorium in einem Zirkuszelt sowie die \u00fcber 5&#8217;000qm Containerfl\u00e4chen f\u00fcr nicht sanierte Schulr\u00e4ume geh\u00f6ren nach dem 15. M\u00e4rz sofort in Angriff genommen.<\/p>\n\n\n\n<p>Nach iher Begr\u00fc\u00dfung treten&nbsp;<em>Eva Lettenbauer<\/em>, MdL und Fraktionsvrositzender&nbsp;<em>Ludwig Hartmann<\/em>&nbsp;und als Hauptredner Bundesvorsitzender&nbsp;<em>Robert Habeck<\/em>&nbsp;als Redner*innen auf. Hier die besten Zitate aus den Reden:<br><br><strong>Eva Lettenbauer:<\/strong><\/p>\n\n\n\n<p>\u201ePl\u00f6tzlich sind alle Parteien Verfechter von Umweltschutz und Nachhaltigkeit. Aber: Wer gr\u00fcne Politik will, muss GR\u00dcNE w\u00e4hlen. \u201c&nbsp;<\/p>\n\n\n\n<p><br>\u201eDie H\u00e4lfte der Macht geh\u00f6rt den Frauen &#8211; ihr k\u00f6nnt euch sicher sein, ich werde das so oft sagen, bis S\u00f6der es auch nachsagt oder wir es l\u00e4ngst ohne ihn geschafft haben!\u201c<br><br>\u201eDass immer mehr immer billiger produzieren muss enden&#8230; Wir fordern, dass F\u00f6rdermittel und der Landwirtschaft endlich nach Klasse, statt nach Masse vergeben werden.\u201c<br><br><strong>Ludwig Hartmann:<br><\/strong>\u201eDie S\u00f6der-Regierung ist im Begriff, das Land in ein Gewerbegebiet mit Autobahnanschluss zu verwandeln. Da hilft uns der wei\u00df-blaue Himmel dr\u00fcber auch nicht mehr weiter.\u201c&nbsp;<\/p>\n\n\n\n<p><br>\u201eHamburg hat gezeigt: Wahlen werden zu Klimawahlen.\u201c<br><br>\u201eEin Wettstreit der Ideen, das ist kein Fotowettbewerb, wer das bessere Bild beim Kuscheln mit einem Baum produziert.&#8220;<br><br><strong>Robert Habeck:<\/strong><br>\u201eTradition in Bayern bedeutet Vielfalt, nicht Einfalt. Das war das politische Signal, das vor Jahren von den Gr\u00fcnen in Bayern initiiert wurde.\u201c<br><br>\u201eDer Gegensatz von Umweltschutz und \u00d6konomie ist ein Denken aus der Steinzeit.\u201c<br><br>\u201eParteien sind ein Mittel zur politischen Meinungsbildung, sie sind kein Selbstzweck&#8230; \u00dcberlassen wir es den anderen, \u00fcber sich selbst zu reden&#8230; Reden wir \u00fcber eine Solidarit\u00e4t zwischen Umweltschutz und Landwirtschaft&#8230; Reden wir \u00fcber die Probleme der Gesellschaft&#8230; Reden wir \u00fcber eine neue Idee von Europa&#8230; Reden wir davon, dass Zukunft ein Erm\u00f6glichungsraum ist. Halten wir Aschermittwochsreden der Zuversicht und nicht der Bep\u00f6belung des politischen Gegners.\u201c<\/p>\n","protected":false},"excerpt":{"rendered":"<p>Traditionell findet der Politische Aschermittwoch der Gr\u00fcnen Bayerns in Landshut statt. In einem prall gef\u00fcllten Festsaal mit euphorischer Stimmung angesichts der sehr guten Umfagewerte vor den Bayerischen Kommunnalwahlen treffen die [&hellip;]<\/p>\n","protected":false},"author":-1,"featured_media":10,"comment_status":"open","ping_status":"open","sticky":false,"template":"","format":"standard","meta":{"footnotes":""},"categories":[1],"tags":[],"class_list":["post-25","post","type-post","status-publish","format-standard","has-post-thumbnail","hentry","category-allgemein"],"yoast_head":"<!-- This site is optimized with the Yoast SEO plugin v27.4 - https:\/\/yoast.com\/product\/yoast-seo-wordpress\/ -->\n<title>Politischer Aschermittwoch der Gr\u00fcnen in Landshut. - B\u00dcNDNIS 90\/DIE GR\u00dcNEN<\/title>\n<meta name=\"robots\" content=\"index, follow, max-snippet:-1, max-image-preview:large, max-video-preview:-1\" \/>\n<link rel=\"canonical\" href=\"https:\/\/gruene-eichstaett.de\/hepberg\/2021\/11\/18\/politischer-aschermittwoch-der-gruenen-in-landshut\/\" \/>\n<meta property=\"og:locale\" content=\"de_DE\" \/>\n<meta property=\"og:type\" content=\"article\" \/>\n<meta property=\"og:title\" content=\"Politischer Aschermittwoch der Gr\u00fcnen in Landshut. - B\u00dcNDNIS 90\/DIE GR\u00dcNEN\" \/>\n<meta property=\"og:description\" content=\"Traditionell findet der Politische Aschermittwoch der Gr\u00fcnen Bayerns in Landshut statt. In einem prall gef\u00fcllten Festsaal mit euphorischer Stimmung angesichts der sehr guten Umfagewerte vor den Bayerischen Kommunnalwahlen treffen die [&hellip;]\" \/>\n<meta property=\"og:url\" content=\"https:\/\/gruene-eichstaett.de\/hepberg\/2021\/11\/18\/politischer-aschermittwoch-der-gruenen-in-landshut\/\" \/>\n<meta property=\"og:site_name\" content=\"B\u00dcNDNIS 90\/DIE GR\u00dcNEN\" \/>\n<meta property=\"article:published_time\" content=\"2021-11-18T15:19:51+00:00\" \/>\n<meta property=\"article:modified_time\" content=\"2021-11-18T15:23:59+00:00\" \/>\n<meta property=\"og:image\" content=\"https:\/\/gruene-eichstaett.de\/hepberg\/wp-content\/uploads\/sites\/5\/2021\/09\/csm_IMG_1497_a9b5f09bf1.jpeg\" \/>\n\t<meta property=\"og:image:width\" content=\"875\" \/>\n\t<meta property=\"og:image:height\" content=\"657\" \/>\n\t<meta property=\"og:image:type\" content=\"image\/jpeg\" \/>\n<meta name=\"author\" content=\"christiantischler\" \/>\n<meta name=\"twitter:card\" content=\"summary_large_image\" \/>\n<meta name=\"twitter:label1\" content=\"Verfasst von\" \/>\n\t<meta name=\"twitter:data1\" content=\"christiantischler\" \/>\n\t<meta name=\"twitter:label2\" content=\"Gesch\u00e4tzte Lesezeit\" \/>\n\t<meta name=\"twitter:data2\" content=\"2\u00a0Minuten\" \/>\n<script type=\"application\/ld+json\" class=\"yoast-schema-graph\">{\"@context\":\"https:\\\/\\\/schema.org\",\"@graph\":[{\"@type\":\"Article\",\"@id\":\"https:\\\/\\\/gruene-eichstaett.de\\\/hepberg\\\/2021\\\/11\\\/18\\\/politischer-aschermittwoch-der-gruenen-in-landshut\\\/#article\",\"isPartOf\":{\"@id\":\"https:\\\/\\\/gruene-eichstaett.de\\\/hepberg\\\/2021\\\/11\\\/18\\\/politischer-aschermittwoch-der-gruenen-in-landshut\\\/\"},\"author\":{\"name\":\"christiantischler\",\"@id\":\"https:\\\/\\\/gruene-eichstaett.de\\\/hepberg\\\/#\\\/schema\\\/person\\\/d1148469982cf959b3da92e4ebcdbc9a\"},\"headline\":\"Politischer Aschermittwoch der Gr\u00fcnen in Landshut.\",\"datePublished\":\"2021-11-18T15:19:51+00:00\",\"dateModified\":\"2021-11-18T15:23:59+00:00\",\"mainEntityOfPage\":{\"@id\":\"https:\\\/\\\/gruene-eichstaett.de\\\/hepberg\\\/2021\\\/11\\\/18\\\/politischer-aschermittwoch-der-gruenen-in-landshut\\\/\"},\"wordCount\":402,\"commentCount\":0,\"publisher\":{\"@id\":\"https:\\\/\\\/gruene-eichstaett.de\\\/hepberg\\\/#organization\"},\"image\":{\"@id\":\"https:\\\/\\\/gruene-eichstaett.de\\\/hepberg\\\/2021\\\/11\\\/18\\\/politischer-aschermittwoch-der-gruenen-in-landshut\\\/#primaryimage\"},\"thumbnailUrl\":\"https:\\\/\\\/gruene-eichstaett.de\\\/hepberg\\\/wp-content\\\/uploads\\\/sites\\\/5\\\/2021\\\/09\\\/csm_IMG_1497_a9b5f09bf1.jpeg\",\"inLanguage\":\"de\",\"potentialAction\":[{\"@type\":\"CommentAction\",\"name\":\"Comment\",\"target\":[\"https:\\\/\\\/gruene-eichstaett.de\\\/hepberg\\\/2021\\\/11\\\/18\\\/politischer-aschermittwoch-der-gruenen-in-landshut\\\/#respond\"]}]},{\"@type\":\"WebPage\",\"@id\":\"https:\\\/\\\/gruene-eichstaett.de\\\/hepberg\\\/2021\\\/11\\\/18\\\/politischer-aschermittwoch-der-gruenen-in-landshut\\\/\",\"url\":\"https:\\\/\\\/gruene-eichstaett.de\\\/hepberg\\\/2021\\\/11\\\/18\\\/politischer-aschermittwoch-der-gruenen-in-landshut\\\/\",\"name\":\"Politischer Aschermittwoch der Gr\u00fcnen in Landshut. - B\u00dcNDNIS 90\\\/DIE GR\u00dcNEN\",\"isPartOf\":{\"@id\":\"https:\\\/\\\/gruene-eichstaett.de\\\/hepberg\\\/#website\"},\"primaryImageOfPage\":{\"@id\":\"https:\\\/\\\/gruene-eichstaett.de\\\/hepberg\\\/2021\\\/11\\\/18\\\/politischer-aschermittwoch-der-gruenen-in-landshut\\\/#primaryimage\"},\"image\":{\"@id\":\"https:\\\/\\\/gruene-eichstaett.de\\\/hepberg\\\/2021\\\/11\\\/18\\\/politischer-aschermittwoch-der-gruenen-in-landshut\\\/#primaryimage\"},\"thumbnailUrl\":\"https:\\\/\\\/gruene-eichstaett.de\\\/hepberg\\\/wp-content\\\/uploads\\\/sites\\\/5\\\/2021\\\/09\\\/csm_IMG_1497_a9b5f09bf1.jpeg\",\"datePublished\":\"2021-11-18T15:19:51+00:00\",\"dateModified\":\"2021-11-18T15:23:59+00:00\",\"breadcrumb\":{\"@id\":\"https:\\\/\\\/gruene-eichstaett.de\\\/hepberg\\\/2021\\\/11\\\/18\\\/politischer-aschermittwoch-der-gruenen-in-landshut\\\/#breadcrumb\"},\"inLanguage\":\"de\",\"potentialAction\":[{\"@type\":\"ReadAction\",\"target\":[\"https:\\\/\\\/gruene-eichstaett.de\\\/hepberg\\\/2021\\\/11\\\/18\\\/politischer-aschermittwoch-der-gruenen-in-landshut\\\/\"]}]},{\"@type\":\"ImageObject\",\"inLanguage\":\"de\",\"@id\":\"https:\\\/\\\/gruene-eichstaett.de\\\/hepberg\\\/2021\\\/11\\\/18\\\/politischer-aschermittwoch-der-gruenen-in-landshut\\\/#primaryimage\",\"url\":\"https:\\\/\\\/gruene-eichstaett.de\\\/hepberg\\\/wp-content\\\/uploads\\\/sites\\\/5\\\/2021\\\/09\\\/csm_IMG_1497_a9b5f09bf1.jpeg\",\"contentUrl\":\"https:\\\/\\\/gruene-eichstaett.de\\\/hepberg\\\/wp-content\\\/uploads\\\/sites\\\/5\\\/2021\\\/09\\\/csm_IMG_1497_a9b5f09bf1.jpeg\",\"width\":875,\"height\":657},{\"@type\":\"BreadcrumbList\",\"@id\":\"https:\\\/\\\/gruene-eichstaett.de\\\/hepberg\\\/2021\\\/11\\\/18\\\/politischer-aschermittwoch-der-gruenen-in-landshut\\\/#breadcrumb\",\"itemListElement\":[{\"@type\":\"ListItem\",\"position\":1,\"name\":\"Startseite\",\"item\":\"https:\\\/\\\/gruene-eichstaett.de\\\/hepberg\\\/\"},{\"@type\":\"ListItem\",\"position\":2,\"name\":\"Politischer Aschermittwoch der Gr\u00fcnen in Landshut.\"}]},{\"@type\":\"WebSite\",\"@id\":\"https:\\\/\\\/gruene-eichstaett.de\\\/hepberg\\\/#website\",\"url\":\"https:\\\/\\\/gruene-eichstaett.de\\\/hepberg\\\/\",\"name\":\"B\u00dcNDNIS 90\\\/DIE GR\u00dcNEN\",\"description\":\"in der Gemeinde Hepberg\",\"publisher\":{\"@id\":\"https:\\\/\\\/gruene-eichstaett.de\\\/hepberg\\\/#organization\"},\"potentialAction\":[{\"@type\":\"SearchAction\",\"target\":{\"@type\":\"EntryPoint\",\"urlTemplate\":\"https:\\\/\\\/gruene-eichstaett.de\\\/hepberg\\\/?s={search_term_string}\"},\"query-input\":{\"@type\":\"PropertyValueSpecification\",\"valueRequired\":true,\"valueName\":\"search_term_string\"}}],\"inLanguage\":\"de\"},{\"@type\":\"Organization\",\"@id\":\"https:\\\/\\\/gruene-eichstaett.de\\\/hepberg\\\/#organization\",\"name\":\"B\u00dcNDNIS 90\\\/DIE GR\u00dcNEN\",\"url\":\"https:\\\/\\\/gruene-eichstaett.de\\\/hepberg\\\/\",\"logo\":{\"@type\":\"ImageObject\",\"inLanguage\":\"de\",\"@id\":\"https:\\\/\\\/gruene-eichstaett.de\\\/hepberg\\\/#\\\/schema\\\/logo\\\/image\\\/\",\"url\":\"https:\\\/\\\/gruene-eichstaett.de\\\/hepberg\\\/wp-content\\\/uploads\\\/sites\\\/5\\\/2021\\\/12\\\/Profilbild-Sonenblume.png\",\"contentUrl\":\"https:\\\/\\\/gruene-eichstaett.de\\\/hepberg\\\/wp-content\\\/uploads\\\/sites\\\/5\\\/2021\\\/12\\\/Profilbild-Sonenblume.png\",\"width\":500,\"height\":500,\"caption\":\"B\u00dcNDNIS 90\\\/DIE GR\u00dcNEN\"},\"image\":{\"@id\":\"https:\\\/\\\/gruene-eichstaett.de\\\/hepberg\\\/#\\\/schema\\\/logo\\\/image\\\/\"}},{\"@type\":\"Person\",\"@id\":\"https:\\\/\\\/gruene-eichstaett.de\\\/hepberg\\\/#\\\/schema\\\/person\\\/d1148469982cf959b3da92e4ebcdbc9a\",\"name\":\"christiantischler\",\"url\":\"https:\\\/\\\/gruene-eichstaett.de\\\/hepberg\\\/author\\\/christiantischler\\\/\"}]}<\/script>\n<!-- \/ Yoast SEO plugin. -->","yoast_head_json":{"title":"Politischer Aschermittwoch der Gr\u00fcnen in Landshut. - B\u00dcNDNIS 90\/DIE GR\u00dcNEN","robots":{"index":"index","follow":"follow","max-snippet":"max-snippet:-1","max-image-preview":"max-image-preview:large","max-video-preview":"max-video-preview:-1"},"canonical":"https:\/\/gruene-eichstaett.de\/hepberg\/2021\/11\/18\/politischer-aschermittwoch-der-gruenen-in-landshut\/","og_locale":"de_DE","og_type":"article","og_title":"Politischer Aschermittwoch der Gr\u00fcnen in Landshut. - B\u00dcNDNIS 90\/DIE GR\u00dcNEN","og_description":"Traditionell findet der Politische Aschermittwoch der Gr\u00fcnen Bayerns in Landshut statt. In einem prall gef\u00fcllten Festsaal mit euphorischer Stimmung angesichts der sehr guten Umfagewerte vor den Bayerischen Kommunnalwahlen treffen die [&hellip;]","og_url":"https:\/\/gruene-eichstaett.de\/hepberg\/2021\/11\/18\/politischer-aschermittwoch-der-gruenen-in-landshut\/","og_site_name":"B\u00dcNDNIS 90\/DIE GR\u00dcNEN","article_published_time":"2021-11-18T15:19:51+00:00","article_modified_time":"2021-11-18T15:23:59+00:00","og_image":[{"width":875,"height":657,"url":"https:\/\/gruene-eichstaett.de\/hepberg\/wp-content\/uploads\/sites\/5\/2021\/09\/csm_IMG_1497_a9b5f09bf1.jpeg","type":"image\/jpeg"}],"author":"christiantischler","twitter_card":"summary_large_image","twitter_misc":{"Verfasst von":"christiantischler","Gesch\u00e4tzte Lesezeit":"2\u00a0Minuten"},"schema":{"@context":"https:\/\/schema.org","@graph":[{"@type":"Article","@id":"https:\/\/gruene-eichstaett.de\/hepberg\/2021\/11\/18\/politischer-aschermittwoch-der-gruenen-in-landshut\/#article","isPartOf":{"@id":"https:\/\/gruene-eichstaett.de\/hepberg\/2021\/11\/18\/politischer-aschermittwoch-der-gruenen-in-landshut\/"},"author":{"name":"christiantischler","@id":"https:\/\/gruene-eichstaett.de\/hepberg\/#\/schema\/person\/d1148469982cf959b3da92e4ebcdbc9a"},"headline":"Politischer Aschermittwoch der Gr\u00fcnen in Landshut.","datePublished":"2021-11-18T15:19:51+00:00","dateModified":"2021-11-18T15:23:59+00:00","mainEntityOfPage":{"@id":"https:\/\/gruene-eichstaett.de\/hepberg\/2021\/11\/18\/politischer-aschermittwoch-der-gruenen-in-landshut\/"},"wordCount":402,"commentCount":0,"publisher":{"@id":"https:\/\/gruene-eichstaett.de\/hepberg\/#organization"},"image":{"@id":"https:\/\/gruene-eichstaett.de\/hepberg\/2021\/11\/18\/politischer-aschermittwoch-der-gruenen-in-landshut\/#primaryimage"},"thumbnailUrl":"https:\/\/gruene-eichstaett.de\/hepberg\/wp-content\/uploads\/sites\/5\/2021\/09\/csm_IMG_1497_a9b5f09bf1.jpeg","inLanguage":"de","potentialAction":[{"@type":"CommentAction","name":"Comment","target":["https:\/\/gruene-eichstaett.de\/hepberg\/2021\/11\/18\/politischer-aschermittwoch-der-gruenen-in-landshut\/#respond"]}]},{"@type":"WebPage","@id":"https:\/\/gruene-eichstaett.de\/hepberg\/2021\/11\/18\/politischer-aschermittwoch-der-gruenen-in-landshut\/","url":"https:\/\/gruene-eichstaett.de\/hepberg\/2021\/11\/18\/politischer-aschermittwoch-der-gruenen-in-landshut\/","name":"Politischer Aschermittwoch der Gr\u00fcnen in Landshut. - B\u00dcNDNIS 90\/DIE GR\u00dcNEN","isPartOf":{"@id":"https:\/\/gruene-eichstaett.de\/hepberg\/#website"},"primaryImageOfPage":{"@id":"https:\/\/gruene-eichstaett.de\/hepberg\/2021\/11\/18\/politischer-aschermittwoch-der-gruenen-in-landshut\/#primaryimage"},"image":{"@id":"https:\/\/gruene-eichstaett.de\/hepberg\/2021\/11\/18\/politischer-aschermittwoch-der-gruenen-in-landshut\/#primaryimage"},"thumbnailUrl":"https:\/\/gruene-eichstaett.de\/hepberg\/wp-content\/uploads\/sites\/5\/2021\/09\/csm_IMG_1497_a9b5f09bf1.jpeg","datePublished":"2021-11-18T15:19:51+00:00","dateModified":"2021-11-18T15:23:59+00:00","breadcrumb":{"@id":"https:\/\/gruene-eichstaett.de\/hepberg\/2021\/11\/18\/politischer-aschermittwoch-der-gruenen-in-landshut\/#breadcrumb"},"inLanguage":"de","potentialAction":[{"@type":"ReadAction","target":["https:\/\/gruene-eichstaett.de\/hepberg\/2021\/11\/18\/politischer-aschermittwoch-der-gruenen-in-landshut\/"]}]},{"@type":"ImageObject","inLanguage":"de","@id":"https:\/\/gruene-eichstaett.de\/hepberg\/2021\/11\/18\/politischer-aschermittwoch-der-gruenen-in-landshut\/#primaryimage","url":"https:\/\/gruene-eichstaett.de\/hepberg\/wp-content\/uploads\/sites\/5\/2021\/09\/csm_IMG_1497_a9b5f09bf1.jpeg","contentUrl":"https:\/\/gruene-eichstaett.de\/hepberg\/wp-content\/uploads\/sites\/5\/2021\/09\/csm_IMG_1497_a9b5f09bf1.jpeg","width":875,"height":657},{"@type":"BreadcrumbList","@id":"https:\/\/gruene-eichstaett.de\/hepberg\/2021\/11\/18\/politischer-aschermittwoch-der-gruenen-in-landshut\/#breadcrumb","itemListElement":[{"@type":"ListItem","position":1,"name":"Startseite","item":"https:\/\/gruene-eichstaett.de\/hepberg\/"},{"@type":"ListItem","position":2,"name":"Politischer Aschermittwoch der Gr\u00fcnen in Landshut."}]},{"@type":"WebSite","@id":"https:\/\/gruene-eichstaett.de\/hepberg\/#website","url":"https:\/\/gruene-eichstaett.de\/hepberg\/","name":"B\u00dcNDNIS 90\/DIE GR\u00dcNEN","description":"in der Gemeinde Hepberg","publisher":{"@id":"https:\/\/gruene-eichstaett.de\/hepberg\/#organization"},"potentialAction":[{"@type":"SearchAction","target":{"@type":"EntryPoint","urlTemplate":"https:\/\/gruene-eichstaett.de\/hepberg\/?s={search_term_string}"},"query-input":{"@type":"PropertyValueSpecification","valueRequired":true,"valueName":"search_term_string"}}],"inLanguage":"de"},{"@type":"Organization","@id":"https:\/\/gruene-eichstaett.de\/hepberg\/#organization","name":"B\u00dcNDNIS 90\/DIE GR\u00dcNEN","url":"https:\/\/gruene-eichstaett.de\/hepberg\/","logo":{"@type":"ImageObject","inLanguage":"de","@id":"https:\/\/gruene-eichstaett.de\/hepberg\/#\/schema\/logo\/image\/","url":"https:\/\/gruene-eichstaett.de\/hepberg\/wp-content\/uploads\/sites\/5\/2021\/12\/Profilbild-Sonenblume.png","contentUrl":"https:\/\/gruene-eichstaett.de\/hepberg\/wp-content\/uploads\/sites\/5\/2021\/12\/Profilbild-Sonenblume.png","width":500,"height":500,"caption":"B\u00dcNDNIS 90\/DIE GR\u00dcNEN"},"image":{"@id":"https:\/\/gruene-eichstaett.de\/hepberg\/#\/schema\/logo\/image\/"}},{"@type":"Person","@id":"https:\/\/gruene-eichstaett.de\/hepberg\/#\/schema\/person\/d1148469982cf959b3da92e4ebcdbc9a","name":"christiantischler","url":"https:\/\/gruene-eichstaett.de\/hepberg\/author\/christiantischler\/"}]}},"_links":{"self":[{"href":"https:\/\/gruene-eichstaett.de\/hepberg\/wp-json\/wp\/v2\/posts\/25","targetHints":{"allow":["GET"]}}],"collection":[{"href":"https:\/\/gruene-eichstaett.de\/hepberg\/wp-json\/wp\/v2\/posts"}],"about":[{"href":"https:\/\/gruene-eichstaett.de\/hepberg\/wp-json\/wp\/v2\/types\/post"}],"author":[{"embeddable":true,"href":"https:\/\/gruene-eichstaett.de\/hepberg\/wp-json\/wp\/v2\/users\/4"}],"replies":[{"embeddable":true,"href":"https:\/\/gruene-eichstaett.de\/hepberg\/wp-json\/wp\/v2\/comments?post=25"}],"version-history":[{"count":1,"href":"https:\/\/gruene-eichstaett.de\/hepberg\/wp-json\/wp\/v2\/posts\/25\/revisions"}],"predecessor-version":[{"id":26,"href":"https:\/\/gruene-eichstaett.de\/hepberg\/wp-json\/wp\/v2\/posts\/25\/revisions\/26"}],"wp:featuredmedia":[{"embeddable":true,"href":"https:\/\/gruene-eichstaett.de\/hepberg\/wp-json\/wp\/v2\/media\/10"}],"wp:attachment":[{"href":"https:\/\/gruene-eichstaett.de\/hepberg\/wp-json\/wp\/v2\/media?parent=25"}],"wp:term":[{"taxonomy":"category","embeddable":true,"href":"https:\/\/gruene-eichstaett.de\/hepberg\/wp-json\/wp\/v2\/categories?post=25"},{"taxonomy":"post_tag","embeddable":true,"href":"https:\/\/gruene-eichstaett.de\/hepberg\/wp-json\/wp\/v2\/tags?post=25"}],"curies":[{"name":"wp","href":"https:\/\/api.w.org\/{rel}","templated":true}]}}