{"id":27,"date":"2021-11-18T16:20:27","date_gmt":"2021-11-18T15:20:27","guid":{"rendered":"https:\/\/gruene-eichstaett.de\/hepberg\/?p=27"},"modified":"2021-11-18T16:21:06","modified_gmt":"2021-11-18T15:21:06","slug":"gruene-gemeinderaetin-nicole-lorenz-sagt-danke-und-stellt-sich-vor","status":"publish","type":"post","link":"https:\/\/gruene-eichstaett.de\/hepberg\/2021\/11\/18\/gruene-gemeinderaetin-nicole-lorenz-sagt-danke-und-stellt-sich-vor\/","title":{"rendered":"Gr\u00fcne Gemeinder\u00e4tin Nicole Lorenz sagt danke und stellt sich vor."},"content":{"rendered":"\n<p>Danke an die Hepberger B\u00fcrgerinnen und B\u00fcrger, die mir ihre Stimmen gegeben haben.<br>Danke, dass ich Gemeinder\u00e4tin in Hepberg werden darf!<br>Danke an meine Gr\u00fcnen Kollegen, dass sie mir ihr Vertrauen ausgesprochen haben und mich auf Platz 1 der Liste gew\u00e4hlt haben.<br>Danke allen f\u00fcr Ihr Vertrauen.&nbsp;Noch bin ich nicht einmal 2 Jahre hier in Hepberg zu Hause und darf mich umso mehr \u00fcber dieses Wahlergebnis freuen.<br><br>Ich muss gestehen, ich bin noch etwas \u00fcberfordert von der Situation, die uns allen das Corona-Virus auferlegt. Wie gerne w\u00fcrde ich mit m\u00f6glichst vielen Leuten ins Gespr\u00e4ch kommen und feiern, dass Hepberg zum ersten Mal eine gr\u00fcne Gemeinder\u00e4tin hat. Das geht nicht und das ist im Moment auch nicht wichtig. Im Moment ist es wichtig gesund zu bleiben und den Kindern und uns allen ein stabiles und liebevolles Zuhause zu bieten.<br><br>Wer mich kennenlernen m\u00f6chte oder mehr \u00fcber mich erfahren m\u00f6chte, gerne PN an mich.<br><br>Ein paar Dinge m\u00f6chte ich hier trotzdem nochmal \u00f6ffentlich kundtun:<br>Alter: 37 Jahre Beruf (ung): Mediatorin und Konflikt-Coach Werdegang: Eigentlich bin ich eine gescheiterte Hotelfachfrau, die dann ein Ingenieursstudium absolviert hat, &nbsp;um sehr bald festzustellen, dass mir Projektmanagement einfach liegt. Die Familienplanung hat mich dann zur Personalentwicklung, insbesondere zur Erwachsenenbildung und schlie\u00dflich zur Mediation und zum Coaching gebracht. Zwischendurch hatte ich mir als gro\u00dfes Ziel vorgenommen irgendwann Professorin zu werden. Einen Lehrauftrag hatte ich schon. Eine Promotion&#8230; mach ich vielleicht in meinem n\u00e4chsten Leben. Oder auch gar nicht \ud83d\ude42<br><br>Mein gr\u00f6\u00dfter Fehlschlag:&nbsp;Ich bin beim Segelfliegen vom Himmel gefallen und habe mir einen Wirbel gebrochen. Seitdem bin ich inkomplett querschnittgel\u00e4hmt.<br><br>Mein gr\u00f6\u00dftes Lerngeschenk:&nbsp;Dieser Unfall. H\u00f6rt sich komisch an, aber seitdem bin ich durchweg optimistisch und meistens positiv dem Leben und den Menschen gegen\u00fcber.<\/p>\n\n\n\n<figure class=\"wp-block-image\"><img decoding=\"async\" src=\"https:\/\/web.archive.org\/web\/20201031021650im_\/https:\/\/www.gruene-eichstaett.de\/userspace\/_processed_\/csm_89490917_10158366713319994_2594835754945347584_o_2a8ee51f37.jpg\" alt=\"\"\/><\/figure>\n\n\n\n<p>Wir haben eine Wahl unter au\u00dfergew\u00f6hnlichen Umst\u00e4nden hinter uns. Wir bedanken uns bei allen, die uns ihren Vertrauensvorschuss geschenkt haben. Wir werden Euch nicht entt\u00e4uschen. Ob H\u00e4hnchenmastanlage in Stammham, bessere Jugendarbeit in Hepberg oder eine zeitgem\u00e4\u00dfe und offene Art der Gemeinderatsarbeit. Wir werden versuchen hier f\u00fcr Euch Mehrheiten zu suchen und zu finden. Danke m\u00f6chten wir auch allen Unterst\u00fctzern sagen. Danke allen Wahlhelfer*innen \u2014 ihr leistet einen so wichtigen Dienst an unserer Demokratie. Danke f\u00fcr das Engagement aus dem Landes- und Bundesverband f\u00fcr unseren neugegr\u00fcndeten Ortsverband. Und danke ganz besonders unseren vielen unerm\u00fcdlichen Unterst\u00fctzer*innen aus Freundes- und Familienkreisen. #weilwirhierleben&nbsp;<\/p>\n","protected":false},"excerpt":{"rendered":"<p>Danke an die Hepberger B\u00fcrgerinnen und B\u00fcrger, die mir ihre Stimmen gegeben haben.Danke, dass ich Gemeinder\u00e4tin in Hepberg werden darf!Danke an meine Gr\u00fcnen Kollegen, dass sie mir ihr Vertrauen ausgesprochen [&hellip;]<\/p>\n","protected":false},"author":-1,"featured_media":6,"comment_status":"open","ping_status":"open","sticky":false,"template":"","format":"standard","meta":{"footnotes":""},"categories":[1],"tags":[],"class_list":["post-27","post","type-post","status-publish","format-standard","has-post-thumbnail","hentry","category-allgemein"],"yoast_head":"<!-- This site is optimized with the Yoast SEO plugin v27.4 - https:\/\/yoast.com\/product\/yoast-seo-wordpress\/ -->\n<title>Gr\u00fcne Gemeinder\u00e4tin Nicole Lorenz sagt danke und stellt sich vor. - B\u00dcNDNIS 90\/DIE GR\u00dcNEN<\/title>\n<meta name=\"robots\" content=\"index, follow, max-snippet:-1, max-image-preview:large, max-video-preview:-1\" \/>\n<link rel=\"canonical\" href=\"https:\/\/gruene-eichstaett.de\/hepberg\/2021\/11\/18\/gruene-gemeinderaetin-nicole-lorenz-sagt-danke-und-stellt-sich-vor\/\" \/>\n<meta property=\"og:locale\" content=\"de_DE\" \/>\n<meta property=\"og:type\" content=\"article\" \/>\n<meta property=\"og:title\" content=\"Gr\u00fcne Gemeinder\u00e4tin Nicole Lorenz sagt danke und stellt sich vor. - B\u00dcNDNIS 90\/DIE GR\u00dcNEN\" \/>\n<meta property=\"og:description\" content=\"Danke an die Hepberger B\u00fcrgerinnen und B\u00fcrger, die mir ihre Stimmen gegeben haben.Danke, dass ich Gemeinder\u00e4tin in Hepberg werden darf!Danke an meine Gr\u00fcnen Kollegen, dass sie mir ihr Vertrauen ausgesprochen [&hellip;]\" \/>\n<meta property=\"og:url\" content=\"https:\/\/gruene-eichstaett.de\/hepberg\/2021\/11\/18\/gruene-gemeinderaetin-nicole-lorenz-sagt-danke-und-stellt-sich-vor\/\" \/>\n<meta property=\"og:site_name\" content=\"B\u00dcNDNIS 90\/DIE GR\u00dcNEN\" \/>\n<meta property=\"article:published_time\" content=\"2021-11-18T15:20:27+00:00\" \/>\n<meta property=\"article:modified_time\" content=\"2021-11-18T15:21:06+00:00\" \/>\n<meta property=\"og:image\" content=\"https:\/\/gruene-eichstaett.de\/hepberg\/wp-content\/uploads\/sites\/5\/2021\/09\/csm_DBM_9646_N_Kopie_bb6edb4a08.jpeg\" \/>\n\t<meta property=\"og:image:width\" content=\"860\" \/>\n\t<meta property=\"og:image:height\" content=\"1290\" \/>\n\t<meta property=\"og:image:type\" content=\"image\/jpeg\" \/>\n<meta name=\"author\" content=\"christiantischler\" \/>\n<meta name=\"twitter:card\" content=\"summary_large_image\" \/>\n<meta name=\"twitter:label1\" content=\"Verfasst von\" \/>\n\t<meta name=\"twitter:data1\" content=\"christiantischler\" \/>\n\t<meta name=\"twitter:label2\" content=\"Gesch\u00e4tzte Lesezeit\" \/>\n\t<meta name=\"twitter:data2\" content=\"2\u00a0Minuten\" \/>\n<script type=\"application\/ld+json\" class=\"yoast-schema-graph\">{\"@context\":\"https:\\\/\\\/schema.org\",\"@graph\":[{\"@type\":\"Article\",\"@id\":\"https:\\\/\\\/gruene-eichstaett.de\\\/hepberg\\\/2021\\\/11\\\/18\\\/gruene-gemeinderaetin-nicole-lorenz-sagt-danke-und-stellt-sich-vor\\\/#article\",\"isPartOf\":{\"@id\":\"https:\\\/\\\/gruene-eichstaett.de\\\/hepberg\\\/2021\\\/11\\\/18\\\/gruene-gemeinderaetin-nicole-lorenz-sagt-danke-und-stellt-sich-vor\\\/\"},\"author\":{\"name\":\"christiantischler\",\"@id\":\"https:\\\/\\\/gruene-eichstaett.de\\\/hepberg\\\/#\\\/schema\\\/person\\\/d1148469982cf959b3da92e4ebcdbc9a\"},\"headline\":\"Gr\u00fcne Gemeinder\u00e4tin Nicole Lorenz sagt danke und stellt sich vor.\",\"datePublished\":\"2021-11-18T15:20:27+00:00\",\"dateModified\":\"2021-11-18T15:21:06+00:00\",\"mainEntityOfPage\":{\"@id\":\"https:\\\/\\\/gruene-eichstaett.de\\\/hepberg\\\/2021\\\/11\\\/18\\\/gruene-gemeinderaetin-nicole-lorenz-sagt-danke-und-stellt-sich-vor\\\/\"},\"wordCount\":437,\"commentCount\":0,\"publisher\":{\"@id\":\"https:\\\/\\\/gruene-eichstaett.de\\\/hepberg\\\/#organization\"},\"image\":{\"@id\":\"https:\\\/\\\/gruene-eichstaett.de\\\/hepberg\\\/2021\\\/11\\\/18\\\/gruene-gemeinderaetin-nicole-lorenz-sagt-danke-und-stellt-sich-vor\\\/#primaryimage\"},\"thumbnailUrl\":\"https:\\\/\\\/gruene-eichstaett.de\\\/hepberg\\\/wp-content\\\/uploads\\\/sites\\\/5\\\/2021\\\/09\\\/csm_DBM_9646_N_Kopie_bb6edb4a08.jpeg\",\"inLanguage\":\"de\",\"potentialAction\":[{\"@type\":\"CommentAction\",\"name\":\"Comment\",\"target\":[\"https:\\\/\\\/gruene-eichstaett.de\\\/hepberg\\\/2021\\\/11\\\/18\\\/gruene-gemeinderaetin-nicole-lorenz-sagt-danke-und-stellt-sich-vor\\\/#respond\"]}]},{\"@type\":\"WebPage\",\"@id\":\"https:\\\/\\\/gruene-eichstaett.de\\\/hepberg\\\/2021\\\/11\\\/18\\\/gruene-gemeinderaetin-nicole-lorenz-sagt-danke-und-stellt-sich-vor\\\/\",\"url\":\"https:\\\/\\\/gruene-eichstaett.de\\\/hepberg\\\/2021\\\/11\\\/18\\\/gruene-gemeinderaetin-nicole-lorenz-sagt-danke-und-stellt-sich-vor\\\/\",\"name\":\"Gr\u00fcne Gemeinder\u00e4tin Nicole Lorenz sagt danke und stellt sich vor. - B\u00dcNDNIS 90\\\/DIE GR\u00dcNEN\",\"isPartOf\":{\"@id\":\"https:\\\/\\\/gruene-eichstaett.de\\\/hepberg\\\/#website\"},\"primaryImageOfPage\":{\"@id\":\"https:\\\/\\\/gruene-eichstaett.de\\\/hepberg\\\/2021\\\/11\\\/18\\\/gruene-gemeinderaetin-nicole-lorenz-sagt-danke-und-stellt-sich-vor\\\/#primaryimage\"},\"image\":{\"@id\":\"https:\\\/\\\/gruene-eichstaett.de\\\/hepberg\\\/2021\\\/11\\\/18\\\/gruene-gemeinderaetin-nicole-lorenz-sagt-danke-und-stellt-sich-vor\\\/#primaryimage\"},\"thumbnailUrl\":\"https:\\\/\\\/gruene-eichstaett.de\\\/hepberg\\\/wp-content\\\/uploads\\\/sites\\\/5\\\/2021\\\/09\\\/csm_DBM_9646_N_Kopie_bb6edb4a08.jpeg\",\"datePublished\":\"2021-11-18T15:20:27+00:00\",\"dateModified\":\"2021-11-18T15:21:06+00:00\",\"breadcrumb\":{\"@id\":\"https:\\\/\\\/gruene-eichstaett.de\\\/hepberg\\\/2021\\\/11\\\/18\\\/gruene-gemeinderaetin-nicole-lorenz-sagt-danke-und-stellt-sich-vor\\\/#breadcrumb\"},\"inLanguage\":\"de\",\"potentialAction\":[{\"@type\":\"ReadAction\",\"target\":[\"https:\\\/\\\/gruene-eichstaett.de\\\/hepberg\\\/2021\\\/11\\\/18\\\/gruene-gemeinderaetin-nicole-lorenz-sagt-danke-und-stellt-sich-vor\\\/\"]}]},{\"@type\":\"ImageObject\",\"inLanguage\":\"de\",\"@id\":\"https:\\\/\\\/gruene-eichstaett.de\\\/hepberg\\\/2021\\\/11\\\/18\\\/gruene-gemeinderaetin-nicole-lorenz-sagt-danke-und-stellt-sich-vor\\\/#primaryimage\",\"url\":\"https:\\\/\\\/gruene-eichstaett.de\\\/hepberg\\\/wp-content\\\/uploads\\\/sites\\\/5\\\/2021\\\/09\\\/csm_DBM_9646_N_Kopie_bb6edb4a08.jpeg\",\"contentUrl\":\"https:\\\/\\\/gruene-eichstaett.de\\\/hepberg\\\/wp-content\\\/uploads\\\/sites\\\/5\\\/2021\\\/09\\\/csm_DBM_9646_N_Kopie_bb6edb4a08.jpeg\",\"width\":860,\"height\":1290},{\"@type\":\"BreadcrumbList\",\"@id\":\"https:\\\/\\\/gruene-eichstaett.de\\\/hepberg\\\/2021\\\/11\\\/18\\\/gruene-gemeinderaetin-nicole-lorenz-sagt-danke-und-stellt-sich-vor\\\/#breadcrumb\",\"itemListElement\":[{\"@type\":\"ListItem\",\"position\":1,\"name\":\"Startseite\",\"item\":\"https:\\\/\\\/gruene-eichstaett.de\\\/hepberg\\\/\"},{\"@type\":\"ListItem\",\"position\":2,\"name\":\"Gr\u00fcne Gemeinder\u00e4tin Nicole Lorenz sagt danke und stellt sich vor.\"}]},{\"@type\":\"WebSite\",\"@id\":\"https:\\\/\\\/gruene-eichstaett.de\\\/hepberg\\\/#website\",\"url\":\"https:\\\/\\\/gruene-eichstaett.de\\\/hepberg\\\/\",\"name\":\"B\u00dcNDNIS 90\\\/DIE GR\u00dcNEN\",\"description\":\"in der Gemeinde Hepberg\",\"publisher\":{\"@id\":\"https:\\\/\\\/gruene-eichstaett.de\\\/hepberg\\\/#organization\"},\"potentialAction\":[{\"@type\":\"SearchAction\",\"target\":{\"@type\":\"EntryPoint\",\"urlTemplate\":\"https:\\\/\\\/gruene-eichstaett.de\\\/hepberg\\\/?s={search_term_string}\"},\"query-input\":{\"@type\":\"PropertyValueSpecification\",\"valueRequired\":true,\"valueName\":\"search_term_string\"}}],\"inLanguage\":\"de\"},{\"@type\":\"Organization\",\"@id\":\"https:\\\/\\\/gruene-eichstaett.de\\\/hepberg\\\/#organization\",\"name\":\"B\u00dcNDNIS 90\\\/DIE GR\u00dcNEN\",\"url\":\"https:\\\/\\\/gruene-eichstaett.de\\\/hepberg\\\/\",\"logo\":{\"@type\":\"ImageObject\",\"inLanguage\":\"de\",\"@id\":\"https:\\\/\\\/gruene-eichstaett.de\\\/hepberg\\\/#\\\/schema\\\/logo\\\/image\\\/\",\"url\":\"https:\\\/\\\/gruene-eichstaett.de\\\/hepberg\\\/wp-content\\\/uploads\\\/sites\\\/5\\\/2021\\\/12\\\/Profilbild-Sonenblume.png\",\"contentUrl\":\"https:\\\/\\\/gruene-eichstaett.de\\\/hepberg\\\/wp-content\\\/uploads\\\/sites\\\/5\\\/2021\\\/12\\\/Profilbild-Sonenblume.png\",\"width\":500,\"height\":500,\"caption\":\"B\u00dcNDNIS 90\\\/DIE GR\u00dcNEN\"},\"image\":{\"@id\":\"https:\\\/\\\/gruene-eichstaett.de\\\/hepberg\\\/#\\\/schema\\\/logo\\\/image\\\/\"}},{\"@type\":\"Person\",\"@id\":\"https:\\\/\\\/gruene-eichstaett.de\\\/hepberg\\\/#\\\/schema\\\/person\\\/d1148469982cf959b3da92e4ebcdbc9a\",\"name\":\"christiantischler\",\"url\":\"https:\\\/\\\/gruene-eichstaett.de\\\/hepberg\\\/author\\\/christiantischler\\\/\"}]}<\/script>\n<!-- \/ Yoast SEO plugin. -->","yoast_head_json":{"title":"Gr\u00fcne Gemeinder\u00e4tin Nicole Lorenz sagt danke und stellt sich vor. - B\u00dcNDNIS 90\/DIE GR\u00dcNEN","robots":{"index":"index","follow":"follow","max-snippet":"max-snippet:-1","max-image-preview":"max-image-preview:large","max-video-preview":"max-video-preview:-1"},"canonical":"https:\/\/gruene-eichstaett.de\/hepberg\/2021\/11\/18\/gruene-gemeinderaetin-nicole-lorenz-sagt-danke-und-stellt-sich-vor\/","og_locale":"de_DE","og_type":"article","og_title":"Gr\u00fcne Gemeinder\u00e4tin Nicole Lorenz sagt danke und stellt sich vor. - B\u00dcNDNIS 90\/DIE GR\u00dcNEN","og_description":"Danke an die Hepberger B\u00fcrgerinnen und B\u00fcrger, die mir ihre Stimmen gegeben haben.Danke, dass ich Gemeinder\u00e4tin in Hepberg werden darf!Danke an meine Gr\u00fcnen Kollegen, dass sie mir ihr Vertrauen ausgesprochen [&hellip;]","og_url":"https:\/\/gruene-eichstaett.de\/hepberg\/2021\/11\/18\/gruene-gemeinderaetin-nicole-lorenz-sagt-danke-und-stellt-sich-vor\/","og_site_name":"B\u00dcNDNIS 90\/DIE GR\u00dcNEN","article_published_time":"2021-11-18T15:20:27+00:00","article_modified_time":"2021-11-18T15:21:06+00:00","og_image":[{"width":860,"height":1290,"url":"https:\/\/gruene-eichstaett.de\/hepberg\/wp-content\/uploads\/sites\/5\/2021\/09\/csm_DBM_9646_N_Kopie_bb6edb4a08.jpeg","type":"image\/jpeg"}],"author":"christiantischler","twitter_card":"summary_large_image","twitter_misc":{"Verfasst von":"christiantischler","Gesch\u00e4tzte Lesezeit":"2\u00a0Minuten"},"schema":{"@context":"https:\/\/schema.org","@graph":[{"@type":"Article","@id":"https:\/\/gruene-eichstaett.de\/hepberg\/2021\/11\/18\/gruene-gemeinderaetin-nicole-lorenz-sagt-danke-und-stellt-sich-vor\/#article","isPartOf":{"@id":"https:\/\/gruene-eichstaett.de\/hepberg\/2021\/11\/18\/gruene-gemeinderaetin-nicole-lorenz-sagt-danke-und-stellt-sich-vor\/"},"author":{"name":"christiantischler","@id":"https:\/\/gruene-eichstaett.de\/hepberg\/#\/schema\/person\/d1148469982cf959b3da92e4ebcdbc9a"},"headline":"Gr\u00fcne Gemeinder\u00e4tin Nicole Lorenz sagt danke und stellt sich vor.","datePublished":"2021-11-18T15:20:27+00:00","dateModified":"2021-11-18T15:21:06+00:00","mainEntityOfPage":{"@id":"https:\/\/gruene-eichstaett.de\/hepberg\/2021\/11\/18\/gruene-gemeinderaetin-nicole-lorenz-sagt-danke-und-stellt-sich-vor\/"},"wordCount":437,"commentCount":0,"publisher":{"@id":"https:\/\/gruene-eichstaett.de\/hepberg\/#organization"},"image":{"@id":"https:\/\/gruene-eichstaett.de\/hepberg\/2021\/11\/18\/gruene-gemeinderaetin-nicole-lorenz-sagt-danke-und-stellt-sich-vor\/#primaryimage"},"thumbnailUrl":"https:\/\/gruene-eichstaett.de\/hepberg\/wp-content\/uploads\/sites\/5\/2021\/09\/csm_DBM_9646_N_Kopie_bb6edb4a08.jpeg","inLanguage":"de","potentialAction":[{"@type":"CommentAction","name":"Comment","target":["https:\/\/gruene-eichstaett.de\/hepberg\/2021\/11\/18\/gruene-gemeinderaetin-nicole-lorenz-sagt-danke-und-stellt-sich-vor\/#respond"]}]},{"@type":"WebPage","@id":"https:\/\/gruene-eichstaett.de\/hepberg\/2021\/11\/18\/gruene-gemeinderaetin-nicole-lorenz-sagt-danke-und-stellt-sich-vor\/","url":"https:\/\/gruene-eichstaett.de\/hepberg\/2021\/11\/18\/gruene-gemeinderaetin-nicole-lorenz-sagt-danke-und-stellt-sich-vor\/","name":"Gr\u00fcne Gemeinder\u00e4tin Nicole Lorenz sagt danke und stellt sich vor. - B\u00dcNDNIS 90\/DIE GR\u00dcNEN","isPartOf":{"@id":"https:\/\/gruene-eichstaett.de\/hepberg\/#website"},"primaryImageOfPage":{"@id":"https:\/\/gruene-eichstaett.de\/hepberg\/2021\/11\/18\/gruene-gemeinderaetin-nicole-lorenz-sagt-danke-und-stellt-sich-vor\/#primaryimage"},"image":{"@id":"https:\/\/gruene-eichstaett.de\/hepberg\/2021\/11\/18\/gruene-gemeinderaetin-nicole-lorenz-sagt-danke-und-stellt-sich-vor\/#primaryimage"},"thumbnailUrl":"https:\/\/gruene-eichstaett.de\/hepberg\/wp-content\/uploads\/sites\/5\/2021\/09\/csm_DBM_9646_N_Kopie_bb6edb4a08.jpeg","datePublished":"2021-11-18T15:20:27+00:00","dateModified":"2021-11-18T15:21:06+00:00","breadcrumb":{"@id":"https:\/\/gruene-eichstaett.de\/hepberg\/2021\/11\/18\/gruene-gemeinderaetin-nicole-lorenz-sagt-danke-und-stellt-sich-vor\/#breadcrumb"},"inLanguage":"de","potentialAction":[{"@type":"ReadAction","target":["https:\/\/gruene-eichstaett.de\/hepberg\/2021\/11\/18\/gruene-gemeinderaetin-nicole-lorenz-sagt-danke-und-stellt-sich-vor\/"]}]},{"@type":"ImageObject","inLanguage":"de","@id":"https:\/\/gruene-eichstaett.de\/hepberg\/2021\/11\/18\/gruene-gemeinderaetin-nicole-lorenz-sagt-danke-und-stellt-sich-vor\/#primaryimage","url":"https:\/\/gruene-eichstaett.de\/hepberg\/wp-content\/uploads\/sites\/5\/2021\/09\/csm_DBM_9646_N_Kopie_bb6edb4a08.jpeg","contentUrl":"https:\/\/gruene-eichstaett.de\/hepberg\/wp-content\/uploads\/sites\/5\/2021\/09\/csm_DBM_9646_N_Kopie_bb6edb4a08.jpeg","width":860,"height":1290},{"@type":"BreadcrumbList","@id":"https:\/\/gruene-eichstaett.de\/hepberg\/2021\/11\/18\/gruene-gemeinderaetin-nicole-lorenz-sagt-danke-und-stellt-sich-vor\/#breadcrumb","itemListElement":[{"@type":"ListItem","position":1,"name":"Startseite","item":"https:\/\/gruene-eichstaett.de\/hepberg\/"},{"@type":"ListItem","position":2,"name":"Gr\u00fcne Gemeinder\u00e4tin Nicole Lorenz sagt danke und stellt sich vor."}]},{"@type":"WebSite","@id":"https:\/\/gruene-eichstaett.de\/hepberg\/#website","url":"https:\/\/gruene-eichstaett.de\/hepberg\/","name":"B\u00dcNDNIS 90\/DIE GR\u00dcNEN","description":"in der Gemeinde Hepberg","publisher":{"@id":"https:\/\/gruene-eichstaett.de\/hepberg\/#organization"},"potentialAction":[{"@type":"SearchAction","target":{"@type":"EntryPoint","urlTemplate":"https:\/\/gruene-eichstaett.de\/hepberg\/?s={search_term_string}"},"query-input":{"@type":"PropertyValueSpecification","valueRequired":true,"valueName":"search_term_string"}}],"inLanguage":"de"},{"@type":"Organization","@id":"https:\/\/gruene-eichstaett.de\/hepberg\/#organization","name":"B\u00dcNDNIS 90\/DIE GR\u00dcNEN","url":"https:\/\/gruene-eichstaett.de\/hepberg\/","logo":{"@type":"ImageObject","inLanguage":"de","@id":"https:\/\/gruene-eichstaett.de\/hepberg\/#\/schema\/logo\/image\/","url":"https:\/\/gruene-eichstaett.de\/hepberg\/wp-content\/uploads\/sites\/5\/2021\/12\/Profilbild-Sonenblume.png","contentUrl":"https:\/\/gruene-eichstaett.de\/hepberg\/wp-content\/uploads\/sites\/5\/2021\/12\/Profilbild-Sonenblume.png","width":500,"height":500,"caption":"B\u00dcNDNIS 90\/DIE GR\u00dcNEN"},"image":{"@id":"https:\/\/gruene-eichstaett.de\/hepberg\/#\/schema\/logo\/image\/"}},{"@type":"Person","@id":"https:\/\/gruene-eichstaett.de\/hepberg\/#\/schema\/person\/d1148469982cf959b3da92e4ebcdbc9a","name":"christiantischler","url":"https:\/\/gruene-eichstaett.de\/hepberg\/author\/christiantischler\/"}]}},"_links":{"self":[{"href":"https:\/\/gruene-eichstaett.de\/hepberg\/wp-json\/wp\/v2\/posts\/27","targetHints":{"allow":["GET"]}}],"collection":[{"href":"https:\/\/gruene-eichstaett.de\/hepberg\/wp-json\/wp\/v2\/posts"}],"about":[{"href":"https:\/\/gruene-eichstaett.de\/hepberg\/wp-json\/wp\/v2\/types\/post"}],"author":[{"embeddable":true,"href":"https:\/\/gruene-eichstaett.de\/hepberg\/wp-json\/wp\/v2\/users\/4"}],"replies":[{"embeddable":true,"href":"https:\/\/gruene-eichstaett.de\/hepberg\/wp-json\/wp\/v2\/comments?post=27"}],"version-history":[{"count":1,"href":"https:\/\/gruene-eichstaett.de\/hepberg\/wp-json\/wp\/v2\/posts\/27\/revisions"}],"predecessor-version":[{"id":28,"href":"https:\/\/gruene-eichstaett.de\/hepberg\/wp-json\/wp\/v2\/posts\/27\/revisions\/28"}],"wp:featuredmedia":[{"embeddable":true,"href":"https:\/\/gruene-eichstaett.de\/hepberg\/wp-json\/wp\/v2\/media\/6"}],"wp:attachment":[{"href":"https:\/\/gruene-eichstaett.de\/hepberg\/wp-json\/wp\/v2\/media?parent=27"}],"wp:term":[{"taxonomy":"category","embeddable":true,"href":"https:\/\/gruene-eichstaett.de\/hepberg\/wp-json\/wp\/v2\/categories?post=27"},{"taxonomy":"post_tag","embeddable":true,"href":"https:\/\/gruene-eichstaett.de\/hepberg\/wp-json\/wp\/v2\/tags?post=27"}],"curies":[{"name":"wp","href":"https:\/\/api.w.org\/{rel}","templated":true}]}}