{"id":33,"date":"2020-08-07T16:22:24","date_gmt":"2020-08-07T14:22:24","guid":{"rendered":"https:\/\/gruene-eichstaett.de\/hepberg\/?p=33"},"modified":"2021-12-21T19:53:40","modified_gmt":"2021-12-21T18:53:40","slug":"ein-grosser-erfolg-fuer-das-klima","status":"publish","type":"post","link":"https:\/\/gruene-eichstaett.de\/hepberg\/2020\/08\/07\/ein-grosser-erfolg-fuer-das-klima\/","title":{"rendered":"Ein gro\u00dfer Erfolg f\u00fcr das Klima!"},"content":{"rendered":"\n<p>Mit dem europ\u00e4ischen Klimagesetz beschlie\u00dft das Europaparlament ein EU-Ziel zur Reduzierung der Treibhausgasemissionen bis 2030 von -60% gegen\u00fcber 1990. In einer \u00fcberraschenden Abstimmung stimmten gestern Abend 352 Abgeordnete f\u00fcr dieses Ziel, bei 326 Gegenstimmen und 18 Enthaltungen. Damit macht das Europaparlament einen grossen Schritt im Kampf gegen den Klimawandel. Die deutliche Anhebung des Klimaziels bringt uns dem Stand der Wissenschaft einen wichtigen Schritt n\u00e4her. Das ist ein Riesenerfolg der Klimabewegung. F\u00fcr uns Gr\u00fcne hat Michael Bloss das 60%-Ziel gemeinsam mit Abgeordneten der Sozialdemokraten, Liberalen und Linken erstritten. Die Christdemokraten stimmten mit Rechtspopulisten und Rechtsradikalen gegen dieses Ziel und k\u00fcndigen bereits an, sich in der Schlussabstimmung \u00fcber das gesamte Klimagesetz enthalten zu wollen. Die FDP stimmte gegen die Fraktionslinie der Europa-Liberalen.<\/p>\n","protected":false},"excerpt":{"rendered":"<p>Mit dem europ\u00e4ischen Klimagesetz beschlie\u00dft das Europaparlament ein EU-Ziel zur Reduzierung der Treibhausgasemissionen bis 2030 von -60% gegen\u00fcber 1990. In einer \u00fcberraschenden Abstimmung stimmten gestern Abend 352 Abgeordnete f\u00fcr dieses [&hellip;]<\/p>\n","protected":false},"author":-1,"featured_media":0,"comment_status":"open","ping_status":"open","sticky":false,"template":"","format":"standard","meta":{"footnotes":""},"categories":[1],"tags":[],"class_list":["post-33","post","type-post","status-publish","format-standard","hentry","category-allgemein"],"yoast_head":"<!-- This site is optimized with the Yoast SEO plugin v27.4 - https:\/\/yoast.com\/product\/yoast-seo-wordpress\/ -->\n<title>Ein gro\u00dfer Erfolg f\u00fcr das Klima! - B\u00dcNDNIS 90\/DIE GR\u00dcNEN<\/title>\n<meta name=\"robots\" content=\"index, follow, max-snippet:-1, max-image-preview:large, max-video-preview:-1\" \/>\n<link rel=\"canonical\" href=\"https:\/\/gruene-eichstaett.de\/hepberg\/2020\/08\/07\/ein-grosser-erfolg-fuer-das-klima\/\" \/>\n<meta property=\"og:locale\" content=\"de_DE\" \/>\n<meta property=\"og:type\" content=\"article\" \/>\n<meta property=\"og:title\" content=\"Ein gro\u00dfer Erfolg f\u00fcr das Klima! - B\u00dcNDNIS 90\/DIE GR\u00dcNEN\" \/>\n<meta property=\"og:description\" content=\"Mit dem europ\u00e4ischen Klimagesetz beschlie\u00dft das Europaparlament ein EU-Ziel zur Reduzierung der Treibhausgasemissionen bis 2030 von -60% gegen\u00fcber 1990. In einer \u00fcberraschenden Abstimmung stimmten gestern Abend 352 Abgeordnete f\u00fcr dieses [&hellip;]\" \/>\n<meta property=\"og:url\" content=\"https:\/\/gruene-eichstaett.de\/hepberg\/2020\/08\/07\/ein-grosser-erfolg-fuer-das-klima\/\" \/>\n<meta property=\"og:site_name\" content=\"B\u00dcNDNIS 90\/DIE GR\u00dcNEN\" \/>\n<meta property=\"article:published_time\" content=\"2020-08-07T14:22:24+00:00\" \/>\n<meta property=\"article:modified_time\" content=\"2021-12-21T18:53:40+00:00\" \/>\n<meta name=\"author\" content=\"christiantischler\" \/>\n<meta name=\"twitter:card\" content=\"summary_large_image\" \/>\n<meta name=\"twitter:label1\" content=\"Verfasst von\" \/>\n\t<meta name=\"twitter:data1\" content=\"christiantischler\" \/>\n\t<meta name=\"twitter:label2\" content=\"Gesch\u00e4tzte Lesezeit\" \/>\n\t<meta name=\"twitter:data2\" content=\"1\u00a0Minute\" \/>\n<script type=\"application\/ld+json\" class=\"yoast-schema-graph\">{\"@context\":\"https:\\\/\\\/schema.org\",\"@graph\":[{\"@type\":\"Article\",\"@id\":\"https:\\\/\\\/gruene-eichstaett.de\\\/hepberg\\\/2020\\\/08\\\/07\\\/ein-grosser-erfolg-fuer-das-klima\\\/#article\",\"isPartOf\":{\"@id\":\"https:\\\/\\\/gruene-eichstaett.de\\\/hepberg\\\/2020\\\/08\\\/07\\\/ein-grosser-erfolg-fuer-das-klima\\\/\"},\"author\":{\"name\":\"christiantischler\",\"@id\":\"https:\\\/\\\/gruene-eichstaett.de\\\/hepberg\\\/#\\\/schema\\\/person\\\/d1148469982cf959b3da92e4ebcdbc9a\"},\"headline\":\"Ein gro\u00dfer Erfolg f\u00fcr das Klima!\",\"datePublished\":\"2020-08-07T14:22:24+00:00\",\"dateModified\":\"2021-12-21T18:53:40+00:00\",\"mainEntityOfPage\":{\"@id\":\"https:\\\/\\\/gruene-eichstaett.de\\\/hepberg\\\/2020\\\/08\\\/07\\\/ein-grosser-erfolg-fuer-das-klima\\\/\"},\"wordCount\":131,\"commentCount\":0,\"publisher\":{\"@id\":\"https:\\\/\\\/gruene-eichstaett.de\\\/hepberg\\\/#organization\"},\"inLanguage\":\"de\",\"potentialAction\":[{\"@type\":\"CommentAction\",\"name\":\"Comment\",\"target\":[\"https:\\\/\\\/gruene-eichstaett.de\\\/hepberg\\\/2020\\\/08\\\/07\\\/ein-grosser-erfolg-fuer-das-klima\\\/#respond\"]}]},{\"@type\":\"WebPage\",\"@id\":\"https:\\\/\\\/gruene-eichstaett.de\\\/hepberg\\\/2020\\\/08\\\/07\\\/ein-grosser-erfolg-fuer-das-klima\\\/\",\"url\":\"https:\\\/\\\/gruene-eichstaett.de\\\/hepberg\\\/2020\\\/08\\\/07\\\/ein-grosser-erfolg-fuer-das-klima\\\/\",\"name\":\"Ein gro\u00dfer Erfolg f\u00fcr das Klima! - B\u00dcNDNIS 90\\\/DIE GR\u00dcNEN\",\"isPartOf\":{\"@id\":\"https:\\\/\\\/gruene-eichstaett.de\\\/hepberg\\\/#website\"},\"datePublished\":\"2020-08-07T14:22:24+00:00\",\"dateModified\":\"2021-12-21T18:53:40+00:00\",\"breadcrumb\":{\"@id\":\"https:\\\/\\\/gruene-eichstaett.de\\\/hepberg\\\/2020\\\/08\\\/07\\\/ein-grosser-erfolg-fuer-das-klima\\\/#breadcrumb\"},\"inLanguage\":\"de\",\"potentialAction\":[{\"@type\":\"ReadAction\",\"target\":[\"https:\\\/\\\/gruene-eichstaett.de\\\/hepberg\\\/2020\\\/08\\\/07\\\/ein-grosser-erfolg-fuer-das-klima\\\/\"]}]},{\"@type\":\"BreadcrumbList\",\"@id\":\"https:\\\/\\\/gruene-eichstaett.de\\\/hepberg\\\/2020\\\/08\\\/07\\\/ein-grosser-erfolg-fuer-das-klima\\\/#breadcrumb\",\"itemListElement\":[{\"@type\":\"ListItem\",\"position\":1,\"name\":\"Startseite\",\"item\":\"https:\\\/\\\/gruene-eichstaett.de\\\/hepberg\\\/\"},{\"@type\":\"ListItem\",\"position\":2,\"name\":\"Ein gro\u00dfer Erfolg f\u00fcr das Klima!\"}]},{\"@type\":\"WebSite\",\"@id\":\"https:\\\/\\\/gruene-eichstaett.de\\\/hepberg\\\/#website\",\"url\":\"https:\\\/\\\/gruene-eichstaett.de\\\/hepberg\\\/\",\"name\":\"B\u00dcNDNIS 90\\\/DIE GR\u00dcNEN\",\"description\":\"in der Gemeinde Hepberg\",\"publisher\":{\"@id\":\"https:\\\/\\\/gruene-eichstaett.de\\\/hepberg\\\/#organization\"},\"potentialAction\":[{\"@type\":\"SearchAction\",\"target\":{\"@type\":\"EntryPoint\",\"urlTemplate\":\"https:\\\/\\\/gruene-eichstaett.de\\\/hepberg\\\/?s={search_term_string}\"},\"query-input\":{\"@type\":\"PropertyValueSpecification\",\"valueRequired\":true,\"valueName\":\"search_term_string\"}}],\"inLanguage\":\"de\"},{\"@type\":\"Organization\",\"@id\":\"https:\\\/\\\/gruene-eichstaett.de\\\/hepberg\\\/#organization\",\"name\":\"B\u00dcNDNIS 90\\\/DIE GR\u00dcNEN\",\"url\":\"https:\\\/\\\/gruene-eichstaett.de\\\/hepberg\\\/\",\"logo\":{\"@type\":\"ImageObject\",\"inLanguage\":\"de\",\"@id\":\"https:\\\/\\\/gruene-eichstaett.de\\\/hepberg\\\/#\\\/schema\\\/logo\\\/image\\\/\",\"url\":\"https:\\\/\\\/gruene-eichstaett.de\\\/hepberg\\\/wp-content\\\/uploads\\\/sites\\\/5\\\/2021\\\/12\\\/Profilbild-Sonenblume.png\",\"contentUrl\":\"https:\\\/\\\/gruene-eichstaett.de\\\/hepberg\\\/wp-content\\\/uploads\\\/sites\\\/5\\\/2021\\\/12\\\/Profilbild-Sonenblume.png\",\"width\":500,\"height\":500,\"caption\":\"B\u00dcNDNIS 90\\\/DIE GR\u00dcNEN\"},\"image\":{\"@id\":\"https:\\\/\\\/gruene-eichstaett.de\\\/hepberg\\\/#\\\/schema\\\/logo\\\/image\\\/\"}},{\"@type\":\"Person\",\"@id\":\"https:\\\/\\\/gruene-eichstaett.de\\\/hepberg\\\/#\\\/schema\\\/person\\\/d1148469982cf959b3da92e4ebcdbc9a\",\"name\":\"christiantischler\",\"url\":\"https:\\\/\\\/gruene-eichstaett.de\\\/hepberg\\\/author\\\/christiantischler\\\/\"}]}<\/script>\n<!-- \/ Yoast SEO plugin. -->","yoast_head_json":{"title":"Ein gro\u00dfer Erfolg f\u00fcr das Klima! - B\u00dcNDNIS 90\/DIE GR\u00dcNEN","robots":{"index":"index","follow":"follow","max-snippet":"max-snippet:-1","max-image-preview":"max-image-preview:large","max-video-preview":"max-video-preview:-1"},"canonical":"https:\/\/gruene-eichstaett.de\/hepberg\/2020\/08\/07\/ein-grosser-erfolg-fuer-das-klima\/","og_locale":"de_DE","og_type":"article","og_title":"Ein gro\u00dfer Erfolg f\u00fcr das Klima! - B\u00dcNDNIS 90\/DIE GR\u00dcNEN","og_description":"Mit dem europ\u00e4ischen Klimagesetz beschlie\u00dft das Europaparlament ein EU-Ziel zur Reduzierung der Treibhausgasemissionen bis 2030 von -60% gegen\u00fcber 1990. In einer \u00fcberraschenden Abstimmung stimmten gestern Abend 352 Abgeordnete f\u00fcr dieses [&hellip;]","og_url":"https:\/\/gruene-eichstaett.de\/hepberg\/2020\/08\/07\/ein-grosser-erfolg-fuer-das-klima\/","og_site_name":"B\u00dcNDNIS 90\/DIE GR\u00dcNEN","article_published_time":"2020-08-07T14:22:24+00:00","article_modified_time":"2021-12-21T18:53:40+00:00","author":"christiantischler","twitter_card":"summary_large_image","twitter_misc":{"Verfasst von":"christiantischler","Gesch\u00e4tzte Lesezeit":"1\u00a0Minute"},"schema":{"@context":"https:\/\/schema.org","@graph":[{"@type":"Article","@id":"https:\/\/gruene-eichstaett.de\/hepberg\/2020\/08\/07\/ein-grosser-erfolg-fuer-das-klima\/#article","isPartOf":{"@id":"https:\/\/gruene-eichstaett.de\/hepberg\/2020\/08\/07\/ein-grosser-erfolg-fuer-das-klima\/"},"author":{"name":"christiantischler","@id":"https:\/\/gruene-eichstaett.de\/hepberg\/#\/schema\/person\/d1148469982cf959b3da92e4ebcdbc9a"},"headline":"Ein gro\u00dfer Erfolg f\u00fcr das Klima!","datePublished":"2020-08-07T14:22:24+00:00","dateModified":"2021-12-21T18:53:40+00:00","mainEntityOfPage":{"@id":"https:\/\/gruene-eichstaett.de\/hepberg\/2020\/08\/07\/ein-grosser-erfolg-fuer-das-klima\/"},"wordCount":131,"commentCount":0,"publisher":{"@id":"https:\/\/gruene-eichstaett.de\/hepberg\/#organization"},"inLanguage":"de","potentialAction":[{"@type":"CommentAction","name":"Comment","target":["https:\/\/gruene-eichstaett.de\/hepberg\/2020\/08\/07\/ein-grosser-erfolg-fuer-das-klima\/#respond"]}]},{"@type":"WebPage","@id":"https:\/\/gruene-eichstaett.de\/hepberg\/2020\/08\/07\/ein-grosser-erfolg-fuer-das-klima\/","url":"https:\/\/gruene-eichstaett.de\/hepberg\/2020\/08\/07\/ein-grosser-erfolg-fuer-das-klima\/","name":"Ein gro\u00dfer Erfolg f\u00fcr das Klima! - B\u00dcNDNIS 90\/DIE GR\u00dcNEN","isPartOf":{"@id":"https:\/\/gruene-eichstaett.de\/hepberg\/#website"},"datePublished":"2020-08-07T14:22:24+00:00","dateModified":"2021-12-21T18:53:40+00:00","breadcrumb":{"@id":"https:\/\/gruene-eichstaett.de\/hepberg\/2020\/08\/07\/ein-grosser-erfolg-fuer-das-klima\/#breadcrumb"},"inLanguage":"de","potentialAction":[{"@type":"ReadAction","target":["https:\/\/gruene-eichstaett.de\/hepberg\/2020\/08\/07\/ein-grosser-erfolg-fuer-das-klima\/"]}]},{"@type":"BreadcrumbList","@id":"https:\/\/gruene-eichstaett.de\/hepberg\/2020\/08\/07\/ein-grosser-erfolg-fuer-das-klima\/#breadcrumb","itemListElement":[{"@type":"ListItem","position":1,"name":"Startseite","item":"https:\/\/gruene-eichstaett.de\/hepberg\/"},{"@type":"ListItem","position":2,"name":"Ein gro\u00dfer Erfolg f\u00fcr das Klima!"}]},{"@type":"WebSite","@id":"https:\/\/gruene-eichstaett.de\/hepberg\/#website","url":"https:\/\/gruene-eichstaett.de\/hepberg\/","name":"B\u00dcNDNIS 90\/DIE GR\u00dcNEN","description":"in der Gemeinde Hepberg","publisher":{"@id":"https:\/\/gruene-eichstaett.de\/hepberg\/#organization"},"potentialAction":[{"@type":"SearchAction","target":{"@type":"EntryPoint","urlTemplate":"https:\/\/gruene-eichstaett.de\/hepberg\/?s={search_term_string}"},"query-input":{"@type":"PropertyValueSpecification","valueRequired":true,"valueName":"search_term_string"}}],"inLanguage":"de"},{"@type":"Organization","@id":"https:\/\/gruene-eichstaett.de\/hepberg\/#organization","name":"B\u00dcNDNIS 90\/DIE GR\u00dcNEN","url":"https:\/\/gruene-eichstaett.de\/hepberg\/","logo":{"@type":"ImageObject","inLanguage":"de","@id":"https:\/\/gruene-eichstaett.de\/hepberg\/#\/schema\/logo\/image\/","url":"https:\/\/gruene-eichstaett.de\/hepberg\/wp-content\/uploads\/sites\/5\/2021\/12\/Profilbild-Sonenblume.png","contentUrl":"https:\/\/gruene-eichstaett.de\/hepberg\/wp-content\/uploads\/sites\/5\/2021\/12\/Profilbild-Sonenblume.png","width":500,"height":500,"caption":"B\u00dcNDNIS 90\/DIE GR\u00dcNEN"},"image":{"@id":"https:\/\/gruene-eichstaett.de\/hepberg\/#\/schema\/logo\/image\/"}},{"@type":"Person","@id":"https:\/\/gruene-eichstaett.de\/hepberg\/#\/schema\/person\/d1148469982cf959b3da92e4ebcdbc9a","name":"christiantischler","url":"https:\/\/gruene-eichstaett.de\/hepberg\/author\/christiantischler\/"}]}},"_links":{"self":[{"href":"https:\/\/gruene-eichstaett.de\/hepberg\/wp-json\/wp\/v2\/posts\/33","targetHints":{"allow":["GET"]}}],"collection":[{"href":"https:\/\/gruene-eichstaett.de\/hepberg\/wp-json\/wp\/v2\/posts"}],"about":[{"href":"https:\/\/gruene-eichstaett.de\/hepberg\/wp-json\/wp\/v2\/types\/post"}],"author":[{"embeddable":true,"href":"https:\/\/gruene-eichstaett.de\/hepberg\/wp-json\/wp\/v2\/users\/4"}],"replies":[{"embeddable":true,"href":"https:\/\/gruene-eichstaett.de\/hepberg\/wp-json\/wp\/v2\/comments?post=33"}],"version-history":[{"count":1,"href":"https:\/\/gruene-eichstaett.de\/hepberg\/wp-json\/wp\/v2\/posts\/33\/revisions"}],"predecessor-version":[{"id":34,"href":"https:\/\/gruene-eichstaett.de\/hepberg\/wp-json\/wp\/v2\/posts\/33\/revisions\/34"}],"wp:attachment":[{"href":"https:\/\/gruene-eichstaett.de\/hepberg\/wp-json\/wp\/v2\/media?parent=33"}],"wp:term":[{"taxonomy":"category","embeddable":true,"href":"https:\/\/gruene-eichstaett.de\/hepberg\/wp-json\/wp\/v2\/categories?post=33"},{"taxonomy":"post_tag","embeddable":true,"href":"https:\/\/gruene-eichstaett.de\/hepberg\/wp-json\/wp\/v2\/tags?post=33"}],"curies":[{"name":"wp","href":"https:\/\/api.w.org\/{rel}","templated":true}]}}