{"id":46,"date":"2020-03-15T20:52:55","date_gmt":"2020-03-15T19:52:55","guid":{"rendered":"https:\/\/gruene-eichstaett.de\/koesching\/?p=46"},"modified":"2021-12-21T20:53:51","modified_gmt":"2021-12-21T19:53:51","slug":"danke-an-euch-alle","status":"publish","type":"post","link":"https:\/\/gruene-eichstaett.de\/koesching\/2020\/03\/15\/danke-an-euch-alle\/","title":{"rendered":"Danke an Euch alle"},"content":{"rendered":"\n<p><meta charset=\"utf-8\">Wir haben eine erfolgreiche Kommunalwahl hinter uns. Aus dem Stand heraus zwei Mandate im K\u00f6schinger Marktrat zu erringen, ist f\u00fcr die\u00a0<strong>Gr\u00fcnen K\u00f6sching<\/strong>\u00a0ein Riesen-Erfolg. Wir bedanken uns bei allen, die uns ihr Vertrauen geschenkt haben. Wir werden Politik f\u00fcr euch machen und unsere Ziele umsetzen. Wir werden eine zeitgem\u00e4\u00dfe und offene Gemeinderatsarbeit einfordern. Wir werden versuchen im Marktrat Mehrheiten zu suchen und zu \ufb01nden. Danke m\u00f6chten wir auch allen Unterst\u00fctzern sagen. Danke allen Wahlhelfer*innen \u2014 ihr leistet einen so wichtigen Dienst an unserer Demokratie. Danke an unser engagiertes Team, das bereit war auf die Liste zu gehen, ohne euch w\u00e4re der Einzug in den Marktrat, f\u00fcr den neugegr\u00fcndeten Ortsverband K\u00f6sching nicht gelungen. Und danke ganz besonders unseren unerm\u00fcdlichen Unterst\u00fctzer*innen aus Freundes- und Familienkreisen. # WEIL WIR HIER LEBEN#<\/p>\n","protected":false},"excerpt":{"rendered":"<p>Wir haben eine erfolgreiche Kommunalwahl hinter uns. Aus dem Stand heraus zwei Mandate im K\u00f6schinger Marktrat zu erringen, ist f\u00fcr die\u00a0Gr\u00fcnen K\u00f6sching\u00a0ein Riesen-Erfolg. Wir bedanken uns bei allen, die uns [&hellip;]<\/p>\n","protected":false},"author":-1,"featured_media":4,"comment_status":"open","ping_status":"open","sticky":false,"template":"","format":"standard","meta":{"footnotes":""},"categories":[1],"tags":[],"class_list":["post-46","post","type-post","status-publish","format-standard","has-post-thumbnail","hentry","category-allgemein"],"yoast_head":"<!-- This site is optimized with the Yoast SEO plugin v27.4 - https:\/\/yoast.com\/product\/yoast-seo-wordpress\/ -->\n<title>Danke an Euch alle - B\u00dcNDNIS 90\/DIE GR\u00dcNEN<\/title>\n<meta name=\"robots\" content=\"index, follow, max-snippet:-1, max-image-preview:large, max-video-preview:-1\" \/>\n<link rel=\"canonical\" href=\"https:\/\/gruene-eichstaett.de\/koesching\/2020\/03\/15\/danke-an-euch-alle\/\" \/>\n<meta property=\"og:locale\" content=\"de_DE\" \/>\n<meta property=\"og:type\" content=\"article\" \/>\n<meta property=\"og:title\" content=\"Danke an Euch alle - B\u00dcNDNIS 90\/DIE GR\u00dcNEN\" \/>\n<meta property=\"og:description\" content=\"Wir haben eine erfolgreiche Kommunalwahl hinter uns. Aus dem Stand heraus zwei Mandate im K\u00f6schinger Marktrat zu erringen, ist f\u00fcr die\u00a0Gr\u00fcnen K\u00f6sching\u00a0ein Riesen-Erfolg. Wir bedanken uns bei allen, die uns [&hellip;]\" \/>\n<meta property=\"og:url\" content=\"https:\/\/gruene-eichstaett.de\/koesching\/2020\/03\/15\/danke-an-euch-alle\/\" \/>\n<meta property=\"og:site_name\" content=\"B\u00dcNDNIS 90\/DIE GR\u00dcNEN\" \/>\n<meta property=\"article:published_time\" content=\"2020-03-15T19:52:55+00:00\" \/>\n<meta property=\"article:modified_time\" content=\"2021-12-21T19:53:51+00:00\" \/>\n<meta property=\"og:image\" content=\"https:\/\/gruene-eichstaett.de\/koesching\/wp-content\/uploads\/sites\/6\/2021\/09\/csm_DankeBild_19e148e05f.png\" \/>\n\t<meta property=\"og:image:width\" content=\"875\" \/>\n\t<meta property=\"og:image:height\" content=\"822\" \/>\n\t<meta property=\"og:image:type\" content=\"image\/png\" \/>\n<meta name=\"twitter:card\" content=\"summary_large_image\" \/>\n<meta name=\"twitter:label1\" content=\"Verfasst von\" \/>\n\t<meta name=\"twitter:data1\" content=\"\" \/>\n\t<meta name=\"twitter:label2\" content=\"Gesch\u00e4tzte Lesezeit\" \/>\n\t<meta name=\"twitter:data2\" content=\"1\u00a0Minute\" \/>\n<script type=\"application\/ld+json\" class=\"yoast-schema-graph\">{\"@context\":\"https:\\\/\\\/schema.org\",\"@graph\":[{\"@type\":\"Article\",\"@id\":\"https:\\\/\\\/gruene-eichstaett.de\\\/koesching\\\/2020\\\/03\\\/15\\\/danke-an-euch-alle\\\/#article\",\"isPartOf\":{\"@id\":\"https:\\\/\\\/gruene-eichstaett.de\\\/koesching\\\/2020\\\/03\\\/15\\\/danke-an-euch-alle\\\/\"},\"author\":{\"name\":\"\",\"@id\":\"\"},\"headline\":\"Danke an Euch alle\",\"datePublished\":\"2020-03-15T19:52:55+00:00\",\"dateModified\":\"2021-12-21T19:53:51+00:00\",\"mainEntityOfPage\":{\"@id\":\"https:\\\/\\\/gruene-eichstaett.de\\\/koesching\\\/2020\\\/03\\\/15\\\/danke-an-euch-alle\\\/\"},\"wordCount\":147,\"commentCount\":0,\"publisher\":{\"@id\":\"https:\\\/\\\/gruene-eichstaett.de\\\/koesching\\\/#organization\"},\"image\":{\"@id\":\"https:\\\/\\\/gruene-eichstaett.de\\\/koesching\\\/2020\\\/03\\\/15\\\/danke-an-euch-alle\\\/#primaryimage\"},\"thumbnailUrl\":\"https:\\\/\\\/gruene-eichstaett.de\\\/koesching\\\/wp-content\\\/uploads\\\/sites\\\/6\\\/2021\\\/09\\\/csm_DankeBild_19e148e05f.png\",\"inLanguage\":\"de\",\"potentialAction\":[{\"@type\":\"CommentAction\",\"name\":\"Comment\",\"target\":[\"https:\\\/\\\/gruene-eichstaett.de\\\/koesching\\\/2020\\\/03\\\/15\\\/danke-an-euch-alle\\\/#respond\"]}]},{\"@type\":\"WebPage\",\"@id\":\"https:\\\/\\\/gruene-eichstaett.de\\\/koesching\\\/2020\\\/03\\\/15\\\/danke-an-euch-alle\\\/\",\"url\":\"https:\\\/\\\/gruene-eichstaett.de\\\/koesching\\\/2020\\\/03\\\/15\\\/danke-an-euch-alle\\\/\",\"name\":\"Danke an Euch alle - B\u00dcNDNIS 90\\\/DIE GR\u00dcNEN\",\"isPartOf\":{\"@id\":\"https:\\\/\\\/gruene-eichstaett.de\\\/koesching\\\/#website\"},\"primaryImageOfPage\":{\"@id\":\"https:\\\/\\\/gruene-eichstaett.de\\\/koesching\\\/2020\\\/03\\\/15\\\/danke-an-euch-alle\\\/#primaryimage\"},\"image\":{\"@id\":\"https:\\\/\\\/gruene-eichstaett.de\\\/koesching\\\/2020\\\/03\\\/15\\\/danke-an-euch-alle\\\/#primaryimage\"},\"thumbnailUrl\":\"https:\\\/\\\/gruene-eichstaett.de\\\/koesching\\\/wp-content\\\/uploads\\\/sites\\\/6\\\/2021\\\/09\\\/csm_DankeBild_19e148e05f.png\",\"datePublished\":\"2020-03-15T19:52:55+00:00\",\"dateModified\":\"2021-12-21T19:53:51+00:00\",\"breadcrumb\":{\"@id\":\"https:\\\/\\\/gruene-eichstaett.de\\\/koesching\\\/2020\\\/03\\\/15\\\/danke-an-euch-alle\\\/#breadcrumb\"},\"inLanguage\":\"de\",\"potentialAction\":[{\"@type\":\"ReadAction\",\"target\":[\"https:\\\/\\\/gruene-eichstaett.de\\\/koesching\\\/2020\\\/03\\\/15\\\/danke-an-euch-alle\\\/\"]}]},{\"@type\":\"ImageObject\",\"inLanguage\":\"de\",\"@id\":\"https:\\\/\\\/gruene-eichstaett.de\\\/koesching\\\/2020\\\/03\\\/15\\\/danke-an-euch-alle\\\/#primaryimage\",\"url\":\"https:\\\/\\\/gruene-eichstaett.de\\\/koesching\\\/wp-content\\\/uploads\\\/sites\\\/6\\\/2021\\\/09\\\/csm_DankeBild_19e148e05f.png\",\"contentUrl\":\"https:\\\/\\\/gruene-eichstaett.de\\\/koesching\\\/wp-content\\\/uploads\\\/sites\\\/6\\\/2021\\\/09\\\/csm_DankeBild_19e148e05f.png\",\"width\":875,\"height\":822},{\"@type\":\"BreadcrumbList\",\"@id\":\"https:\\\/\\\/gruene-eichstaett.de\\\/koesching\\\/2020\\\/03\\\/15\\\/danke-an-euch-alle\\\/#breadcrumb\",\"itemListElement\":[{\"@type\":\"ListItem\",\"position\":1,\"name\":\"Startseite\",\"item\":\"https:\\\/\\\/gruene-eichstaett.de\\\/koesching\\\/\"},{\"@type\":\"ListItem\",\"position\":2,\"name\":\"Danke an Euch alle\"}]},{\"@type\":\"WebSite\",\"@id\":\"https:\\\/\\\/gruene-eichstaett.de\\\/koesching\\\/#website\",\"url\":\"https:\\\/\\\/gruene-eichstaett.de\\\/koesching\\\/\",\"name\":\"B\u00dcNDNIS 90\\\/DIE GR\u00dcNEN\",\"description\":\"in der Gemeinde K\u00f6sching\",\"publisher\":{\"@id\":\"https:\\\/\\\/gruene-eichstaett.de\\\/koesching\\\/#organization\"},\"potentialAction\":[{\"@type\":\"SearchAction\",\"target\":{\"@type\":\"EntryPoint\",\"urlTemplate\":\"https:\\\/\\\/gruene-eichstaett.de\\\/koesching\\\/?s={search_term_string}\"},\"query-input\":{\"@type\":\"PropertyValueSpecification\",\"valueRequired\":true,\"valueName\":\"search_term_string\"}}],\"inLanguage\":\"de\"},{\"@type\":\"Organization\",\"@id\":\"https:\\\/\\\/gruene-eichstaett.de\\\/koesching\\\/#organization\",\"name\":\"B\u00dcNDNIS 90\\\/DIE GR\u00dcNEN\",\"url\":\"https:\\\/\\\/gruene-eichstaett.de\\\/koesching\\\/\",\"logo\":{\"@type\":\"ImageObject\",\"inLanguage\":\"de\",\"@id\":\"https:\\\/\\\/gruene-eichstaett.de\\\/koesching\\\/#\\\/schema\\\/logo\\\/image\\\/\",\"url\":\"http:\\\/\\\/gruene-eichstaett.de\\\/koesching\\\/wp-content\\\/uploads\\\/sites\\\/6\\\/2021\\\/12\\\/Profilbild-Sonenblume.png\",\"contentUrl\":\"http:\\\/\\\/gruene-eichstaett.de\\\/koesching\\\/wp-content\\\/uploads\\\/sites\\\/6\\\/2021\\\/12\\\/Profilbild-Sonenblume.png\",\"width\":500,\"height\":500,\"caption\":\"B\u00dcNDNIS 90\\\/DIE GR\u00dcNEN\"},\"image\":{\"@id\":\"https:\\\/\\\/gruene-eichstaett.de\\\/koesching\\\/#\\\/schema\\\/logo\\\/image\\\/\"}},{\"@type\":\"Person\",\"@id\":\"\",\"url\":\"https:\\\/\\\/gruene-eichstaett.de\\\/koesching\\\/author\\\/\"}]}<\/script>\n<!-- \/ Yoast SEO plugin. -->","yoast_head_json":{"title":"Danke an Euch alle - B\u00dcNDNIS 90\/DIE GR\u00dcNEN","robots":{"index":"index","follow":"follow","max-snippet":"max-snippet:-1","max-image-preview":"max-image-preview:large","max-video-preview":"max-video-preview:-1"},"canonical":"https:\/\/gruene-eichstaett.de\/koesching\/2020\/03\/15\/danke-an-euch-alle\/","og_locale":"de_DE","og_type":"article","og_title":"Danke an Euch alle - B\u00dcNDNIS 90\/DIE GR\u00dcNEN","og_description":"Wir haben eine erfolgreiche Kommunalwahl hinter uns. Aus dem Stand heraus zwei Mandate im K\u00f6schinger Marktrat zu erringen, ist f\u00fcr die\u00a0Gr\u00fcnen K\u00f6sching\u00a0ein Riesen-Erfolg. Wir bedanken uns bei allen, die uns [&hellip;]","og_url":"https:\/\/gruene-eichstaett.de\/koesching\/2020\/03\/15\/danke-an-euch-alle\/","og_site_name":"B\u00dcNDNIS 90\/DIE GR\u00dcNEN","article_published_time":"2020-03-15T19:52:55+00:00","article_modified_time":"2021-12-21T19:53:51+00:00","og_image":[{"width":875,"height":822,"url":"https:\/\/gruene-eichstaett.de\/koesching\/wp-content\/uploads\/sites\/6\/2021\/09\/csm_DankeBild_19e148e05f.png","type":"image\/png"}],"twitter_card":"summary_large_image","twitter_misc":{"Verfasst von":"","Gesch\u00e4tzte Lesezeit":"1\u00a0Minute"},"schema":{"@context":"https:\/\/schema.org","@graph":[{"@type":"Article","@id":"https:\/\/gruene-eichstaett.de\/koesching\/2020\/03\/15\/danke-an-euch-alle\/#article","isPartOf":{"@id":"https:\/\/gruene-eichstaett.de\/koesching\/2020\/03\/15\/danke-an-euch-alle\/"},"author":{"name":"","@id":""},"headline":"Danke an Euch alle","datePublished":"2020-03-15T19:52:55+00:00","dateModified":"2021-12-21T19:53:51+00:00","mainEntityOfPage":{"@id":"https:\/\/gruene-eichstaett.de\/koesching\/2020\/03\/15\/danke-an-euch-alle\/"},"wordCount":147,"commentCount":0,"publisher":{"@id":"https:\/\/gruene-eichstaett.de\/koesching\/#organization"},"image":{"@id":"https:\/\/gruene-eichstaett.de\/koesching\/2020\/03\/15\/danke-an-euch-alle\/#primaryimage"},"thumbnailUrl":"https:\/\/gruene-eichstaett.de\/koesching\/wp-content\/uploads\/sites\/6\/2021\/09\/csm_DankeBild_19e148e05f.png","inLanguage":"de","potentialAction":[{"@type":"CommentAction","name":"Comment","target":["https:\/\/gruene-eichstaett.de\/koesching\/2020\/03\/15\/danke-an-euch-alle\/#respond"]}]},{"@type":"WebPage","@id":"https:\/\/gruene-eichstaett.de\/koesching\/2020\/03\/15\/danke-an-euch-alle\/","url":"https:\/\/gruene-eichstaett.de\/koesching\/2020\/03\/15\/danke-an-euch-alle\/","name":"Danke an Euch alle - B\u00dcNDNIS 90\/DIE GR\u00dcNEN","isPartOf":{"@id":"https:\/\/gruene-eichstaett.de\/koesching\/#website"},"primaryImageOfPage":{"@id":"https:\/\/gruene-eichstaett.de\/koesching\/2020\/03\/15\/danke-an-euch-alle\/#primaryimage"},"image":{"@id":"https:\/\/gruene-eichstaett.de\/koesching\/2020\/03\/15\/danke-an-euch-alle\/#primaryimage"},"thumbnailUrl":"https:\/\/gruene-eichstaett.de\/koesching\/wp-content\/uploads\/sites\/6\/2021\/09\/csm_DankeBild_19e148e05f.png","datePublished":"2020-03-15T19:52:55+00:00","dateModified":"2021-12-21T19:53:51+00:00","breadcrumb":{"@id":"https:\/\/gruene-eichstaett.de\/koesching\/2020\/03\/15\/danke-an-euch-alle\/#breadcrumb"},"inLanguage":"de","potentialAction":[{"@type":"ReadAction","target":["https:\/\/gruene-eichstaett.de\/koesching\/2020\/03\/15\/danke-an-euch-alle\/"]}]},{"@type":"ImageObject","inLanguage":"de","@id":"https:\/\/gruene-eichstaett.de\/koesching\/2020\/03\/15\/danke-an-euch-alle\/#primaryimage","url":"https:\/\/gruene-eichstaett.de\/koesching\/wp-content\/uploads\/sites\/6\/2021\/09\/csm_DankeBild_19e148e05f.png","contentUrl":"https:\/\/gruene-eichstaett.de\/koesching\/wp-content\/uploads\/sites\/6\/2021\/09\/csm_DankeBild_19e148e05f.png","width":875,"height":822},{"@type":"BreadcrumbList","@id":"https:\/\/gruene-eichstaett.de\/koesching\/2020\/03\/15\/danke-an-euch-alle\/#breadcrumb","itemListElement":[{"@type":"ListItem","position":1,"name":"Startseite","item":"https:\/\/gruene-eichstaett.de\/koesching\/"},{"@type":"ListItem","position":2,"name":"Danke an Euch alle"}]},{"@type":"WebSite","@id":"https:\/\/gruene-eichstaett.de\/koesching\/#website","url":"https:\/\/gruene-eichstaett.de\/koesching\/","name":"B\u00dcNDNIS 90\/DIE GR\u00dcNEN","description":"in der Gemeinde K\u00f6sching","publisher":{"@id":"https:\/\/gruene-eichstaett.de\/koesching\/#organization"},"potentialAction":[{"@type":"SearchAction","target":{"@type":"EntryPoint","urlTemplate":"https:\/\/gruene-eichstaett.de\/koesching\/?s={search_term_string}"},"query-input":{"@type":"PropertyValueSpecification","valueRequired":true,"valueName":"search_term_string"}}],"inLanguage":"de"},{"@type":"Organization","@id":"https:\/\/gruene-eichstaett.de\/koesching\/#organization","name":"B\u00dcNDNIS 90\/DIE GR\u00dcNEN","url":"https:\/\/gruene-eichstaett.de\/koesching\/","logo":{"@type":"ImageObject","inLanguage":"de","@id":"https:\/\/gruene-eichstaett.de\/koesching\/#\/schema\/logo\/image\/","url":"http:\/\/gruene-eichstaett.de\/koesching\/wp-content\/uploads\/sites\/6\/2021\/12\/Profilbild-Sonenblume.png","contentUrl":"http:\/\/gruene-eichstaett.de\/koesching\/wp-content\/uploads\/sites\/6\/2021\/12\/Profilbild-Sonenblume.png","width":500,"height":500,"caption":"B\u00dcNDNIS 90\/DIE GR\u00dcNEN"},"image":{"@id":"https:\/\/gruene-eichstaett.de\/koesching\/#\/schema\/logo\/image\/"}},{"@type":"Person","@id":"","url":"https:\/\/gruene-eichstaett.de\/koesching\/author\/"}]}},"_links":{"self":[{"href":"https:\/\/gruene-eichstaett.de\/koesching\/wp-json\/wp\/v2\/posts\/46","targetHints":{"allow":["GET"]}}],"collection":[{"href":"https:\/\/gruene-eichstaett.de\/koesching\/wp-json\/wp\/v2\/posts"}],"about":[{"href":"https:\/\/gruene-eichstaett.de\/koesching\/wp-json\/wp\/v2\/types\/post"}],"author":[{"embeddable":true,"href":"https:\/\/gruene-eichstaett.de\/koesching\/wp-json\/wp\/v2\/users\/2"}],"replies":[{"embeddable":true,"href":"https:\/\/gruene-eichstaett.de\/koesching\/wp-json\/wp\/v2\/comments?post=46"}],"version-history":[{"count":1,"href":"https:\/\/gruene-eichstaett.de\/koesching\/wp-json\/wp\/v2\/posts\/46\/revisions"}],"predecessor-version":[{"id":47,"href":"https:\/\/gruene-eichstaett.de\/koesching\/wp-json\/wp\/v2\/posts\/46\/revisions\/47"}],"wp:featuredmedia":[{"embeddable":true,"href":"https:\/\/gruene-eichstaett.de\/koesching\/wp-json\/wp\/v2\/media\/4"}],"wp:attachment":[{"href":"https:\/\/gruene-eichstaett.de\/koesching\/wp-json\/wp\/v2\/media?parent=46"}],"wp:term":[{"taxonomy":"category","embeddable":true,"href":"https:\/\/gruene-eichstaett.de\/koesching\/wp-json\/wp\/v2\/categories?post=46"},{"taxonomy":"post_tag","embeddable":true,"href":"https:\/\/gruene-eichstaett.de\/koesching\/wp-json\/wp\/v2\/tags?post=46"}],"curies":[{"name":"wp","href":"https:\/\/api.w.org\/{rel}","templated":true}]}}